{"id":497302,"date":"2025-10-29T08:44:23","date_gmt":"2025-10-29T08:44:23","guid":{"rendered":"https:\/\/www.europesays.com\/fr\/497302\/"},"modified":"2025-10-29T08:44:23","modified_gmt":"2025-10-29T08:44:23","slug":"ils-ouvrent-un-deuxieme-bistrot-dans-la-meme-rue-du-centre-ville-a-rennes","status":"publish","type":"post","link":"https:\/\/www.europesays.com\/fr\/497302\/","title":{"rendered":"Ils ouvrent un deuxi\u00e8me bistrot dans la m\u00eame rue du centre-ville \u00e0 Rennes"},"content":{"rendered":"<p>\u00a0Notre premier restaurant Goguette, un bistrot et bar \u00e0 vins, \u00e9tait r\u00e9guli\u00e8rement complet. Alors pour ne pas d\u00e9cevoir nos clients, nous avons saut\u00e9 sur l\u2019occasion quand le patron du restaurant Chez Michel, situ\u00e9 \u00e0 deux pas, a ferm\u00e9\u00a0, indiquent Marie Burel et Victorien Darcel.<\/p>\n<p>La devise de l\u2019\u00e9tablissement o\u00f9 tout est fait maison, est\u00a0: \u00a0Les plats sont pr\u00e9par\u00e9s avec amour et servis avec le c\u0153ur.\u00a0 L\u2019id\u00e9e, c\u2019est de proposer une cuisine sans chichis, g\u00e9n\u00e9reuse et inventive dans l\u2019assiette. \u00a0Pour cela, nous travaillons avec des producteurs locaux et la carte change r\u00e9guli\u00e8rement pour coller aux saisons.\u00a0 La formule du midi repose sur deux entr\u00e9es, deux plats et deux desserts (un plat 14,90\u00a0\u20ac, deux plats 17,90\u00a0\u20ac, trois plats 20,50\u00a0\u20ac).<\/p>\n<blockquote class=\"instagram-media\" data-instgrm-captioned=\"\" data-instgrm-permalink=\"https:\/\/www.instagram.com\/reel\/DOB0fjHDOoE\/?utm_source=ig_embed&amp;utm_campaign=loading\" data-instgrm-version=\"14\" style=\" background:#FFF; border:0; border-radius:3px; box-shadow:0 0 1px 0 rgba(0,0,0,0.5),0 1px 10px 0 rgba(0,0,0,0.15); margin: 1px; max-width:540px; min-width:326px; padding:0; width:99.375%; width:-webkit-calc(100% - 2px); width:calc(100% - 2px);\" wp_automatic_readability=\"-0.18918918918919\"\/>\n<p><strong>Lire aussi : <\/strong> <a href=\"https:\/\/rennes.maville.com\/actu\/actudet_-ce-couple-ouvre-une-boulangerie-et-salon-de-the-dans-un-ancien-restaurant-a-l-ouest-de-rennes-_52674-7040411_actu.Htm\" rel=\"nofollow noopener\" target=\"_blank\">Ce couple ouvre une boulangerie et salon de th\u00e9 dans un ancien restaurant \u00e0 l\u2019ouest de Rennes<\/a><\/p>\n<p>Le soir, la carte fait la part belle aux entr\u00e9es de poulpe grill\u00e9, la terrine de cochon maison ou l\u2019assiette de cecina de b\u0153uf. Pour les plats, on testera la viande, le poisson, la volaille ou la recette v\u00e9g\u00e9, sans oublier les viandes \u00e0 partager comme la c\u00f4te de b\u0153uf. Les gourmands jetteront leur d\u00e9volu sur la tartelette Dulcey-passion. La cave n\u2019est pas en reste avec 90\u00a0r\u00e9f\u00e9rences \u00e0 partir de 24\u00a0\u20ac.<\/p>\n<p><strong>Mariette, <\/strong>ouvert du mardi au vendredi midi et du mardi au samedi soir. 37, rue Vasselot \u00e0 Rennes. T\u00e9l.\u00a002\u00a030\u00a096\u00a036\u00a076.<\/p>\n<p>\u00a0<\/p>\n<p>\t\t<script async src=\"\/\/www.instagram.com\/embed.js\"><\/script><\/p>\n","protected":false},"excerpt":{"rendered":"\u00a0Notre premier restaurant Goguette, un bistrot et bar \u00e0 vins, \u00e9tait r\u00e9guli\u00e8rement complet. Alors pour ne pas d\u00e9cevoir&hellip;\n","protected":false},"author":2,"featured_media":497303,"comment_status":"","ping_status":"","sticky":false,"template":"","format":"standard","meta":{"footnotes":""},"categories":[2821],"tags":[1111,11,19808,829,11898,1777,674,1011,27,3133,12,4931,584,25,3640],"class_list":{"0":"post-497302","1":"post","2":"type-post","3":"status-publish","4":"format-standard","5":"has-post-thumbnail","7":"category-rennes","8":"tag-actu","9":"tag-actualites","10":"tag-bistrot","11":"tag-bretagne","12":"tag-centre-ville","13":"tag-eu","14":"tag-europe","15":"tag-fr","16":"tag-france","17":"tag-meme","18":"tag-news","19":"tag-ouvrent","20":"tag-rennes","21":"tag-republique-francaise","22":"tag-rue"},"share_on_mastodon":{"url":"https:\/\/pubeurope.com\/@fr\/115456577710020523","error":""},"_links":{"self":[{"href":"https:\/\/www.europesays.com\/fr\/wp-json\/wp\/v2\/posts\/497302","targetHints":{"allow":["GET"]}}],"collection":[{"href":"https:\/\/www.europesays.com\/fr\/wp-json\/wp\/v2\/posts"}],"about":[{"href":"https:\/\/www.europesays.com\/fr\/wp-json\/wp\/v2\/types\/post"}],"author":[{"embeddable":true,"href":"https:\/\/www.europesays.com\/fr\/wp-json\/wp\/v2\/users\/2"}],"replies":[{"embeddable":true,"href":"https:\/\/www.europesays.com\/fr\/wp-json\/wp\/v2\/comments?post=497302"}],"version-history":[{"count":0,"href":"https:\/\/www.europesays.com\/fr\/wp-json\/wp\/v2\/posts\/497302\/revisions"}],"wp:featuredmedia":[{"embeddable":true,"href":"https:\/\/www.europesays.com\/fr\/wp-json\/wp\/v2\/media\/497303"}],"wp:attachment":[{"href":"https:\/\/www.europesays.com\/fr\/wp-json\/wp\/v2\/media?parent=497302"}],"wp:term":[{"taxonomy":"category","embeddable":true,"href":"https:\/\/www.europesays.com\/fr\/wp-json\/wp\/v2\/categories?post=497302"},{"taxonomy":"post_tag","embeddable":true,"href":"https:\/\/www.europesays.com\/fr\/wp-json\/wp\/v2\/tags?post=497302"}],"curies":[{"name":"wp","href":"https:\/\/api.w.org\/{rel}","templated":true}]}}