{"id":497304,"date":"2025-10-29T08:45:11","date_gmt":"2025-10-29T08:45:11","guid":{"rendered":"https:\/\/www.europesays.com\/fr\/497304\/"},"modified":"2025-10-29T08:45:11","modified_gmt":"2025-10-29T08:45:11","slug":"une-passerelle-de-50-m-installee-au-dessus-de-la-4-voies-au-sud-de-rennes-la-circulation","status":"publish","type":"post","link":"https:\/\/www.europesays.com\/fr\/497304\/","title":{"rendered":"Une passerelle de 50\u00a0m install\u00e9e au-dessus de la 4\u00a0voies au sud de Rennes\u00a0: la circulation"},"content":{"rendered":"<p>Du 29 au 31\u00a0octobre 2025, une passerelle longue de 50\u00a0m\u00e8tres sera install\u00e9e au-dessus de la quatre voies <a href=\"https:\/\/rennes.maville.com\/info\/info-locale\/\" target=\"_self\" rel=\"nofollow noopener\">Rennes<\/a>&#8211;<a href=\"https:\/\/redon.maville.com\/info\/info-locale\/\" target=\"_self\" rel=\"nofollow noopener\">Redon<\/a> pour relier le campus de Ker Lann \u00e0 la zone commerciale qui se trouve de l\u2019autre c\u00f4t\u00e9 de la route. Ce chantier, qui devrait mettre un point final aux travaux du r\u00e9seau express v\u00e9lo Rennes-Bruz, va perturber le trafic routier durant plusieurs jours.<\/p>\n<p><strong>Lire aussi\u00a0:<\/strong> <a href=\"https:\/\/rennes.maville.com\/actu\/actudet_-avec-cette-passerelle-au-dessus-de-la-4-voies-la-voie-cyclable-entre-rennes-et-bruz-bientot-achevee-_7-6992120_actu.Htm\" target=\"_self\" rel=\"nofollow noopener\">Avec cette passerelle au-dessus de la 4\u00a0voies, la voie cyclable entre Rennes et Bruz bient\u00f4t achev\u00e9e<\/a><\/p>\n<\/p>\n<p>La circulation coup\u00e9e la nuit de 20\u00a0h \u00e0 6\u00a0h<\/p>\n<p>Les travaux vont se d\u00e9rouler du 29\u00a0octobre au 31\u00a0octobre 2025 de nuit, de 20\u00a0h \u00e0 6\u00a0h. Un tron\u00e7on de la route d\u00e9partementale 177\u00a0va \u00eatre barr\u00e9 \u00e0 la circulation dans les deux sens de circulation pour la pose de la passerelle, par grutage.<\/p>\n<p><strong>\u00ab\u00a0Elle se situe au niveau de la P\u00e9pini\u00e8res Merel Horticulture\u00a0\u00bb<\/strong>, \u00e0 Bruz, pr\u00e9cisent les services du d\u00e9partement d\u2019Ille-et-Vilaine, qui indiquent qu\u2019une d\u00e9viation va \u00eatre mise en place depuis Guichen par l\u2019axe Guichen-Crevin, la quatre voies Rennes-Nantes, et la Route d\u00e9partementale 34 au niveau de Chartres de Bretagne.<\/p>\n<p>\u00a0<\/p>\n","protected":false},"excerpt":{"rendered":"Du 29 au 31\u00a0octobre 2025, une passerelle longue de 50\u00a0m\u00e8tres sera install\u00e9e au-dessus de la quatre voies Rennes&#8211;Redon&hellip;\n","protected":false},"author":2,"featured_media":497305,"comment_status":"","ping_status":"","sticky":false,"template":"","format":"standard","meta":{"footnotes":""},"categories":[2821],"tags":[15540,9285,1111,11,29779,829,3542,36078,1777,674,1011,27,61967,12,26301,3086,584,25,7053,32839],"class_list":{"0":"post-497304","1":"post","2":"type-post","3":"status-publish","4":"format-standard","5":"has-post-thumbnail","7":"category-rennes","8":"tag-15540","9":"tag-9285","10":"tag-actu","11":"tag-actualites","12":"tag-au-dessus","13":"tag-bretagne","14":"tag-circulation","15":"tag-coupee","16":"tag-eu","17":"tag-europe","18":"tag-fr","19":"tag-france","20":"tag-installee","21":"tag-news","22":"tag-passerelle","23":"tag-redon","24":"tag-rennes","25":"tag-republique-francaise","26":"tag-sud","27":"tag-voies"},"share_on_mastodon":{"url":"https:\/\/pubeurope.com\/@fr\/115456581691529131","error":""},"_links":{"self":[{"href":"https:\/\/www.europesays.com\/fr\/wp-json\/wp\/v2\/posts\/497304","targetHints":{"allow":["GET"]}}],"collection":[{"href":"https:\/\/www.europesays.com\/fr\/wp-json\/wp\/v2\/posts"}],"about":[{"href":"https:\/\/www.europesays.com\/fr\/wp-json\/wp\/v2\/types\/post"}],"author":[{"embeddable":true,"href":"https:\/\/www.europesays.com\/fr\/wp-json\/wp\/v2\/users\/2"}],"replies":[{"embeddable":true,"href":"https:\/\/www.europesays.com\/fr\/wp-json\/wp\/v2\/comments?post=497304"}],"version-history":[{"count":0,"href":"https:\/\/www.europesays.com\/fr\/wp-json\/wp\/v2\/posts\/497304\/revisions"}],"wp:featuredmedia":[{"embeddable":true,"href":"https:\/\/www.europesays.com\/fr\/wp-json\/wp\/v2\/media\/497305"}],"wp:attachment":[{"href":"https:\/\/www.europesays.com\/fr\/wp-json\/wp\/v2\/media?parent=497304"}],"wp:term":[{"taxonomy":"category","embeddable":true,"href":"https:\/\/www.europesays.com\/fr\/wp-json\/wp\/v2\/categories?post=497304"},{"taxonomy":"post_tag","embeddable":true,"href":"https:\/\/www.europesays.com\/fr\/wp-json\/wp\/v2\/tags?post=497304"}],"curies":[{"name":"wp","href":"https:\/\/api.w.org\/{rel}","templated":true}]}}