{"id":497306,"date":"2025-10-29T08:46:15","date_gmt":"2025-10-29T08:46:15","guid":{"rendered":"https:\/\/www.europesays.com\/fr\/497306\/"},"modified":"2025-10-29T08:46:15","modified_gmt":"2025-10-29T08:46:15","slug":"le-reseau-de-bus-profondement-reorganise-avec-larrivee-du-tram-ouest-voici-les-changements","status":"publish","type":"post","link":"https:\/\/www.europesays.com\/fr\/497306\/","title":{"rendered":"le r\u00e9seau de bus profond\u00e9ment r\u00e9organis\u00e9 avec l\u2019arriv\u00e9e du tram ouest, voici les changements"},"content":{"rendered":"<p>            Par<br \/>\n        <strong><br \/>\n            <a href=\"https:\/\/actu.fr\/auteur\/thomas-blanc\" title=\"Consulter tous les articles de Thomas Blanc\" target=\"_blank\" rel=\"noopener\">Thomas Blanc<\/a><br \/>\n        <\/strong><\/p>\n<p>        Publi\u00e9 le<\/p>\n<p>            29 oct. 2025 \u00e0 9h22        <\/p>\n<p>Apr\u00e8s <strong>deux ann\u00e9es de travaux<\/strong>, <a href=\"https:\/\/actu.fr\/grand-est\/strasbourg_67482\/strasbourg-une-fete-organisee-samedi-pour-marquer-l-arrivee-prochaine-du-tram-a-l-ouest_62864770.html\" target=\"_blank\" rel=\"noopener\">la ligne de tramway F<\/a> va s\u2019\u00e9tendre vers Eckbolsheim et Wolfisheim en traversant les quartiers ouest de <a href=\"https:\/\/actu.fr\/strasbourg\/\" target=\"_blank\" rel=\"noopener\">Strasbourg<\/a> d\u00e8s le 15\u00a0novembre prochain. Quatre kilom\u00e8tres de circuit suppl\u00e9mentaires et <strong>huit nouvelles stations<\/strong> lanceront \u00ab\u2009une transformation profonde en termes de transports\u2009\u00bb de Koenigshoffen selon la maire de Strasbourg, Jeanne Barseghian. Le r\u00e9seau de bus est \u00e9galement<strong> repens\u00e9 en profondeur<\/strong>.<\/p>\n<p>Un tramway F prolong\u00e9 \u00e0 Strasbourg avec une particularit\u00e9<\/p>\n<p class=\" wall-content\">La sp\u00e9cificit\u00e9 de cette extension du tramway vers l\u2019ouest, c\u2019est que le tram roulera sur des \u00ab\u2009sites banalis\u00e9s\u2009\u00bb. C\u2019est-\u00e0-dire <strong>au milieu des voitures<\/strong>. 30\u2009% des rails seront sous cette forme et <strong>non pas \u00ab\u2009en site propre\u2009\u00bb<\/strong> comme c\u2019est le cas dans tout le reste de Strasbourg.<\/p>\n<p class=\" wall-content\">\u00ab\u2009Il faudra que <strong>les automobilistes s\u2019habituent<\/strong> \u00e0 ce nouvel agencement de l\u2019espace public mais c\u2019est tr\u00e8s commun notamment en Allemagne et en Suisse\u2009\u00bb, rassure Xavier Descamps, directeur marketing et innovation \u00e0 la <a href=\"https:\/\/actu.fr\/tag\/compagnie-des-transports-strasbourgeois-cts\" target=\"_blank\" rel=\"noopener\">Compagnie des Transports Strasbourgeois (CTS).<\/a><\/p>\n<p>Des lignes de bus supprim\u00e9es<\/p>\n<p class=\" wall-content\">D\u00e8s la mise en service de ce nouveau tramway, des lignes de bus, qui passaient jusqu\u2019alors sur ce trajet, <strong>seront supprim\u00e9es<\/strong> \u00ab\u2009pour \u00e9viter les doublons\u2009\u00bb, r\u00e9sume M. Descamps.<\/p>\n<p class=\" wall-content\">La <strong>ligne 4<\/strong>, qui circulait de la station Comtes \u00e0 Wolfisheim dispara\u00eetra de l\u2019offre de transport de la CTS au profit du tram tout comme les <strong>lignes 4a et 41<\/strong>. \u00c0 Cronenbourg, c\u2019est la <strong>ligne 19<\/strong> qui ne trouvera plus son utilit\u00e9 et qui sera supprim\u00e9e.<\/p>\n<p>Deux nouvelles lignes Chron\u2019op<\/p>\n<p class=\" wall-content\">La<strong> ligne 70<\/strong> est quant \u00e0 elle prolong\u00e9e vers le sud tandis que les <strong>lignes 50, 29 et 13<\/strong> \u00e9volueront en deux lignes \u00ab\u2009Chron\u2019op\u2009\u00bb, ces bus \u00e0 haut niveau de service d\u00e9ploy\u00e9s \u00e0 Strasbourg.<\/p>\n<p>Votre r\u00e9gion, votre actu !<\/p>\n<p>Recevez chaque jour les infos qui comptent pour vous.<\/p>\n<p>\t<a href=\"https:\/\/actu.fr\/newsletter\" class=\"ac-btn ac-btn--corner ac-btn--medium ac-btn--blue800\" target=\"_blank\" rel=\"noopener\">S&rsquo;incrire<\/a><\/p>\n<p class=\" wall-content\">La ligne Chron\u2019op <strong>C4<\/strong> qui ira <strong>du campus de Schiltigheim au Fort Uhrich\u00a0<\/strong>\u00e0 Illikirch par l\u2019ouest de la capitale alsacienne et la<strong> ligne C5 qui reliera le sud de Koenighsoffen au Marais, \u00e0 Schiltigheim,<\/strong> entreront en service en m\u00eame temps que la prolongation du tramway F. Ces lignes \u00ab\u2009assureront des <strong>correspondances fluides avec le tram et le r\u00e9seau express m\u00e9tropolitain europ\u00e9en<\/strong> (Reme)\u2009\u00bb, annonce Pia Imbs, pr\u00e9sidente de l\u2019Eurom\u00e9tropole de Strasbourg.<\/p>\n<p class=\" wall-content\">Elles auront la m\u00eame amplitude horaire que le tram, de 5h30 \u00e0 00h30, un cadencement de 8\u00a0minutes entre chaque passage en heure de pointe et toutes les 12\u00a0minutes autrement.<\/p>\n<p>    <img   decoding=\"async\" loading=\"lazy\" src=\"https:\/\/www.europesays.com\/fr\/wp-content\/uploads\/2025\/10\/parcours-c4-et-c5-strasbourg-960x640.jpg\" alt=\"Les parcours des nouveaux Chron'op C4 et C5.\" width=\"960\" height=\"640\"\/><br \/>\n    Les parcours des nouveaux Chron\u2019op C4 et C5. (\u00a9CTS)Un nouvel habillage pour les lignes Chron\u2019op<\/p>\n<p class=\" wall-content\">Comme toutes les lignes Chron\u2019op, <a href=\"https:\/\/actu.fr\/grand-est\/strasbourg_67482\/strasbourg-voici-a-quoi-vont-ressembler-les-deux-nouvelles-lignes-de-bus-de-la-cts_62943444.html\" target=\"_blank\" rel=\"noopener\">elles auront leur habillage sp\u00e9cial<\/a> \u00ab\u2009pour que ces bus aient <strong>une identit\u00e9 et soient reconnaissables<\/strong> comme l\u2019est un tram\u2009\u00bb, pr\u00e9cise Alain Jund, vice-pr\u00e9sident de l\u2019Eurom\u00e9tropole en charge des mobilit\u00e9s.<\/p>\n<p><a class=\"jo-module-caroussel__img-container\" href=\"https:\/\/static.actu.fr\/uploads\/2025\/10\/bus-chronop-c4-strasbourg.jpg\" title=\"Agrandir la photo Les livr\u00e9es des bus Chron\u2019op C4 et C5 de Strasbourg ont \u00e9t\u00e9 r\u00e9alis\u00e9es par Samuel Bas et Camille Fischer. (\u00a9 Thomas Blanc \/ Actu Strasbourg)\" data-idx=\"1\" target=\"_blank\" rel=\"noopener\"><br \/>\n    <img decoding=\"async\" class=\"jo-module-caroussel__img\" loading=\"lazy\" src=\"https:\/\/www.europesays.com\/fr\/wp-content\/uploads\/2025\/10\/bus-chronop-c4-strasbourg-640x427.jpg\" alt=\"Les livr\u00e9es des bus Chron\u2019op C4 et C5 de Strasbourg ont \u00e9t\u00e9 r\u00e9alis\u00e9es par Samuel Bas et Camille Fischer. (\u00a9 Thomas Blanc \/ Actu Strasbourg)\" width=\"640\" height=\"427\"\/><\/a><a class=\"jo-module-caroussel__img-container\" href=\"https:\/\/static.actu.fr\/uploads\/2025\/10\/bus-c5-strasbourg.jpg\" title=\"Agrandir la photo Les livr\u00e9es des bus Chron\u2019op C4 et C5 de Strasbourg ont \u00e9t\u00e9 r\u00e9alis\u00e9es par Samuel Bas et Camille Fischer. (\u00a9 Thomas Blanc \/ Actu Strasbourg)\" data-idx=\"2\" target=\"_blank\" rel=\"noopener\"><br \/>\n    <img decoding=\"async\" class=\"jo-module-caroussel__img\" loading=\"lazy\" src=\"https:\/\/www.europesays.com\/fr\/wp-content\/uploads\/2025\/10\/bus-c5-strasbourg-640x427.jpg\" alt=\"Les livr\u00e9es des bus Chron\u2019op C4 et C5 de Strasbourg ont \u00e9t\u00e9 r\u00e9alis\u00e9es par Samuel Bas et Camille Fischer. (\u00a9 Thomas Blanc \/ Actu Strasbourg)\" width=\"640\" height=\"427\"\/><\/a><\/p>\n<p class=\" wall-content\">Pour aider les usagers \u00e0 faire face \u00e0 tous ces changements, les \u00e9quipes de la CTS seront pr\u00e9sentes en nombre les premiers jours apr\u00e8s l\u2019ouverture aux arr\u00eats et stations impact\u00e9s par la restructuration.<\/p>\n<p class=\" wall-content\">Personnalisez votre actualit\u00e9 en ajoutant vos villes et m\u00e9dias en favori avec <a href=\"https:\/\/moncompte.actu.fr\" title=\"D\u00e9couvez Mon Actu\" rel=\"nofollow noopener\" data-trk=\"{&quot;cta&quot;:{&quot;action&quot;:&quot;https:\\\/\\\/moncompte.actu.fr&quot;,&quot;category&quot;:&quot;mon compte&quot;,&quot;from&quot;:&quot;article footer&quot;,&quot;name&quot;:&quot;Mon actu&quot;,&quot;type&quot;:&quot;cta&quot;}}\" target=\"_blank\">Mon Actu<\/a>.<\/p>\n","protected":false},"excerpt":{"rendered":"Par Thomas Blanc Publi\u00e9 le 29 oct. 2025 \u00e0 9h22 Apr\u00e8s deux ann\u00e9es de travaux, la ligne de&hellip;\n","protected":false},"author":2,"featured_media":497307,"comment_status":"","ping_status":"","sticky":false,"template":"","format":"standard","meta":{"footnotes":""},"categories":[2820],"tags":[1111,11,7344,1777,674,1011,27,775,12,25,104,640,16227,2803],"class_list":{"0":"post-497306","1":"post","2":"type-post","3":"status-publish","4":"format-standard","5":"has-post-thumbnail","7":"category-strasbourg","8":"tag-actu","9":"tag-actualites","10":"tag-compagnie-des-transports-strasbourgeois-cts","11":"tag-eu","12":"tag-europe","13":"tag-fr","14":"tag-france","15":"tag-grand-est","16":"tag-news","17":"tag-republique-francaise","18":"tag-societe","19":"tag-strasbourg","20":"tag-tram-ouest-strasbourg","21":"tag-transport"},"share_on_mastodon":{"url":"https:\/\/pubeurope.com\/@fr\/115456586385333511","error":""},"_links":{"self":[{"href":"https:\/\/www.europesays.com\/fr\/wp-json\/wp\/v2\/posts\/497306","targetHints":{"allow":["GET"]}}],"collection":[{"href":"https:\/\/www.europesays.com\/fr\/wp-json\/wp\/v2\/posts"}],"about":[{"href":"https:\/\/www.europesays.com\/fr\/wp-json\/wp\/v2\/types\/post"}],"author":[{"embeddable":true,"href":"https:\/\/www.europesays.com\/fr\/wp-json\/wp\/v2\/users\/2"}],"replies":[{"embeddable":true,"href":"https:\/\/www.europesays.com\/fr\/wp-json\/wp\/v2\/comments?post=497306"}],"version-history":[{"count":0,"href":"https:\/\/www.europesays.com\/fr\/wp-json\/wp\/v2\/posts\/497306\/revisions"}],"wp:featuredmedia":[{"embeddable":true,"href":"https:\/\/www.europesays.com\/fr\/wp-json\/wp\/v2\/media\/497307"}],"wp:attachment":[{"href":"https:\/\/www.europesays.com\/fr\/wp-json\/wp\/v2\/media?parent=497306"}],"wp:term":[{"taxonomy":"category","embeddable":true,"href":"https:\/\/www.europesays.com\/fr\/wp-json\/wp\/v2\/categories?post=497306"},{"taxonomy":"post_tag","embeddable":true,"href":"https:\/\/www.europesays.com\/fr\/wp-json\/wp\/v2\/tags?post=497306"}],"curies":[{"name":"wp","href":"https:\/\/api.w.org\/{rel}","templated":true}]}}