{"id":497308,"date":"2025-10-29T08:47:18","date_gmt":"2025-10-29T08:47:18","guid":{"rendered":"https:\/\/www.europesays.com\/fr\/497308\/"},"modified":"2025-10-29T08:47:18","modified_gmt":"2025-10-29T08:47:18","slug":"paris-fc-ol-fructifier-strasbourg-avec-quelques-retouches","status":"publish","type":"post","link":"https:\/\/www.europesays.com\/fr\/497308\/","title":{"rendered":"Paris FC &#8211; OL : fructifier Strasbourg avec quelques retouches"},"content":{"rendered":"<p>                            <img width=\"770\" height=\"433\" src=\"https:\/\/www.europesays.com\/fr\/wp-content\/uploads\/2025\/10\/AFP__20251026__823R3HT__v1__HighRes__FblFraLigue1LyonStrasbourg-770x433.jpg\" class=\"attachment-article size-article wp-post-image\" alt=\"Afonso Moreira lors d'OL - Strasbourg\" decoding=\"async\" fetchpriority=\"high\"  \/><\/p>\n<p>Afonso Moreira lors d\u2019OL \u2013 Strasbourg  (Photo by OLIVIER CHASSIGNOLE \/ AFP)<\/p>\n<p>Trois jours apr\u00e8s la victoire contre Strasbourg, l\u2019OL veut encha\u00eener face au Paris FC. Avec toujours cette attention port\u00e9e \u00e0 la rotation avec la perspective de Brest, dimanche soir.<\/p>\n<p>Quarante-huit heures de diff\u00e9rence, cela fait \u00e9norme dans le monde du football. Pourtant, c\u2019est bien la diff\u00e9rence de temps de r\u00e9cup\u00e9ration qu\u2019il y aura ce mercredi au moment du coup d\u2019envoi de\u00a0<strong>Paris FC &#8211; OL<\/strong>\u00a0\u00e0 21h05. Ayant jou\u00e9 vendredi soir \u00e0 la maison, la formation parisienne va aborder cette rencontre de la 10e journ\u00e9e avec des batteries bien plus charg\u00e9es que celles de son adversaire. Cependant, au niveau de la dynamique, c\u2019est bien l\u2019OL qui a d\u00e9barqu\u00e9 mardi soir dans la capitale avec le plus d\u2019ondes positives.<\/p>\n<p>La\u00a0<a href=\"https:\/\/www.olympique-et-lyonnais.com\/ol-malick-fofana-eloigne-des-terrains-plusieurs-mois,383484.html\" target=\"_blank\" rel=\"noopener\">blessure<\/a>\u00a0de Malick\u00a0<strong>Fofana<\/strong>\u00a0a certes plomb\u00e9 un peu l\u2019\u00e9tat d\u2019esprit victorieux d\u2019apr\u00e8s Strasbourg, mais en renouant avec les trois points et la mani\u00e8re, les joueurs de Paulo\u00a0<strong>Fonseca<\/strong>\u00a0ont repris leur marche en avant. Le\u00a0<strong>Paris FC<\/strong>\u00a0a d\u00fb de son c\u00f4t\u00e9 s\u2019incliner \u00e0 la maison face au\u00a0<strong>FC Nantes<\/strong>\u00a0(1-2). Il y aura donc un esprit revanchard chez les hommes de St\u00e9phane\u00a0<strong>Gilli<\/strong>\u00a0et Fonseca ne veut surtout pas prendre ce match \u00e0 la l\u00e9g\u00e8re.<\/p>\n<p>Premi\u00e8re titularisation pour De Carvalho ?<\/p>\n<p>Il y a certes la fatigue des uns et des autres \u00e0 prendre en compte, ainsi que le d\u00e9placement \u00e0\u00a0<strong>Brest<\/strong>\u00a0d\u00e8s dimanche, toutefois, la visite chez le promu doit permettre de valider le regain de forme. Le Portugais ne va donc pas tout bouleverser, m\u00eame s\u2019il va logiquement apporter quelques retouches. Une obligatoire avec la blessure de Fofana et un\u00a0<a href=\"https:\/\/www.olympique-et-lyonnais.com\/majorque-ol-moreira-remplace-fofana-dans-le-onze,373396.html\" target=\"_blank\" rel=\"noopener\">rempla\u00e7ant d\u00e9j\u00e0 d\u00e9sign\u00e9<\/a>, Afonso <strong>Moreira<\/strong>. D\u2019autres pour faire souffler et certainement penser \u00e0 Brest d\u00e9j\u00e0.<\/p>\n<p>D&rsquo;apr\u00e8s L&rsquo;\u00c9quipe, Tanner\u00a0<strong>Tessmann<\/strong>\u00a0et Nicolas\u00a0<strong>Tagliafico<\/strong>\u00a0vont d\u00e9buter sur le banc, permettant ainsi \u00e0\u00a0<strong>Abner<\/strong>\u00a0de d\u00e9buter \u00e0 gauche et \u00e0 Mathys\u00a0<strong>De Carvalho<\/strong>\u00a0de connaitre une premi\u00e8re titularisation en Ligue 1. Dans ce petit jeu de rotations, Fonseca esp\u00e8re surtout voir son \u00e9quipe s\u00e9curiser rapidement une victoire, afin de faire souffler d\u2019autres en cours de match.<\/p>\n<p><strong>La composition probable de l\u2019OL :\u00a0<\/strong>Greif &#8211; Maitland-Niles, Mata, Niakhat\u00e9, Abner &#8211; Morton, De Carvalho &#8211; Karabec, Tolisso, Moreira &#8211; Sulc<\/p>\n","protected":false},"excerpt":{"rendered":"Afonso Moreira lors d\u2019OL \u2013 Strasbourg (Photo by OLIVIER CHASSIGNOLE \/ AFP) Trois jours apr\u00e8s la victoire contre&hellip;\n","protected":false},"author":2,"featured_media":497309,"comment_status":"","ping_status":"","sticky":false,"template":"","format":"standard","meta":{"footnotes":""},"categories":[2820],"tags":[1111,11,1777,674,1011,27,775,66,12,241,978,25,640],"class_list":{"0":"post-497308","1":"post","2":"type-post","3":"status-publish","4":"format-standard","5":"has-post-thumbnail","7":"category-strasbourg","8":"tag-actu","9":"tag-actualites","10":"tag-eu","11":"tag-europe","12":"tag-fr","13":"tag-france","14":"tag-grand-est","15":"tag-ligue-1","16":"tag-news","17":"tag-ol","18":"tag-olympique-lyonnais","19":"tag-republique-francaise","20":"tag-strasbourg"},"share_on_mastodon":{"url":"https:\/\/pubeurope.com\/@fr\/115456589588423101","error":""},"_links":{"self":[{"href":"https:\/\/www.europesays.com\/fr\/wp-json\/wp\/v2\/posts\/497308","targetHints":{"allow":["GET"]}}],"collection":[{"href":"https:\/\/www.europesays.com\/fr\/wp-json\/wp\/v2\/posts"}],"about":[{"href":"https:\/\/www.europesays.com\/fr\/wp-json\/wp\/v2\/types\/post"}],"author":[{"embeddable":true,"href":"https:\/\/www.europesays.com\/fr\/wp-json\/wp\/v2\/users\/2"}],"replies":[{"embeddable":true,"href":"https:\/\/www.europesays.com\/fr\/wp-json\/wp\/v2\/comments?post=497308"}],"version-history":[{"count":0,"href":"https:\/\/www.europesays.com\/fr\/wp-json\/wp\/v2\/posts\/497308\/revisions"}],"wp:featuredmedia":[{"embeddable":true,"href":"https:\/\/www.europesays.com\/fr\/wp-json\/wp\/v2\/media\/497309"}],"wp:attachment":[{"href":"https:\/\/www.europesays.com\/fr\/wp-json\/wp\/v2\/media?parent=497308"}],"wp:term":[{"taxonomy":"category","embeddable":true,"href":"https:\/\/www.europesays.com\/fr\/wp-json\/wp\/v2\/categories?post=497308"},{"taxonomy":"post_tag","embeddable":true,"href":"https:\/\/www.europesays.com\/fr\/wp-json\/wp\/v2\/tags?post=497308"}],"curies":[{"name":"wp","href":"https:\/\/api.w.org\/{rel}","templated":true}]}}