{"id":497319,"date":"2025-10-29T08:53:11","date_gmt":"2025-10-29T08:53:11","guid":{"rendered":"https:\/\/www.europesays.com\/fr\/497319\/"},"modified":"2025-10-29T08:53:11","modified_gmt":"2025-10-29T08:53:11","slug":"un-cabinet-daffaires-a-taille-humaine-ancre-a-bordeaux-et-tourne-vers-linternational","status":"publish","type":"post","link":"https:\/\/www.europesays.com\/fr\/497319\/","title":{"rendered":"un cabinet d\u2019affaires \u00e0 taille humaine, ancr\u00e9 \u00e0 Bordeaux et tourn\u00e9 vers l\u2019international"},"content":{"rendered":"<p>\n    Depuis plus de quarante ans, le cabinet NPM Avocats s\u2019impose comme un acteur incontournable du droit des affaires et de la fiscalit\u00e9 \u00e0 Bordeaux et dans tout le grand quart Sud-Ouest. Fond\u00e9 en 1982 par Ma\u00eetre Pierre Natalis, ancien inspecteur des imp\u00f4ts devenu avocat, ce cabinet familial et proche de ses clients continue de se d\u00e9velopper sous la direction de Julien Pramil-Marroncle, associ\u00e9 depuis 2013 et aujourd\u2019hui \u00e0 la t\u00eate de l\u2019\u00e9quipe.<\/p>\n<p>Une histoire de transmission et de passion pour le droit<\/p>\n<p class=\"fig-paragraph\"><a href=\"https:\/\/www.npm-avocats.fr\/fr\/membres.html\" target=\"_blank\" rel=\"sponsored noopener\" data-gtm-custom-categorie=\"navigation\" data-gtm-custom-action=\"crossclick\" data-gtm-custom-label=\"Contextuel\" data-gtm-event=\"customEventSPE\">Le cabinet NPM Avocats<\/a>\u00a0a vu le jour en 1982, au c\u0153ur de Bordeaux, gr\u00e2ce \u00e0 Pierre Natalis, un professionnel au parcours atypique, pass\u00e9 de l\u2019inspection fiscale \u00e0 la profession d\u2019avocat. En 2012, Julien Pramil-Marroncle a rencontr\u00e9 Ma\u00eetre Natalis lors d\u2019une comp\u00e9tition de golf du barreau, un \u00e9v\u00e9nement qui allait sceller leur collaboration et amener Julien \u00e0 s\u2019associer au cabinet en 2013. Progressivement, il a repris la direction, perp\u00e9tuant l\u2019esprit d\u2019excellence et de proximit\u00e9 instaur\u00e9 depuis plus de quatre d\u00e9cennies.<\/p>\n<p class=\"fig-paragraph\">Aujourd\u2019hui, l\u2019\u00e9quipe compte six collaborateurs \u00e0 temps plein, r\u00e9partis entre le droit des soci\u00e9t\u00e9s, la fiscalit\u00e9 et le contentieux. \u00ab Nous sommes un cabinet \u00e0 taille humaine, avec une ambiance de travail familiale, tr\u00e8s proche de nos clients\u00a0\u00bb, explique Julien. Cette structure permet une relation personnalis\u00e9e, garante d\u2019un accompagnement sur mesure.<\/p>\n<p>Un positionnement unique\u00a0: la double sp\u00e9cialisation au c\u0153ur du droit des affaires<\/p>\n<p class=\"fig-paragraph\">Ce qui distingue le cabinet NPM Avocats de nombreux confr\u00e8res \u00e0 Bordeaux, c\u2019est sa double sp\u00e9cialisation en droit des affaires et fiscalit\u00e9. \u00ab Il n\u2019y a pas beaucoup de cabinets qui combinent ces deux expertises, notamment \u00e0 Bordeaux\u00a0\u00bb, souligne Julien. Cette double comp\u00e9tence leur permet de couvrir l\u2019essentiel des domaines du droit des affaires, \u00e0 l\u2019exception notable du droit social et de la propri\u00e9t\u00e9 intellectuelle.<\/p>\n<p class=\"fig-paragraph\">L\u2019\u00e9quipe est organis\u00e9e par sp\u00e9cialit\u00e9\u00a0: droit des soci\u00e9t\u00e9s, fiscalit\u00e9, contentieux. Chacun g\u00e8re ses dossiers de mani\u00e8re ind\u00e9pendante mais collabore \u00e9troitement pour assurer une r\u00e9ponse compl\u00e8te et coh\u00e9rente aux probl\u00e9matiques des clients.<\/p>\n<p>Une client\u00e8le diversifi\u00e9e sur le grand quart Sud-Ouest<\/p>\n<p class=\"fig-paragraph\">Le cabinet accompagne une client\u00e8le vari\u00e9e\u00a0: des particuliers, des chefs d\u2019entreprise, des PME, mais aussi des groupes de plus grande taille. \u00ab Nous ne nous limitons pas \u00e0 un secteur sp\u00e9cifique\u00a0\u00bb, pr\u00e9cise ma\u00eetre PRAMIL-MARRONCLE.<\/p>\n<p class=\"fig-paragraph\">Cette approche g\u00e9n\u00e9raliste leur permet de s\u2019adapter \u00e0 tous les profils et \u00e0 toutes les activit\u00e9s \u00e9conomiques, avec une implantation centr\u00e9e \u00e0 Bordeaux mais une capacit\u00e9 \u00e0 se d\u00e9placer dans tout le grand Sud-Ouest pour rencontrer les clients.<\/p>\n<p class=\"fig-paragraph\">Une sp\u00e9cificit\u00e9 importante r\u00e9side dans l\u2019accompagnement en fiscalit\u00e9 internationale. Le cabinet conseille des particuliers et entreprises ayant des int\u00e9r\u00eats en France et \u00e0 l\u2019\u00e9tranger. Cela comprend notamment des projets d\u2019expatriation, des rapatriements d\u2019avoirs, ainsi que la gestion fiscale d\u2019investissements internationaux. \u00ab Beaucoup de clients souhaitent s\u2019expatrier pour b\u00e9n\u00e9ficier d\u2019une fiscalit\u00e9 plus douce ou souhaitent optimiser leur imposition li\u00e9e \u00e0 des op\u00e9rations \u00e0 l\u2019\u00e9tranger\u00a0\u00bb, d\u00e9taille Julien.<\/p>\n<p>Une offre compl\u00e8te\u00a0: services, formations et conseils personnalis\u00e9s<\/p>\n<p class=\"fig-paragraph\"><a href=\"https:\/\/www.npm-avocats.fr\/fr\/membres.html\" target=\"_blank\" rel=\"sponsored noopener\" data-gtm-custom-categorie=\"navigation\" data-gtm-custom-action=\"crossclick\" data-gtm-custom-label=\"Contextuel\" data-gtm-event=\"customEventSPE\">Le cabinet propose une gamme compl\u00e8te de services juridiques et fiscaux<\/a>, adapt\u00e9s aux besoins sp\u00e9cifiques de chaque client. Au-del\u00e0 des prestations classiques, il dispense r\u00e9guli\u00e8rement des formations et conf\u00e9rences, souvent en collaboration avec des partenaires comme Acom Corporate Finance, pour \u00e9clairer les enjeux fiscaux li\u00e9s aux acquisitions ou cessions d\u2019entreprise.<\/p>\n<p class=\"fig-paragraph\">La philosophie du cabinet repose sur une approche sur mesure et un contact humain fort. Julien insiste\u00a0: \u00ab Nous ne faisons pas comme certaines plateformes en ligne qui vendent du volume sans contact r\u00e9el avec le client. Nous prenons le temps d\u2019\u00e9changer, de bien comprendre la situation, d\u2019analyser tous les documents pour fournir un conseil r\u00e9ellement adapt\u00e9.\u00a0\u00bb<\/p>\n<p class=\"fig-paragraph\">Cette proximit\u00e9 se manifeste aussi dans la transparence sur les modalit\u00e9s tarifaires, avec une facturation claire et flexible\u00a0: taux horaire, forfaits ou honoraires de r\u00e9sultat selon les dossiers, toujours encadr\u00e9s par une convention d\u2019honoraires. \u00ab Aujourd\u2019hui, il est devenu incontournable d\u2019avoir une convention pour que tout soit clair, autant pour le client que pour le cabinet\u00a0\u00bb, note Julien.<\/p>\n<p>Un cabinet tourn\u00e9 vers l\u2019avenir et la collaboration interprofessionnelle<\/p>\n<p class=\"fig-paragraph\">Face \u00e0 un environnement juridique et fiscal en constante \u00e9volution, le cabinet NPM Avocats mise sur le d\u00e9veloppement et l\u2019innovation. La taille du cabinet a presque doubl\u00e9 en quelques ann\u00e9es, et l\u2019objectif est de poursuivre cette croissance tout en maintenant la qualit\u00e9 du service.<\/p>\n<p class=\"fig-paragraph\">Un axe strat\u00e9gique majeur est la collaboration interprofessionnelle. \u00ab Nous souhaitons travailler de plus en plus en synergie avec les experts-comptables, les conseillers en gestion de patrimoine, les notaires\u2026 Chacun apporte son expertise dans une approche collective pour mieux servir les clients\u00a0\u00bb, explique Julien. Cette ouverture vers un travail en r\u00e9seau doit permettre au cabinet d\u2019accompagner plus efficacement les projets complexes et d\u2019\u00e9largir son champ d\u2019intervention.<\/p>\n<p>Un cabinet expert, accessible et humain<\/p>\n<p class=\"fig-paragraph\">Le cabinet NPM Avocats incarne une tradition d\u2019excellence juridique et fiscale, enrichie par une approche humaine et personnalis\u00e9e. Sa double sp\u00e9cialisation, sa diversit\u00e9 de clients, son implantation r\u00e9gionale et son orientation vers la coop\u00e9ration interprofessionnelle en font un partenaire privil\u00e9gi\u00e9 pour les entreprises et particuliers du grand Sud-Ouest.<\/p>\n<p class=\"fig-paragraph\">En choisissant ce cabinet, les clients b\u00e9n\u00e9ficient d\u2019un accompagnement expert, d\u2019une \u00e9coute attentive, et d\u2019un conseil sur mesure, qui s\u2019adapte aux r\u00e9alit\u00e9s complexes et changeantes du monde des affaires.<\/p>\n<p>    Logo NPM Avocats<br \/>\n                NPM Avocats<\/p>\n","protected":false},"excerpt":{"rendered":"Depuis plus de quarante ans, le cabinet NPM Avocats s\u2019impose comme un acteur incontournable du droit des affaires&hellip;\n","protected":false},"author":2,"featured_media":497320,"comment_status":"","ping_status":"","sticky":false,"template":"","format":"standard","meta":{"footnotes":""},"categories":[2817],"tags":[631,1111,630,11,4416,4417,1117,1997,340,398,343,130,634,405,636,33,341,313,1777,674,632,638,1011,27,1116,342,637,399,12,2219,25],"class_list":{"0":"post-497319","1":"post","2":"type-post","3":"status-publish","4":"format-standard","5":"has-post-thumbnail","7":"category-bordeaux","8":"tag-action","9":"tag-actu","10":"tag-actualite-bourse","11":"tag-actualites","12":"tag-analyse-graphique","13":"tag-analyse-technique","14":"tag-assurance","15":"tag-bordeaux","16":"tag-bourse","17":"tag-bourse-de-paris","18":"tag-cac-40","19":"tag-consommation","20":"tag-cotation","21":"tag-cotations","22":"tag-devises","23":"tag-economie","24":"tag-emploi","25":"tag-entreprises","26":"tag-eu","27":"tag-europe","28":"tag-fcp","29":"tag-figaro","30":"tag-fr","31":"tag-france","32":"tag-immobilier","33":"tag-impots","34":"tag-indices","35":"tag-investissement","36":"tag-news","37":"tag-nouvelle-aquitaine","38":"tag-republique-francaise"},"share_on_mastodon":{"url":"https:\/\/pubeurope.com\/@fr\/115456613170850806","error":""},"_links":{"self":[{"href":"https:\/\/www.europesays.com\/fr\/wp-json\/wp\/v2\/posts\/497319","targetHints":{"allow":["GET"]}}],"collection":[{"href":"https:\/\/www.europesays.com\/fr\/wp-json\/wp\/v2\/posts"}],"about":[{"href":"https:\/\/www.europesays.com\/fr\/wp-json\/wp\/v2\/types\/post"}],"author":[{"embeddable":true,"href":"https:\/\/www.europesays.com\/fr\/wp-json\/wp\/v2\/users\/2"}],"replies":[{"embeddable":true,"href":"https:\/\/www.europesays.com\/fr\/wp-json\/wp\/v2\/comments?post=497319"}],"version-history":[{"count":0,"href":"https:\/\/www.europesays.com\/fr\/wp-json\/wp\/v2\/posts\/497319\/revisions"}],"wp:featuredmedia":[{"embeddable":true,"href":"https:\/\/www.europesays.com\/fr\/wp-json\/wp\/v2\/media\/497320"}],"wp:attachment":[{"href":"https:\/\/www.europesays.com\/fr\/wp-json\/wp\/v2\/media?parent=497319"}],"wp:term":[{"taxonomy":"category","embeddable":true,"href":"https:\/\/www.europesays.com\/fr\/wp-json\/wp\/v2\/categories?post=497319"},{"taxonomy":"post_tag","embeddable":true,"href":"https:\/\/www.europesays.com\/fr\/wp-json\/wp\/v2\/tags?post=497319"}],"curies":[{"name":"wp","href":"https:\/\/api.w.org\/{rel}","templated":true}]}}