{"id":49732,"date":"2025-04-24T17:49:11","date_gmt":"2025-04-24T17:49:11","guid":{"rendered":"https:\/\/www.europesays.com\/fr\/49732\/"},"modified":"2025-04-24T17:49:11","modified_gmt":"2025-04-24T17:49:11","slug":"contre-hyeres-toulon-le-poitiers-basket-veut-se-relancer-pour-avancer","status":"publish","type":"post","link":"https:\/\/www.europesays.com\/fr\/49732\/","title":{"rendered":"contre Hy\u00e8res-Toulon, le Poitiers Basket veut se relancer pour avancer"},"content":{"rendered":"<p><strong>Poitiers\u00a0&#8211; Hy\u00e8res-Toulon<\/strong><\/p>\n<p>\u00c0 quatre journ\u00e9es de la fin de la saison r\u00e9guli\u00e8re, les deux derni\u00e8res d\u00e9faites du PB 86 contre Pau et Blois pourraient avoir sonn\u00e9 le glas d\u2019une qualification directe en play-offs, ou barrages d\u2019accession comme il faut d\u00e9sormais les appeler. Mais Poitiers est toujours tr\u00e8s bien plac\u00e9 pour se hisser en play-in. Une victoire de plus serait m\u00eame peut-\u00eatre suffisante.<\/p>\n<p>Math\u00e9matiquement, rien n\u2019est cependant encore fait. Et Poitiers, bien que priv\u00e9 de Blair et Ojiako pour la venue de Hy\u00e8res-Toulon, ce vendredi, entend jouer toutes ses cartes au moment d\u2019aborder sa derni\u00e8re sortie en championnat \u00e0 Saint-Eloi. Apr\u00e8s deux revers, le PB veut se relancer. Mais rien ne sera simple face \u00e0 un adversaire lanc\u00e9, lui, dans la course au maintien.<\/p>\n<p><img alt=\"Les forces en pr\u00e9sence.\" loading=\"lazy\" width=\"980\" height=\"573\" decoding=\"async\" data-nimg=\"1\" class=\"img-responsive spinner-show\" style=\"color:transparent;background-size:cover;background-position:50% 50%;background-repeat:no-repeat;background-image:url(&quot;data:image\/svg+xml;charset=utf-8,%3Csvg xmlns=\" http:=\"\" viewbox=\"0 0 980 573\" id=\"b\" color-interpolation-filters=\"sRGB\" stddeviation=\"20\" values=\"1 0 0 0 0 0 1 0 0 0 0 0 1 0 0 0 0 0 100 -1\" result=\"s\" x=\"0\" y=\"0\" operator=\"out\" in=\"s\" in2=\"SourceGraphic\" preserveaspectratio=\"none\" href=\"https:\/\/images.lanouvellerepublique.fr\/image\/upload\/t_88w\/f_auto\/680a4de6e5b31abc198b4588.jpg\"   src=\"https:\/\/www.europesays.com\/fr\/wp-content\/uploads\/2025\/04\/680a4de6e5b31abc198b4588.jpg\"\/><\/p>\n<p style=\"background-color:#F2F2F2;padding:5px;margin-top:0px;margin-bottom:10px\">Les forces en pr\u00e9sence.<br \/> \u00a9 (infographie NR-CP)<\/p>\n<p>Artisan de la remont\u00e9e en Pro B la saison derni\u00e8re, Jean-Louis Borg a laiss\u00e9 la main en mars \u00e0 St\u00e9phane Dumas comme entra\u00eeneur du HTV. Mais ce n\u2019est pas le seul changement dans les rangs varois. \u00ab\u00a0Ce n\u2019est pas la m\u00eame \u00e9quipe que nous avons jou\u00e9e \u00e0 l\u2019aller (<a target=\"_self\" href=\"https:\/\/www.lanouvellerepublique.fr\/poitiers\/pro-b-du-combat-et-une-victoire-pour-le-poitiers-basket-a-hyeres-toulon\" rel=\"noopener\">victoire 79-87<\/a>). Ndiaye, Sackey ou Willett sont arriv\u00e9s. Eug\u00e8ne est revenu. Bordes a \u00e9t\u00e9 r\u00e9int\u00e9gr\u00e9 et Pouaveyoun, qui ne jouait pas, joue d\u00e9sormais\u00a0\u00bb, indique Andy Thornton-Jones. Et l\u2019entra\u00eeneur du PB de pr\u00e9venir. \u00ab\u00a0Cette formation pose beaucoup de probl\u00e8mes en \u00e9tant agressive des deux c\u00f4t\u00e9s du terrain.\u00a0\u00bb<\/p>\n<p>Si Hy\u00e8res-Toulon n\u2019est pas \u00e0 l\u2019aise \u00e0 l\u2019ext\u00e9rieur (4 victoires, 13 d\u00e9faites), ne compte que deux victoires sur ses dix derniers matchs avec la 19e\u00a0attaque de Pro B, les Azur\u00e9ens ont \u00e9t\u00e9 capables de battre Orl\u00e9ans et Blois, deux des t\u00e9nors de la division. M\u00e9fiance donc.<\/p>\n<p>\u00a0<\/p>\n","protected":false},"excerpt":{"rendered":"Poitiers\u00a0&#8211; Hy\u00e8res-Toulon \u00c0 quatre journ\u00e9es de la fin de la saison r\u00e9guli\u00e8re, les deux derni\u00e8res d\u00e9faites du PB&hellip;\n","protected":false},"author":2,"featured_media":49733,"comment_status":"","ping_status":"","sticky":false,"template":"","format":"standard","meta":{"footnotes":""},"categories":[9619],"tags":[1111,11,1465,1777,674,1011,27,12,1653,13224,2185,882,25,60,2310,1584],"class_list":{"0":"post-49732","1":"post","2":"type-post","3":"status-publish","4":"format-standard","5":"has-post-thumbnail","7":"category-toulon","8":"tag-actu","9":"tag-actualites","10":"tag-basket","11":"tag-eu","12":"tag-europe","13":"tag-fr","14":"tag-france","15":"tag-news","16":"tag-poitiers","17":"tag-poitiers-basket-86","18":"tag-pro-b","19":"tag-provence-alpes-cote-dazur","20":"tag-republique-francaise","21":"tag-sports","22":"tag-toulon","23":"tag-vienne"},"share_on_mastodon":{"url":"https:\/\/pubeurope.com\/@fr\/114394206348943563","error":""},"_links":{"self":[{"href":"https:\/\/www.europesays.com\/fr\/wp-json\/wp\/v2\/posts\/49732","targetHints":{"allow":["GET"]}}],"collection":[{"href":"https:\/\/www.europesays.com\/fr\/wp-json\/wp\/v2\/posts"}],"about":[{"href":"https:\/\/www.europesays.com\/fr\/wp-json\/wp\/v2\/types\/post"}],"author":[{"embeddable":true,"href":"https:\/\/www.europesays.com\/fr\/wp-json\/wp\/v2\/users\/2"}],"replies":[{"embeddable":true,"href":"https:\/\/www.europesays.com\/fr\/wp-json\/wp\/v2\/comments?post=49732"}],"version-history":[{"count":0,"href":"https:\/\/www.europesays.com\/fr\/wp-json\/wp\/v2\/posts\/49732\/revisions"}],"wp:featuredmedia":[{"embeddable":true,"href":"https:\/\/www.europesays.com\/fr\/wp-json\/wp\/v2\/media\/49733"}],"wp:attachment":[{"href":"https:\/\/www.europesays.com\/fr\/wp-json\/wp\/v2\/media?parent=49732"}],"wp:term":[{"taxonomy":"category","embeddable":true,"href":"https:\/\/www.europesays.com\/fr\/wp-json\/wp\/v2\/categories?post=49732"},{"taxonomy":"post_tag","embeddable":true,"href":"https:\/\/www.europesays.com\/fr\/wp-json\/wp\/v2\/tags?post=49732"}],"curies":[{"name":"wp","href":"https:\/\/api.w.org\/{rel}","templated":true}]}}