{"id":497336,"date":"2025-10-29T09:01:12","date_gmt":"2025-10-29T09:01:12","guid":{"rendered":"https:\/\/www.europesays.com\/fr\/497336\/"},"modified":"2025-10-29T09:01:12","modified_gmt":"2025-10-29T09:01:12","slug":"metropole-de-lyon-elan-vert-lindustrie-une-journee-pour-lemploi-des-cadres-dans-le-secteur-industriel","status":"publish","type":"post","link":"https:\/\/www.europesays.com\/fr\/497336\/","title":{"rendered":"M\u00e9tropole de Lyon. \u00ab\u00a0\u00c9lan Vert l\u2019Industrie!\u00a0\u00bb, une journ\u00e9e pour l\u2019emploi des cadres dans le secteur industriel"},"content":{"rendered":"<p>L\u2019Association pour l\u2019emploi des cadres (Apec) Auvergne-Rh\u00f4ne-Alpes organise la 2e \u00e9dition de \u00ab\u00a0\u00c9lan Vert l\u2019Industrie\u00a0!\u00a0\u00bb, mardi 4\u00a0novembre 2025 \u00e0 la Sucri\u00e8re (Lyon). Cet \u00e9v\u00e9nement met \u00e0 l\u2019honneur les opportunit\u00e9s d\u2019emploi cadre dans la premi\u00e8re r\u00e9gion industrielle de France et r\u00e9unit plus de 70 entreprises et 12 partenaires r\u00e9gionaux proposant plus de 500 postes \u00e0 pourvoir. Conf\u00e9rences, tables rondes et \u00e9changes rythmeront la journ\u00e9e autour d\u2019un th\u00e8me central\u00a0: la conciliation entre performance \u00e9conomique et transition \u00e9cologique.<\/p>\n<p>  Le secteur industriel \u00e9volue et se transforme.<\/p>\n<p>\u00ab\u00a0Dans un march\u00e9 de l\u2019emploi cadre sous tension mais toujours dynamique, l\u2019industrie en Auvergne-Rh\u00f4ne-Alpes s\u2019affirme comme un secteur d\u2019avenir, \u00e0 la fois moteur du d\u00e9veloppement \u00e9conomique et acteur cl\u00e9 de la transition \u00e9cologique\u00a0\u00bb, soulignent les organisateurs. Un \u00e9v\u00e9nement con\u00e7u pour connecter entreprises et talents et \u00ab\u00a0valoriser l\u2019industrie d\u2019aujourd\u2019hui qui recrute, innove et se transforme.\u00a0\u00bb<\/p>\n<p>Fleuron de la r\u00e9gion Auvergne-Rh\u00f4ne-Alpes, l\u2019industrie repr\u00e9sente \u00ab\u00a025\u00a0% de l\u2019emploi cadres et 21\u00a0% des recrutements de cadres devraient \u00eatre r\u00e9alis\u00e9s par les entreprises de l\u2019industrie en 2025\u00a0\u00bb. Cependant le secteur pr\u00e9sente \u00ab\u00a0de nouvelles perspectives\u00a0\u00bb tout en continuant \u00e0 rencontrer des \u00ab\u00a0difficult\u00e9s li\u00e9es \u00e0 l\u2019attractivit\u00e9 et \u00e0 certains m\u00e9tiers sous tension.\u00a0\u00bb<\/p>\n<p class=\"note\">\u00ab\u00a0Elan vert l\u2019industrie\u00a0!\u00a0\u00bb, mardi 4\u00a0novembre de 9\u00a0h \u00e0 17\u00a0h\u00a030 \u00e0 La Sucri\u00e8re, 49 quai Rambaud, 69002 Lyon.<\/p>\n","protected":false},"excerpt":{"rendered":"L\u2019Association pour l\u2019emploi des cadres (Apec) Auvergne-Rh\u00f4ne-Alpes organise la 2e \u00e9dition de \u00ab\u00a0\u00c9lan Vert l\u2019Industrie\u00a0!\u00a0\u00bb, mardi 4\u00a0novembre 2025&hellip;\n","protected":false},"author":2,"featured_media":497337,"comment_status":"","ping_status":"","sticky":false,"template":"","format":"standard","meta":{"footnotes":""},"categories":[1889],"tags":[1111,11,2430,33,2757,436,1777,674,1011,27,2428,2756,12,25,2429],"class_list":{"0":"post-497336","1":"post","2":"type-post","3":"status-publish","4":"format-standard","5":"has-post-thumbnail","7":"category-lyon","8":"tag-actu","9":"tag-actualites","10":"tag-auvergne-rhone-alpes","11":"tag-economie","12":"tag-edition-lyon-villeurbanne","13":"tag-environnement","14":"tag-eu","15":"tag-europe","16":"tag-fr","17":"tag-france","18":"tag-lyon","19":"tag-lyon-bassin","20":"tag-news","21":"tag-republique-francaise","22":"tag-rhone"},"share_on_mastodon":{"url":"https:\/\/pubeurope.com\/@fr\/115456644407546950","error":""},"_links":{"self":[{"href":"https:\/\/www.europesays.com\/fr\/wp-json\/wp\/v2\/posts\/497336","targetHints":{"allow":["GET"]}}],"collection":[{"href":"https:\/\/www.europesays.com\/fr\/wp-json\/wp\/v2\/posts"}],"about":[{"href":"https:\/\/www.europesays.com\/fr\/wp-json\/wp\/v2\/types\/post"}],"author":[{"embeddable":true,"href":"https:\/\/www.europesays.com\/fr\/wp-json\/wp\/v2\/users\/2"}],"replies":[{"embeddable":true,"href":"https:\/\/www.europesays.com\/fr\/wp-json\/wp\/v2\/comments?post=497336"}],"version-history":[{"count":0,"href":"https:\/\/www.europesays.com\/fr\/wp-json\/wp\/v2\/posts\/497336\/revisions"}],"wp:featuredmedia":[{"embeddable":true,"href":"https:\/\/www.europesays.com\/fr\/wp-json\/wp\/v2\/media\/497337"}],"wp:attachment":[{"href":"https:\/\/www.europesays.com\/fr\/wp-json\/wp\/v2\/media?parent=497336"}],"wp:term":[{"taxonomy":"category","embeddable":true,"href":"https:\/\/www.europesays.com\/fr\/wp-json\/wp\/v2\/categories?post=497336"},{"taxonomy":"post_tag","embeddable":true,"href":"https:\/\/www.europesays.com\/fr\/wp-json\/wp\/v2\/tags?post=497336"}],"curies":[{"name":"wp","href":"https:\/\/api.w.org\/{rel}","templated":true}]}}