{"id":49734,"date":"2025-04-24T17:50:09","date_gmt":"2025-04-24T17:50:09","guid":{"rendered":"https:\/\/www.europesays.com\/fr\/49734\/"},"modified":"2025-04-24T17:50:09","modified_gmt":"2025-04-24T17:50:09","slug":"dans-les-secrets-invisibles-de-la-biodiversite","status":"publish","type":"post","link":"https:\/\/www.europesays.com\/fr\/49734\/","title":{"rendered":"dans les secrets (in)visibles de la biodiversit\u00e9"},"content":{"rendered":"<p>            Par<br \/>\n        <strong><br \/>\n            <a href=\"https:\/\/actu.fr\/auteur\/metropoop\" title=\"Consulter tous les articles de R\u00e9daction M\u00e9tropolitain\" target=\"_blank\" rel=\"noopener\">R\u00e9daction M\u00e9tropolitain<\/a><br \/>\n        <\/strong><\/p>\n<p>        Publi\u00e9 le<\/p>\n<p>            24 avr. 2025 \u00e0 19h31        <\/p>\n<p>Le domaine d\u00e9partemental de <strong>Restincli\u00e8res<\/strong>, situ\u00e9 \u00e0 <strong>Prades-le-Lez<\/strong>, ne se contente pas d\u2019abriter un ch\u00e2teau et des paysages vari\u00e9s. Il devient, chaque ann\u00e9e, un th\u00e9\u00e2tre d\u2019activit\u00e9s autour de l\u2019\u00e9cologie, de la biodiversit\u00e9 et de la sensibilisation \u00e0 l\u2019environnement. <strong>Avec le retour des beaux jours<\/strong>, le lieu s\u2019\u00e9veille au rythme d\u2019une programmation riche, pens\u00e9e pour tous les \u00e2ges. Enfants, familles, curieux ou passionn\u00e9s de nature trouvent ici un terrain de jeu autant qu\u2019un espace d\u2019apprentissage.\u00a0<\/p>\n<p>    <a href=\"https:\/\/www.google.com\/maps\/embed?pb=!1m18!1m12!1m3!1d2883.735456220214!2d3.8566195764650515!3d43.71604647109921!2m3!1f0!2f0!3f0!3m2!1i1024!2i768!4f13.1!3m3!1m2!1s0x12b6a9d1e6c466b9%3A0xabdda5585800bc7c!2sRestincli%C3%A8res%20Department%20Domain!5e0!3m2!1sen!2sfr!4v1745435714055!5m2!1sen!2sfr\" title=\"Ouvrie le lien\" target=\"_blank\" rel=\"noopener\">Cliquez ici pour visualiser le contenu<\/a><\/p>\n<p class=\" wall-content\">Actuellement, le ch\u00e2teau accueille deux expositions. La premi\u00e8re, \u00ab\u00a0Merveilles de Restincli\u00e8res\u00a0\u00bb, c\u00e9l\u00e8bre les multiples visages du domaine. <strong>Nicolas Gal<\/strong>, artiste plasticien, et les agents de la Maison d\u00e9partementale de l\u2019Environnement (MDE) y rendent hommage aux prairies, garrigues, for\u00eats, haies, zones humides et cultures agroforesti\u00e8res. La seconde, \u00ab\u00a0Coup de projecteur sur la biodiversit\u00e9 (in)visible\u00a0\u00bb, fait d\u00e9couvrir des esp\u00e8ces souvent oubli\u00e9es. Certaines sont microscopiques, d\u2019autres simplement discr\u00e8tes. Trois modules guident les visiteurs : la biodiversit\u00e9 inventori\u00e9e, cach\u00e9e et ignor\u00e9e.<\/p>\n<p>Marcher, \u00e9couter, comprendre<\/p>\n<p class=\" wall-content\">Parmi les animations phares, \u00ab\u00a0Le Lez m\u2019a dit\u2026\u00a0\u00bb invite \u00e0 suivre la rivi\u00e8re qui traverse le parc. Le public y apprend \u00e0 observer, \u00e9couter et mieux comprendre les \u00e9cosyst\u00e8mes qui en d\u00e9pendent. Cette balade \u00e9ducative a lieu <strong>les 29 avril, 15, 20 et 27 mai<\/strong>. Dans le m\u00eame esprit, \u00ab\u00a0Les Mosa\u00efques de Restincli\u00e8res\u00a0\u00bb incitent \u00e0 sortir des murs du ch\u00e2teau. Ces rendez-vous des <strong>30 avril, 14 et 28 mai, et 11 juin<\/strong>, proposent une exploration des diff\u00e9rents milieux naturels du domaine. For\u00eats, ripisylves, garrigues et zones agricoles deviennent alors des terrains d\u2019aventure.\u00a0<\/p>\n<p class=\" wall-content\">Les \u00ab\u00a0mercredis de la biodiversit\u00e9\u00a0\u00bb plongent les enfants \u00e0 partir de 7 ans dans l\u2019univers des deux expositions. <strong>Les 21 mai, 4 et 18 juin<\/strong>, des visites comment\u00e9es l\u00e8vent le voile sur les secrets des esp\u00e8ces visibles et invisibles du domaine. Les plus curieux pourront aussi d\u00e9couvrir \u00ab\u00a0Le petit monde des insectes\u00a0\u00bb, <strong>les 7 mai et 4 juin<\/strong>. \u00c0 l\u2019aide de loupes et de filets, les enfants scrutent les habitants minuscules de la garrigue.<\/p>\n<p>Vid\u00e9os : en ce moment sur ActuHerbiers et images solaires<\/p>\n<p class=\" wall-content\"><strong>Le 30 avril<\/strong>, \u00ab\u00a0Atelier botaniste en herbe\u00a0\u00bb propose une immersion dans la flore locale. Apr\u00e8s une promenade guid\u00e9e, les enfants fabriquent leur propre herbier, \u00e0 la mani\u00e8re des naturalistes d\u2019autrefois. Les fonds historiques des Archives d\u00e9partementales enrichissent cette activit\u00e9 d\u2019un regard sur la botanique montpelli\u00e9raine. Autre temps fort, \u00ab\u00a0D\u00e9couverte du cyanotype\u00a0\u00bb, <strong>les 30 avril et 9 mai<\/strong>. Cette technique photographique ancienne, popularis\u00e9e au XIXe si\u00e8cle par Anna Atkins, transforme des plantes cueillies sur place en images bleues \u00e9clatantes.<\/p>\n<p class=\" wall-content\">Le domaine de Restincli\u00e8res c\u00e9l\u00e8bre aussi la cr\u00e9ation \u00e9ph\u00e9m\u00e8re. Avec les ateliers \u00ab\u00a0Land\u2019Art\u00a0\u00bb, <strong>les 2, 12 et 24 juin<\/strong>, petits et grands composent des \u0153uvres avec ce que la nature leur offre : feuilles, cailloux, branches, ombres. <strong>Le 25 avril<\/strong>, \u00ab\u00a0Kamishiba\u00ef\u00a0\u00bb propose un voyage au Japon. Ce th\u00e9\u00e2tre de papier, ancestral, raconte des histoires en images, \u00e0 mi-chemin entre contes et spectacle vivant.<\/p>\n<p><strong>&gt;<\/strong> Tous les ateliers sont gratuits, mais certains n\u00e9cessitent une r\u00e9servation pr\u00e9alable. Retrouvez la liste compl\u00e8te des animations et plus de d\u00e9tails sur : <a href=\"http:\/\/domainederestinclieres.herault.fr\" target=\"_blank\" rel=\"noopener\">http:\/\/domainederestinclieres.herault.fr<\/a><\/p>\n<p class=\" wall-content\">Suivez toute l\u2019actualit\u00e9 de vos villes et m\u00e9dias favoris en vous inscrivant \u00e0 <a href=\"https:\/\/moncompte.actu.fr\" title=\"D\u00e9couvez Mon Actu\" rel=\"nofollow noopener\" data-trk=\"{&quot;cta&quot;:{&quot;action&quot;:&quot;https:\\\/\\\/moncompte.actu.fr&quot;,&quot;category&quot;:&quot;mon compte&quot;,&quot;from&quot;:&quot;article footer&quot;,&quot;name&quot;:&quot;Mon actu&quot;,&quot;type&quot;:&quot;cta&quot;}}\" target=\"_blank\">Mon Actu<\/a>.<\/p>\n","protected":false},"excerpt":{"rendered":"Par R\u00e9daction M\u00e9tropolitain Publi\u00e9 le 24 avr. 2025 \u00e0 19h31 Le domaine d\u00e9partemental de Restincli\u00e8res, situ\u00e9 \u00e0 Prades-le-Lez,&hellip;\n","protected":false},"author":2,"featured_media":49735,"comment_status":"","ping_status":"","sticky":false,"template":"","format":"standard","meta":{"footnotes":""},"categories":[9599],"tags":[1111,11,14189,1719,1777,674,652,1011,27,1652,2208,12,2680,25],"class_list":{"0":"post-49734","1":"post","2":"type-post","3":"status-publish","4":"format-standard","5":"has-post-thumbnail","7":"category-montpellier","8":"tag-actu","9":"tag-actualites","10":"tag-biodiv","11":"tag-enfants","12":"tag-eu","13":"tag-europe","14":"tag-famille","15":"tag-fr","16":"tag-france","17":"tag-loisirs-culture","18":"tag-montpellier","19":"tag-news","20":"tag-occitanie","21":"tag-republique-francaise"},"share_on_mastodon":{"url":"https:\/\/pubeurope.com\/@fr\/114394210220899003","error":""},"_links":{"self":[{"href":"https:\/\/www.europesays.com\/fr\/wp-json\/wp\/v2\/posts\/49734","targetHints":{"allow":["GET"]}}],"collection":[{"href":"https:\/\/www.europesays.com\/fr\/wp-json\/wp\/v2\/posts"}],"about":[{"href":"https:\/\/www.europesays.com\/fr\/wp-json\/wp\/v2\/types\/post"}],"author":[{"embeddable":true,"href":"https:\/\/www.europesays.com\/fr\/wp-json\/wp\/v2\/users\/2"}],"replies":[{"embeddable":true,"href":"https:\/\/www.europesays.com\/fr\/wp-json\/wp\/v2\/comments?post=49734"}],"version-history":[{"count":0,"href":"https:\/\/www.europesays.com\/fr\/wp-json\/wp\/v2\/posts\/49734\/revisions"}],"wp:featuredmedia":[{"embeddable":true,"href":"https:\/\/www.europesays.com\/fr\/wp-json\/wp\/v2\/media\/49735"}],"wp:attachment":[{"href":"https:\/\/www.europesays.com\/fr\/wp-json\/wp\/v2\/media?parent=49734"}],"wp:term":[{"taxonomy":"category","embeddable":true,"href":"https:\/\/www.europesays.com\/fr\/wp-json\/wp\/v2\/categories?post=49734"},{"taxonomy":"post_tag","embeddable":true,"href":"https:\/\/www.europesays.com\/fr\/wp-json\/wp\/v2\/tags?post=49734"}],"curies":[{"name":"wp","href":"https:\/\/api.w.org\/{rel}","templated":true}]}}