{"id":497352,"date":"2025-10-29T09:10:14","date_gmt":"2025-10-29T09:10:14","guid":{"rendered":"https:\/\/www.europesays.com\/fr\/497352\/"},"modified":"2025-10-29T09:10:14","modified_gmt":"2025-10-29T09:10:14","slug":"le-gp-des-usa-au-calendrier-f1-jusquen-2034","status":"publish","type":"post","link":"https:\/\/www.europesays.com\/fr\/497352\/","title":{"rendered":"Le GP des USA au calendrier F1 jusqu&rsquo;en 2034"},"content":{"rendered":"<p>Le Circuit des Am\u00e9riques (COTA) continuera d\u2019accueillir l\u2019\u00e9v\u00e9nement pendant toute la dur\u00e9e de l\u2019accord, qui portera \u00e0 23 ans sa pr\u00e9sence au calendrier.<\/p>\n<p>\u00ab Depuis 2012, le Grand Prix des \u00c9tats-Unis n\u2019a cess\u00e9 de gagner en puissance et en popularit\u00e9, et je tiens \u00e0 remercier la ville d\u2019Austin et le comt\u00e9 de Travis de nous accueillir \u00bb, a d\u00e9clar\u00e9 Stefano Domenicali, pr\u00e9sident et directeur g\u00e9n\u00e9ral de la Formule 1.<\/p>\n<p>\u00ab Chaque ann\u00e9e, l\u2019\u00e9v\u00e9nement organis\u00e9 au Circuit des Am\u00e9riques est un moment fort pour les fans, les pilotes et les \u00e9quipes, attirant des centaines de milliers de supporters passionn\u00e9s qui viennent assister \u00e0 des courses palpitantes et s\u2019impr\u00e9gner de l\u2019\u00e9nergie vibrante du circuit et de la ville.<\/p>\n<p>Alors que la Formule 1 continue de se d\u00e9velopper et de prosp\u00e9rer aux \u00c9tats-Unis, nous sommes fiers de prolonger notre partenariat avec Bobby Epstein et son \u00e9quipe exceptionnelle \u00e0 Austin, ainsi qu\u2019avec le gouverneur Abbott, dont le leadership a jou\u00e9 un r\u00f4le d\u00e9terminant dans le d\u00e9veloppement de ce sport au Texas et au-del\u00e0.<\/p>\n<p>Tous deux ont fait preuve d\u2019un engagement sans faille envers la F1, et leur vision commune ainsi que leurs investissements ont jou\u00e9 un r\u00f4le essentiel dans l\u2019\u00e9tablissement des bases solides dont nous b\u00e9n\u00e9ficions aujourd\u2019hui aux \u00c9tats-Unis. \u00bb<\/p>\n<p>La Formule 1 a eu un impact significatif sur l\u2019\u00e9conomie locale, g\u00e9n\u00e9rant 7 milliards de dollars de retomb\u00e9es \u00e9conomiques pour Austin et le Texas au cours de sa premi\u00e8re d\u00e9cennie dans le calendrier.<\/p>\n<p>\u00c0 lui seul, le Grand Prix des \u00c9tats-Unis 2023 aurait g\u00e9n\u00e9r\u00e9 plus d\u2019un milliard de dollars de d\u00e9penses directes et indirectes, ce qui a rapport\u00e9 38 millions de dollars de recettes fiscales \u00e0 l\u2019\u00c9tat du Texas.<\/p>\n<p>\u00ab Nous sommes heureux que la Formule 1 ait trouv\u00e9 sa place au Texas et nous sommes reconnaissants envers les fans, les \u00e9quipes et toute la communaut\u00e9 de la F1 qui nous ont toujours soutenus et ont fait du Grand Prix des \u00c9tats-Unis une \u00e9tape favorite du calendrier mondial \u00bb, a d\u00e9clar\u00e9 Bobby Epstein, pr\u00e9sident du COTA.<\/p>\n<p>\u00ab De m\u00eame, nous sommes fiers et reconnaissants envers les habitants du centre du Texas qui ont \u00e9t\u00e9 des h\u00f4tes si accueillants. Gr\u00e2ce \u00e0 ce contrat, le COTA d\u00e9passera Watkins Glen en tant que circuit de Formule 1 le plus ancien des \u00c9tats-Unis.<\/p>\n<p>\u00ab Gr\u00e2ce \u00e0 un soutien exceptionnel et \u00e0 une ville h\u00f4te formidable, le Grand Prix des \u00c9tats-Unis est devenu l\u2019un des plus grands \u00e9v\u00e9nements sportifs mondiaux sur un seul week-end, avec un impact \u00e9conomique annuel in\u00e9gal\u00e9. \u00bb<\/p>\n<p>Le Grand Prix des \u00c9tats-Unis est d\u00e9sormais l\u2019une des trois courses du calendrier de Formule 1, aux c\u00f4t\u00e9s des \u00e9v\u00e9nements de Las Vegas et de Miami.<\/p>\n<p>La prolongation du contrat avec COTA intervient alors que la Formule 1 continue de gagner en popularit\u00e9 aux \u00c9tats-Unis, o\u00f9 elle compte d\u00e9sormais environ 52 millions de fans, soit une augmentation de 11 % par rapport \u00e0 l\u2019ann\u00e9e pr\u00e9c\u00e9dente.<\/p>\n<p>Une enqu\u00eate men\u00e9e par la Formule 1 aupr\u00e8s des fans cette saison a r\u00e9v\u00e9l\u00e9 que 47 % des nouveaux fans am\u00e9ricains (ceux qui suivent ce sport depuis cinq ans ou moins) sont \u00e2g\u00e9s de 18 \u00e0 24 ans, et que plus de la moiti\u00e9 sont des femmes.<\/p>\n<p>La Formule 1 a \u00e9galement confirm\u00e9 r\u00e9cemment son accord de diffusion avec Apple, dont la valeur est estim\u00e9e \u00e0 750 millions de dollars sur cinq ans.<\/p>\n<p>Apple TV+ diffusera toutes les s\u00e9ances d\u2019essais et de qualification, les courses sprint et les Grands Prix du championnat du monde de Formule 1 2026 sans frais suppl\u00e9mentaires pour les abonn\u00e9s, qui auront \u00e9galement acc\u00e8s \u00e0 F1 TV Premium.<\/p>\n","protected":false},"excerpt":{"rendered":"Le Circuit des Am\u00e9riques (COTA) continuera d\u2019accueillir l\u2019\u00e9v\u00e9nement pendant toute la dur\u00e9e de l\u2019accord, qui portera \u00e0 23&hellip;\n","protected":false},"author":2,"featured_media":497353,"comment_status":"","ping_status":"","sticky":false,"template":"","format":"standard","meta":{"footnotes":""},"categories":[1589],"tags":[11,5080,5081,35,61968,73,1866,1451,5083,5086,5087,12,5089,3030,1864,1865,1863,308],"class_list":{"0":"post-497352","1":"post","2":"type-post","3":"status-publish","4":"format-standard","5":"has-post-thumbnail","7":"category-etats-unis","8":"tag-actualites","9":"tag-actualites-f1","10":"tag-actuf1","11":"tag-business","12":"tag-calendrier-f1","13":"tag-etats-unis","14":"tag-etats-unis-damerique","15":"tag-f1","16":"tag-f1-actu","17":"tag-f1-news","18":"tag-f1news","19":"tag-news","20":"tag-news-f1","21":"tag-top","22":"tag-united-states","23":"tag-united-states-of-america","24":"tag-us","25":"tag-usa"},"share_on_mastodon":{"url":"https:\/\/pubeurope.com\/@fr\/115456679870285051","error":""},"_links":{"self":[{"href":"https:\/\/www.europesays.com\/fr\/wp-json\/wp\/v2\/posts\/497352","targetHints":{"allow":["GET"]}}],"collection":[{"href":"https:\/\/www.europesays.com\/fr\/wp-json\/wp\/v2\/posts"}],"about":[{"href":"https:\/\/www.europesays.com\/fr\/wp-json\/wp\/v2\/types\/post"}],"author":[{"embeddable":true,"href":"https:\/\/www.europesays.com\/fr\/wp-json\/wp\/v2\/users\/2"}],"replies":[{"embeddable":true,"href":"https:\/\/www.europesays.com\/fr\/wp-json\/wp\/v2\/comments?post=497352"}],"version-history":[{"count":0,"href":"https:\/\/www.europesays.com\/fr\/wp-json\/wp\/v2\/posts\/497352\/revisions"}],"wp:featuredmedia":[{"embeddable":true,"href":"https:\/\/www.europesays.com\/fr\/wp-json\/wp\/v2\/media\/497353"}],"wp:attachment":[{"href":"https:\/\/www.europesays.com\/fr\/wp-json\/wp\/v2\/media?parent=497352"}],"wp:term":[{"taxonomy":"category","embeddable":true,"href":"https:\/\/www.europesays.com\/fr\/wp-json\/wp\/v2\/categories?post=497352"},{"taxonomy":"post_tag","embeddable":true,"href":"https:\/\/www.europesays.com\/fr\/wp-json\/wp\/v2\/tags?post=497352"}],"curies":[{"name":"wp","href":"https:\/\/api.w.org\/{rel}","templated":true}]}}