{"id":497354,"date":"2025-10-29T09:11:11","date_gmt":"2025-10-29T09:11:11","guid":{"rendered":"https:\/\/www.europesays.com\/fr\/497354\/"},"modified":"2025-10-29T09:11:11","modified_gmt":"2025-10-29T09:11:11","slug":"royaume-uni-le-demandeur-dasile-relache-par-erreur-de-prison-a-ete-renvoye-en-ethiopie-sans-droit-de-retour","status":"publish","type":"post","link":"https:\/\/www.europesays.com\/fr\/497354\/","title":{"rendered":"Royaume-Uni\u00a0: le demandeur d\u2019asile rel\u00e2ch\u00e9 par erreur de prison a \u00e9t\u00e9 renvoy\u00e9 en \u00c9thiopie \u00ab\u00a0sans droit de retour\u00a0\u00bb"},"content":{"rendered":"<p class=\"paragraph text_align_left lp-f-body-02\">Un demandeur d\u2019asile \u00e9thiopien <a href=\"https:\/\/www.leparisien.fr\/international\/royaume-uni\/royaume-uni-un-demandeur-dasile-qui-avait-ete-relache-par-erreur-de-prison-arrete-a-londres-26-10-2025-ZTPAHXUXAZHJXIK7YYYBUTM5WQ.php\" target=\"_blank\" rel=\"noreferrer nofollow noopener\">arr\u00eat\u00e9 ce dimanche apr\u00e8s avoir \u00e9t\u00e9 rel\u00e2ch\u00e9 par erreur de prison, o\u00f9 il purgeait une peine pour des agressions sexuelles<\/a>, a \u00e9t\u00e9 expuls\u00e9 vers son pays d\u2019origine, a annonc\u00e9 ce mercredi le minist\u00e8re de l\u2019Int\u00e9rieur britannique.<\/p>\n<blockquote class=\"twitter-tweet\">\n<p lang=\"en\" dir=\"ltr\">Last week\u2019s blunder should never have happened \u2013 and I share the public\u2019s anger that it did. I would like to thank the police for rapidly bringing Mr Kebatu into custody and the public for their vigilance.<\/p>\n<p>I have pulled every lever to deport Mr Kebatu and remove him off British\u2026<\/p>\n<p>\u2014 Shabana Mahmood MP (@ShabanaMahmood) <a href=\"https:\/\/twitter.com\/ShabanaMahmood\/status\/1983408664045085173?ref_src=twsrc%5Etfw\" rel=\"nofollow noopener\" target=\"_blank\">October 29, 2025<\/a><\/p><\/blockquote>\n<p class=\"paragraph text_align_left lp-f-body-02\">Hadush Kebatu, 38 ans, dont l\u2019arrestation cet \u00e9t\u00e9 avait d\u00e9clench\u00e9 une s\u00e9rie de manifestations anti-immigration au Royaume-Uni, \u00ab est arriv\u00e9 en \u00c9thiopie apr\u00e8s avoir \u00e9t\u00e9 expuls\u00e9 du Royaume-Uni, sans droit de retour \u00bb, a indiqu\u00e9 le Home Office dans un communiqu\u00e9.<\/p>\n<p>\u00ab L\u2019erreur de la semaine derni\u00e8re n\u2019aurait jamais d\u00fb se produire \u00bb<\/p>\n<p class=\"paragraph text_align_left lp-f-body-02\">Le <a href=\"https:\/\/www.leparisien.fr\/international\/royaume-uni\/manifestations-a-londres-starmer-ne-tolere-pas-que-des-personnes-se-sentent-intimidees-a-cause-de-leurs-origines-14-09-2025-77BQUOX73RFIZNCRLQL6LKKMII.php\" target=\"_blank\" rel=\"noreferrer nofollow noopener\">gouvernement travailliste de Keir Starmer<\/a> \u00e9tait sous le feu des critiques depuis la lib\u00e9ration par erreur ce dimanche de ce demandeur d\u2019asile, condamn\u00e9 en septembre \u00e0 un an d\u2019emprisonnement pour agressions sexuelles sur une adolescente de 14 ans et une femme \u00e0 Epping, au nord-est de Londres. \u00ab L\u2019erreur de la semaine derni\u00e8re n\u2019aurait jamais d\u00fb se produire, et je partage l\u2019indignation du public. (\u2026) Je suis heureuse de confirmer que cet odieux p\u00e9dophile a \u00e9t\u00e9 expuls\u00e9 \u00bb, s\u2019est f\u00e9licit\u00e9 la ministre de l\u2019Int\u00e9rieur Shabana Mahmood, cit\u00e9e dans le communiqu\u00e9.<\/p>\n<p class=\"paragraph text_align_left lp-f-body-02\">Apr\u00e8s son arrestation en juillet, <a href=\"https:\/\/www.leparisien.fr\/international\/royaume-uni\/nous-voulons-retrouver-notre-pays-a-londres-une-manifestation-anti-immigration-rassemble-plus-de-100-000-personnes-13-09-2025-YWBSQ3VQDJBZZFLXBRP5ZIEGXM.php\" target=\"_blank\" rel=\"noreferrer nofollow noopener\">des manifestations anti-immigration<\/a>, pour certaines marqu\u00e9es par des violences, avaient \u00e9t\u00e9 organis\u00e9es devant le Bell Hotel \u00e0 Epping, o\u00f9 il \u00e9tait h\u00e9berg\u00e9 avec quelque 130 autres demandeurs d\u2019asile, avant d\u2019essaimer dans d\u2019autres villes du Royaume-Uni.<\/p>\n<p class=\"paragraph text_align_left lp-f-body-02\">Le Premier ministre a promis de cesser de loger d\u2019ici 2029 des demandeurs d\u2019asile dans des h\u00f4tels, une solution co\u00fbteuse. Selon un rapport publi\u00e9 ce lundi, le co\u00fbt de ce type d\u2019h\u00e9bergement pourrait atteindre 15,3 milliards de livres (17,5 milliards d\u2019euros) en 2029, contre 4,5 milliards (5 milliards d\u2019euros) en 2019. Le gouvernement compte notamment accro\u00eetre le recours \u00e0 des sites militaires pour y loger les demandeurs d\u2019asile.<\/p>\n<p class=\"paragraph text_align_left lp-f-body-02\">Ce mardi, Downing Street a confirm\u00e9 que deux sites \u00e9taient \u00e0 l\u2019\u00e9tude pour h\u00e9berger environ 900 hommes : une caserne pr\u00e8s d\u2019Inverness en \u00c9cosse, et un centre d\u2019entra\u00eenement dans le East Sussex, au sud de l\u2019Angleterre. Selon des chiffres du minist\u00e8re de l\u2019Int\u00e9rieur, plus de 32 000 demandeurs d\u2019asile \u00e9taient en juin 2025 h\u00e9berg\u00e9s en h\u00f4tels &#8211; sur un total de 103 000 &#8211; contre 56 042 en septembre 2023, un record.<\/p>\n<p><script async src=\"https:\/\/platform.twitter.com\/widgets.js\" charset=\"utf-8\"><\/script><\/p>\n","protected":false},"excerpt":{"rendered":"Un demandeur d\u2019asile \u00e9thiopien arr\u00eat\u00e9 ce dimanche apr\u00e8s avoir \u00e9t\u00e9 rel\u00e2ch\u00e9 par erreur de prison, o\u00f9 il purgeait&hellip;\n","protected":false},"author":2,"featured_media":497355,"comment_status":"","ping_status":"","sticky":false,"template":"","format":"standard","meta":{"footnotes":""},"categories":[1588],"tags":[11,1777,674,118,14,12,473,1853,1851,1850,1852],"class_list":{"0":"post-497354","1":"post","2":"type-post","3":"status-publish","4":"format-standard","5":"has-post-thumbnail","7":"category-royaume-uni","8":"tag-actualites","9":"tag-eu","10":"tag-europe","11":"tag-faits-divers","12":"tag-international","13":"tag-news","14":"tag-royaume-uni","15":"tag-royaume-uni-de-grande-bretagne-et-dirlande-du-nord","16":"tag-uk","17":"tag-united-kingdom","18":"tag-united-kingdom-of-great-britain-and-northern-ireland"},"share_on_mastodon":{"url":"https:\/\/pubeurope.com\/@fr\/115456683913383474","error":""},"_links":{"self":[{"href":"https:\/\/www.europesays.com\/fr\/wp-json\/wp\/v2\/posts\/497354","targetHints":{"allow":["GET"]}}],"collection":[{"href":"https:\/\/www.europesays.com\/fr\/wp-json\/wp\/v2\/posts"}],"about":[{"href":"https:\/\/www.europesays.com\/fr\/wp-json\/wp\/v2\/types\/post"}],"author":[{"embeddable":true,"href":"https:\/\/www.europesays.com\/fr\/wp-json\/wp\/v2\/users\/2"}],"replies":[{"embeddable":true,"href":"https:\/\/www.europesays.com\/fr\/wp-json\/wp\/v2\/comments?post=497354"}],"version-history":[{"count":0,"href":"https:\/\/www.europesays.com\/fr\/wp-json\/wp\/v2\/posts\/497354\/revisions"}],"wp:featuredmedia":[{"embeddable":true,"href":"https:\/\/www.europesays.com\/fr\/wp-json\/wp\/v2\/media\/497355"}],"wp:attachment":[{"href":"https:\/\/www.europesays.com\/fr\/wp-json\/wp\/v2\/media?parent=497354"}],"wp:term":[{"taxonomy":"category","embeddable":true,"href":"https:\/\/www.europesays.com\/fr\/wp-json\/wp\/v2\/categories?post=497354"},{"taxonomy":"post_tag","embeddable":true,"href":"https:\/\/www.europesays.com\/fr\/wp-json\/wp\/v2\/tags?post=497354"}],"curies":[{"name":"wp","href":"https:\/\/api.w.org\/{rel}","templated":true}]}}