{"id":497359,"date":"2025-10-29T09:14:16","date_gmt":"2025-10-29T09:14:16","guid":{"rendered":"https:\/\/www.europesays.com\/fr\/497359\/"},"modified":"2025-10-29T09:14:16","modified_gmt":"2025-10-29T09:14:16","slug":"le-gouvernement-jurassien-soutient-pleinement-les-nouveaux-accords-bilateraux-avec-lunion-europeenne-et-le-referendum-facultatif","status":"publish","type":"post","link":"https:\/\/www.europesays.com\/fr\/497359\/","title":{"rendered":"Le Gouvernement jurassien soutient pleinement les nouveaux accords bilat\u00e9raux avec l\u2019Union europ\u00e9enne et le r\u00e9f\u00e9rendum facultatif"},"content":{"rendered":"<p>\u00a0<\/p>\n<p class=\"wysiwyg-h4\">Le Gouvernement jurassien approuve sans r\u00e9serve le paquet d\u2019accords conclu entre la Suisse et l\u2019Union europ\u00e9enne dans le cadre des \u00abBilat\u00e9rales III\u00bb. Il salue un r\u00e9sultat \u00e9quilibr\u00e9 qui consolide la voie bilat\u00e9rale, renforce la s\u00e9curit\u00e9 \u00e9conomique du pays et pr\u00e9serve la souverainet\u00e9 nationale. Il estime \u00e9galement que ces accords doivent \u00eatre soumis au r\u00e9f\u00e9rendum facultatif, comme l\u2019ont \u00e9t\u00e9 les Bilat\u00e9rales I et II.<\/p>\n<p>Pour le Jura, canton frontalier dont l\u2019\u00e9conomie d\u00e9pend largement de l\u2019industrie exportatrice et des \u00e9changes transfrontaliers, la stabilit\u00e9 des relations avec l\u2019Union europ\u00e9enne est une condition essentielle de la prosp\u00e9rit\u00e9 et de l\u2019emploi. Le Gouvernement jurassien est, par cons\u00e9quent, pleinement rassur\u00e9 par le cadre institutionnel modernis\u00e9, qui garantit la s\u00e9curit\u00e9 juridique et la pr\u00e9visibilit\u00e9 dont les entreprises ont besoin pour investir et innover, tout en maintenant la capacit\u00e9 de la Suisse \u00e0 d\u00e9fendre ses int\u00e9r\u00eats.<\/p>\n<p>Il salue la qualit\u00e9 du travail accompli par les n\u00e9gociateurs suisses. Leur t\u00e9nacit\u00e9 a permis d\u2019obtenir des avanc\u00e9es substantielles dans plusieurs domaines cl\u00e9s: libre circulation des personnes, protection des salaires, aides d\u2019\u00c9tat, \u00e9lectricit\u00e9 et transports terrestres. Ces progr\u00e8s assurent un \u00e9quilibre satisfaisant entre ouverture \u00e9conomique et pr\u00e9servation du mod\u00e8le social helv\u00e9tique.<\/p>\n<p><strong>Souverainet\u00e9 et droits acquis garantis<\/strong><br \/>Les m\u00e9canismes institutionnels retenus renforcent la transparence et la participation d\u00e9mocratique. Le \u00abdecision shaping\u00bb permettra \u00e0 la Suisse d\u2019exercer une influence directe sur l\u2019\u00e9laboration du droit europ\u00e9en, tandis que la reprise dynamique du droit est limit\u00e9e aux accords relatifs au march\u00e9 int\u00e9rieur et soumise \u00e0 l\u2019approbation des institutions suisses. Le m\u00e9canisme de r\u00e8glement des diff\u00e9rends, fond\u00e9 sur un tribunal arbitral paritaire, pr\u00e9serve l\u2019autonomie juridique nationale.<\/p>\n<p>Les mesures d\u2019accompagnement d\u00e9finies par la Conf\u00e9d\u00e9ration en concertation avec les cantons et les partenaires sociaux offrent des garanties concr\u00e8tes. La clause de sauvegarde, activable en cas de d\u00e9s\u00e9quilibres \u00e9conomiques ou sociaux, ainsi que le maintien du principe \u00ab\u00e0 travail \u00e9gal, salaire \u00e9gal au m\u00eame endroit\u00bb assurent la protection des travailleurs et la comp\u00e9titivit\u00e9 des entreprises. Dans le domaine des aides d\u2019\u00c9tat, la surveillance se limite \u00e0 quelques secteurs sp\u00e9cifiques, excluant les march\u00e9s publics et le service public, ce qui respecte les comp\u00e9tences cantonales et le f\u00e9d\u00e9ralisme.<\/p>\n<p><strong>Position de la Suisse renforc\u00e9e\u00a0<\/strong><br \/>Le Gouvernement jurassien se r\u00e9jouit \u00e9galement du renforcement de la coop\u00e9ration transfrontali\u00e8re dans des domaines strat\u00e9giques comme l\u2019\u00e9lectricit\u00e9, la sant\u00e9 et la s\u00e9curit\u00e9 alimentaire, ainsi que du retour de la Suisse dans les programmes europ\u00e9ens de recherche, d\u2019innovation et de formation tels qu\u2019Horizon Europe et Erasmus+. Ces participations repr\u00e9sentent un atout majeur pour les hautes \u00e9coles, les institutions et les entreprises jurassiennes.<\/p>\n<p>Dans son ensemble, le Gouvernement jurassien consid\u00e8re que les \u00abBilat\u00e9rales III\u00bb et les dispositifs nationaux qui les accompagnent constituent un compromis \u00e9quilibr\u00e9, garantissant \u00e0 la fois la prosp\u00e9rit\u00e9, la stabilit\u00e9 et la coh\u00e9sion du pays. Ils renforcent la position de la Suisse au sein de l\u2019espace \u00e9conomique europ\u00e9en tout en assurant la pr\u00e9servation de son autonomie politique et de ses valeurs f\u00e9d\u00e9ralistes.<\/p>\n<p><strong>R\u00e9f\u00e9rendum facultatif: la voie de la coh\u00e9rence et de la transparence<\/strong><br \/>Le Gouvernement jurassien soutient le Conseil f\u00e9d\u00e9ral dans sa d\u00e9cision de soumettre l&rsquo;accord au r\u00e9f\u00e9rendum facultatif. Cette mani\u00e8re de proc\u00e9der se justifie pleinement par la pratique suivie jusqu&rsquo;ici pour les Accords bilat\u00e9raux I et II et le rejet, en 2012 par plus de 75% de la population, de l&rsquo;initiative populaire \u00abAccords internationaux: la parole au peuple!\u00bb. Outre la coh\u00e9rence avec la pratique ant\u00e9rieure, ce choix permet de lier formellement les accords \u00e0 leur mise en \u0153uvre au niveau national (regroupement vertical). Ce qui signifie que les lois d&rsquo;application au niveau national seraient soumises au vote en m\u00eame temps que les accords correspondants. Si le r\u00e9f\u00e9rendum aboutit, les \u00e9lectrices et les \u00e9lecteurs s&rsquo;exprimeront donc \u00e0 la fois sur la partie \u00abstabilisation\u00bb et la l\u00e9gislation de mise en \u0153uvre correspondante, ainsi que sur les autres accords de d\u00e9veloppement et la l\u00e9gislation aff\u00e9rente. Ils seront ainsi inform\u00e9s en toute clart\u00e9 et en toute transparence des r\u00e9percussions \u00e0 l&rsquo;\u00e9chelle nationale de chaque accord. Un tel regroupement vertical n\u2019est pas possible en cas de r\u00e9f\u00e9rendum obligatoire.<\/p>\n","protected":false},"excerpt":{"rendered":"\u00a0 Le Gouvernement jurassien approuve sans r\u00e9serve le paquet d\u2019accords conclu entre la Suisse et l\u2019Union europ\u00e9enne dans&hellip;\n","protected":false},"author":2,"featured_media":497360,"comment_status":"","ping_status":"","sticky":false,"template":"","format":"standard","meta":{"footnotes":""},"categories":[1586],"tags":[23210,61987,61972,61981,11,18506,61979,61986,1829,61969,61983,1827,61976,8026,1777,674,1779,1011,27,1830,61977,61984,1826,61973,12,1828,61978,61982,61980,61974,61970,25,61971,61975,3067,61985,43512,1778,364,18743],"class_list":{"0":"post-497359","1":"post","2":"type-post","3":"status-publish","4":"format-standard","5":"has-post-thumbnail","7":"category-europe","8":"tag-23210","9":"tag-23-giugno","10":"tag-23-juin","11":"tag-23rd-of-june","12":"tag-actualites","13":"tag-administration","14":"tag-administrazion","15":"tag-adminitrazione","16":"tag-ajoie","17":"tag-canton","18":"tag-cantone","19":"tag-delemont","20":"tag-delsberg","21":"tag-doubs","22":"tag-eu","23":"tag-europe","24":"tag-european-union","25":"tag-fr","26":"tag-france","27":"tag-franches-montagnes","28":"tag-freiberge","29":"tag-giura","30":"tag-jura","31":"tag-kanton","32":"tag-news","33":"tag-porrentruy","34":"tag-pruntrut","35":"tag-repubblica-e-canton-giura","36":"tag-republic","37":"tag-republik-und-kanton-jura","38":"tag-republique-et-canton","39":"tag-republique-francaise","40":"tag-saint-ursanne","41":"tag-schweiz","42":"tag-suisse","43":"tag-svizzera","44":"tag-switzerland","45":"tag-ue","46":"tag-union-europeenne","47":"tag-website"},"share_on_mastodon":{"url":"","error":"Validation failed: Text character limit of 500 exceeded"},"_links":{"self":[{"href":"https:\/\/www.europesays.com\/fr\/wp-json\/wp\/v2\/posts\/497359","targetHints":{"allow":["GET"]}}],"collection":[{"href":"https:\/\/www.europesays.com\/fr\/wp-json\/wp\/v2\/posts"}],"about":[{"href":"https:\/\/www.europesays.com\/fr\/wp-json\/wp\/v2\/types\/post"}],"author":[{"embeddable":true,"href":"https:\/\/www.europesays.com\/fr\/wp-json\/wp\/v2\/users\/2"}],"replies":[{"embeddable":true,"href":"https:\/\/www.europesays.com\/fr\/wp-json\/wp\/v2\/comments?post=497359"}],"version-history":[{"count":0,"href":"https:\/\/www.europesays.com\/fr\/wp-json\/wp\/v2\/posts\/497359\/revisions"}],"wp:featuredmedia":[{"embeddable":true,"href":"https:\/\/www.europesays.com\/fr\/wp-json\/wp\/v2\/media\/497360"}],"wp:attachment":[{"href":"https:\/\/www.europesays.com\/fr\/wp-json\/wp\/v2\/media?parent=497359"}],"wp:term":[{"taxonomy":"category","embeddable":true,"href":"https:\/\/www.europesays.com\/fr\/wp-json\/wp\/v2\/categories?post=497359"},{"taxonomy":"post_tag","embeddable":true,"href":"https:\/\/www.europesays.com\/fr\/wp-json\/wp\/v2\/tags?post=497359"}],"curies":[{"name":"wp","href":"https:\/\/api.w.org\/{rel}","templated":true}]}}