{"id":497361,"date":"2025-10-29T09:15:34","date_gmt":"2025-10-29T09:15:34","guid":{"rendered":"https:\/\/www.europesays.com\/fr\/497361\/"},"modified":"2025-10-29T09:15:34","modified_gmt":"2025-10-29T09:15:34","slug":"7e-et-8e-tours-les-groupes-pour-le-tirage-federation-francaise-de-football-fff","status":"publish","type":"post","link":"https:\/\/www.europesays.com\/fr\/497361\/","title":{"rendered":"7e et 8e tours : les groupes pour le tirage | F\u00e9d\u00e9ration Fran\u00e7aise de Football (FFF)"},"content":{"rendered":"<p>                                                              <img data-twic-src=\"https:\/\/www.europesays.com\/fr\/wp-content\/uploads\/2025\/10\/e65118afc0c77dce80b5434878971847.jpg\" data-credit=\"Victor ORGAER \/ FFF\" title=\"Victor ORGAER \/ FFF\" alt=\"Coupe de France illustration\" class=\"block\"\/>                                        <\/p>\n<p style=\"font-weight: bold\">D\u00e9couvrez les neuf groupes form\u00e9s pour le tirage au sort des 7e et 8e tours de la Coupe de France Cr\u00e9dit Agricole, pr\u00e9vu ce mercredi 29 octobre \u00e0 10h30 au si\u00e8ge du CNOSF (\u00e0 suivre en direct sur YouTube FFF).<\/p>\n<p>Le tirage au sort des 7e et 8e tours de la Coupe de France Cr\u00e9dit Agricole sera effectu\u00e9 ce mercredi 29 octobre, \u00e0 10h30, au si\u00e8ge du Comit\u00e9 national Olympique et sportif fran\u00e7ais (CNOSF) \u00e0 Paris. Il sera retransmis en direct sur la cha\u00eene YouTube FFF.\u00a0<\/p>\n<p>Pour l&rsquo;occasion les clubs engag\u00e9s, parmi lesquels les dix-huit de Ligue 2 BKT qui entrent en lice, ont \u00e9t\u00e9 r\u00e9partis en neuf groupes.\u00a0<\/p>\n<p><strong>\u00a0La r\u00e9partition des clubs par niveau (*) :\u00a0<\/strong><\/p>\n<ul>\n<li><strong>Ligue 2<\/strong> : 18<\/li>\n<li><strong>National<\/strong> : 12<\/li>\n<li><strong>National\u00a02<\/strong> : 2<\/li>\n<li><strong>National\u00a03<\/strong> : 34<\/li>\n<li><strong>R\u00e9gional 1<\/strong> : 44<\/li>\n<li><strong>R\u00e9gional 2<\/strong> : 23<\/li>\n<li><strong>R\u00e9gional 3<\/strong> : 14<\/li>\n<li><strong>D\u00e9partemental 1<\/strong> : 4<\/li>\n<li><strong>Mayotte<\/strong> : 1<\/li>\n<li><strong>Tahiti <\/strong>: 1<strong>\u00a0<\/strong><\/li>\n<\/ul>\n<p>(*) R\u00e9partition selon le r\u00e9sultat acquis sur le terrain, dans l&rsquo;attente des proc\u00e9dures en cours.<\/p>\n<\/p>\n<p style=\"text-align: center;\"><a href=\"https:\/\/www.fff.fr\/article\/15620-tirages-7e-8e-tours-les-clubs-d-outre-mer-fixes.html\" target=\"_blank\" rel=\"noopener nofollow\"><strong>Tirage 7e et 8e tours : les clubs d&rsquo;Outre-mer fix\u00e9s<\/strong><\/a><\/p>\n<p style=\"text-align: center;\"><a href=\"https:\/\/www.fff.fr\/article\/15570-les-resultats-des-clubs-ultramarins.html\" target=\"_blank\" rel=\"noopener nofollow\"><strong>Les r\u00e9sultats des clubs ultramarins<\/strong><\/a><\/p>\n<p>\u00a0GROUPE A\u00a0<\/p>\n<p><img decoding=\"async\" title=\"Archives  FFF\" src=\"https:\/\/www.europesays.com\/fr\/wp-content\/uploads\/2025\/10\/52f869a40fb1ac8753e4841a7a875912.jpg\" alt=\"\"\/><\/p>\n<p><strong>\u00a0GROUPE B\u00a0<\/strong><\/p>\n<p><img decoding=\"async\" title=\"Archives  FFF\" src=\"https:\/\/www.europesays.com\/fr\/wp-content\/uploads\/2025\/10\/1a4d46c4b889579a2605bfe6a217d9a6.jpg\" alt=\"\"\/><\/p>\n<p><strong>\u00a0GROUPE C\u00a0<\/strong><\/p>\n<p><img decoding=\"async\" title=\"Archives  FFF\" src=\"https:\/\/www.europesays.com\/fr\/wp-content\/uploads\/2025\/10\/ce3ff8571482decb6c671d9836dc7afb.jpg\" alt=\"\"\/><\/p>\n<p>\u00a0GROUPE D\u00a0<\/p>\n<p><img decoding=\"async\" title=\"Archives  FFF\" src=\"https:\/\/www.europesays.com\/fr\/wp-content\/uploads\/2025\/10\/4107d1a7416d51e335d65349daa9e1f2.jpg\" alt=\"\"\/><\/p>\n<p>\u00a0GROUPE E\u00a0<\/p>\n<p>\u00a0<img decoding=\"async\" title=\"Archives  FFF\" src=\"https:\/\/www.europesays.com\/fr\/wp-content\/uploads\/2025\/10\/ac56d47a0491fa8c4eb39f42bc9d84db.jpg\" alt=\"\"\/><\/p>\n<p>\u00a0GROUPE F\u00a0<\/p>\n<p><img decoding=\"async\" title=\"Archives  FFF\" src=\"https:\/\/www.europesays.com\/fr\/wp-content\/uploads\/2025\/10\/ea2e0ffc6867788a6ded710fe99475e0.jpg\" alt=\"\"\/><\/p>\n<p>\u00a0GROUPE G\u00a0<\/p>\n<p><img decoding=\"async\" title=\"Archives  FFF\" src=\"https:\/\/www.europesays.com\/fr\/wp-content\/uploads\/2025\/10\/bd998a6e332bd51fa5d864af68f2043e.jpg\" alt=\"\"\/><\/p>\n<p>\u00a0GROUPE H\u00a0<\/p>\n<p><img decoding=\"async\" title=\"Archives  FFF\" src=\"https:\/\/www.europesays.com\/fr\/wp-content\/uploads\/2025\/10\/08a9aaa51376a31d90bc1d1c8ed8c20e.jpg\" alt=\"\"\/><\/p>\n<p>\u00a0GROUPE I\u00a0<\/p>\n<p><img decoding=\"async\" title=\"Archives  FFF\" src=\"https:\/\/www.europesays.com\/fr\/wp-content\/uploads\/2025\/10\/934ce63a2c1e591a756a774308c8ed09.jpg\" alt=\"\"\/><\/p>\n<p><a href=\"https:\/\/www.fff.fr\/article\/15598-tout-sur-le-6e-tour.html\" target=\"_blank\" rel=\"noopener nofollow\"><strong>Tout sur le 6\u00e8me tour<\/strong><\/a>    <\/p>\n","protected":false},"excerpt":{"rendered":"D\u00e9couvrez les neuf groupes form\u00e9s pour le tirage au sort des 7e et 8e tours de la Coupe&hellip;\n","protected":false},"author":2,"featured_media":497362,"comment_status":"","ping_status":"","sticky":false,"template":"","format":"standard","meta":{"footnotes":""},"categories":[2],"tags":[11,85,1011,27,12,25],"class_list":{"0":"post-497361","1":"post","2":"type-post","3":"status-publish","4":"format-standard","5":"has-post-thumbnail","7":"category-actualites","8":"tag-actualites","9":"tag-fff","10":"tag-fr","11":"tag-france","12":"tag-news","13":"tag-republique-francaise"},"share_on_mastodon":{"url":"https:\/\/pubeurope.com\/@fr\/115456701035924176","error":""},"_links":{"self":[{"href":"https:\/\/www.europesays.com\/fr\/wp-json\/wp\/v2\/posts\/497361","targetHints":{"allow":["GET"]}}],"collection":[{"href":"https:\/\/www.europesays.com\/fr\/wp-json\/wp\/v2\/posts"}],"about":[{"href":"https:\/\/www.europesays.com\/fr\/wp-json\/wp\/v2\/types\/post"}],"author":[{"embeddable":true,"href":"https:\/\/www.europesays.com\/fr\/wp-json\/wp\/v2\/users\/2"}],"replies":[{"embeddable":true,"href":"https:\/\/www.europesays.com\/fr\/wp-json\/wp\/v2\/comments?post=497361"}],"version-history":[{"count":0,"href":"https:\/\/www.europesays.com\/fr\/wp-json\/wp\/v2\/posts\/497361\/revisions"}],"wp:featuredmedia":[{"embeddable":true,"href":"https:\/\/www.europesays.com\/fr\/wp-json\/wp\/v2\/media\/497362"}],"wp:attachment":[{"href":"https:\/\/www.europesays.com\/fr\/wp-json\/wp\/v2\/media?parent=497361"}],"wp:term":[{"taxonomy":"category","embeddable":true,"href":"https:\/\/www.europesays.com\/fr\/wp-json\/wp\/v2\/categories?post=497361"},{"taxonomy":"post_tag","embeddable":true,"href":"https:\/\/www.europesays.com\/fr\/wp-json\/wp\/v2\/tags?post=497361"}],"curies":[{"name":"wp","href":"https:\/\/api.w.org\/{rel}","templated":true}]}}