{"id":497363,"date":"2025-10-29T09:16:13","date_gmt":"2025-10-29T09:16:13","guid":{"rendered":"https:\/\/www.europesays.com\/fr\/497363\/"},"modified":"2025-10-29T09:16:13","modified_gmt":"2025-10-29T09:16:13","slug":"en-images-le-puissant-ouragan-melissa-a-seme-la-destruction-en-jamaique","status":"publish","type":"post","link":"https:\/\/www.europesays.com\/fr\/497363\/","title":{"rendered":"EN IMAGES. Le puissant ouragan Melissa a sem\u00e9 la destruction en Jama\u00efque"},"content":{"rendered":"<p>L\u2019ouragan Melissa, qui a touch\u00e9 terre mardi en Jama\u00efque avec des vents de presque 300 kilom\u00e8tres par heure, est la temp\u00eate tropicale la plus puissante de\u00a02025 dans le monde entier, d\u2019apr\u00e8s les donn\u00e9es m\u00e9t\u00e9orologiques de l\u2019Agence am\u00e9ricaine d\u2019observation oc\u00e9anique et atmosph\u00e9rique (NOAA). Il s\u2019agit de l\u2019ouragan le plus puissant \u00e0 jamais avoir frapp\u00e9 la Jama\u00efque depuis le d\u00e9but des relev\u00e9s m\u00e9t\u00e9orologiques. Par ordre de comparaison, l\u2019ouragan <a href=\"https:\/\/www.20minutes.fr\/dossier\/katrina\" class=\"c-link c-link--is-underlined\" rel=\"nofollow noopener\" target=\"_blank\">Katrina<\/a>, qui avait ravag\u00e9 il y a vingt ans la\u00a0Nouvelle-Orl\u00e9ans et fait plus de 1.000 morts, \u00e9tait plus faible.<\/p>\n","protected":false},"excerpt":{"rendered":"L\u2019ouragan Melissa, qui a touch\u00e9 terre mardi en Jama\u00efque avec des vents de presque 300 kilom\u00e8tres par heure,&hellip;\n","protected":false},"author":2,"featured_media":497364,"comment_status":"","ping_status":"","sticky":false,"template":"","format":"standard","meta":{"footnotes":""},"categories":[2],"tags":[11,4732,19551,1011,27,7760,3059,59749,12,46266,52,25,7747],"class_list":{"0":"post-497363","1":"post","2":"type-post","3":"status-publish","4":"format-standard","5":"has-post-thumbnail","7":"category-actualites","8":"tag-actualites","9":"tag-catastrophe-naturelle","10":"tag-cuba","11":"tag-fr","12":"tag-france","13":"tag-haiti","14":"tag-intemperies","15":"tag-jamaique","16":"tag-news","17":"tag-ouragan","18":"tag-planete","19":"tag-republique-francaise","20":"tag-tempete"},"share_on_mastodon":{"url":"https:\/\/pubeurope.com\/@fr\/115456703528218543","error":""},"_links":{"self":[{"href":"https:\/\/www.europesays.com\/fr\/wp-json\/wp\/v2\/posts\/497363","targetHints":{"allow":["GET"]}}],"collection":[{"href":"https:\/\/www.europesays.com\/fr\/wp-json\/wp\/v2\/posts"}],"about":[{"href":"https:\/\/www.europesays.com\/fr\/wp-json\/wp\/v2\/types\/post"}],"author":[{"embeddable":true,"href":"https:\/\/www.europesays.com\/fr\/wp-json\/wp\/v2\/users\/2"}],"replies":[{"embeddable":true,"href":"https:\/\/www.europesays.com\/fr\/wp-json\/wp\/v2\/comments?post=497363"}],"version-history":[{"count":0,"href":"https:\/\/www.europesays.com\/fr\/wp-json\/wp\/v2\/posts\/497363\/revisions"}],"wp:featuredmedia":[{"embeddable":true,"href":"https:\/\/www.europesays.com\/fr\/wp-json\/wp\/v2\/media\/497364"}],"wp:attachment":[{"href":"https:\/\/www.europesays.com\/fr\/wp-json\/wp\/v2\/media?parent=497363"}],"wp:term":[{"taxonomy":"category","embeddable":true,"href":"https:\/\/www.europesays.com\/fr\/wp-json\/wp\/v2\/categories?post=497363"},{"taxonomy":"post_tag","embeddable":true,"href":"https:\/\/www.europesays.com\/fr\/wp-json\/wp\/v2\/tags?post=497363"}],"curies":[{"name":"wp","href":"https:\/\/api.w.org\/{rel}","templated":true}]}}