{"id":497369,"date":"2025-10-29T09:19:16","date_gmt":"2025-10-29T09:19:16","guid":{"rendered":"https:\/\/www.europesays.com\/fr\/497369\/"},"modified":"2025-10-29T09:19:16","modified_gmt":"2025-10-29T09:19:16","slug":"a-tarascon-le-club-de-volley-se-mobilise-pour-les-enfants-atteints-de-cancer","status":"publish","type":"post","link":"https:\/\/www.europesays.com\/fr\/497369\/","title":{"rendered":"\u00c0 Tarascon, le club de volley se mobilise pour les enfants atteints de cancer"},"content":{"rendered":"<p>\n                                                                    l&rsquo;essentiel<br \/>\n                                                                Pr\u00e8s de 3\u00a0000\u00a0euros ont \u00e9t\u00e9 r\u00e9colt\u00e9s par Tarascon Foix Volley-Ball pour aider les parents d\u2019enfants atteints du cancer. Au TFVB, la solidarit\u00e9 est chevill\u00e9e aux corps de tous les adh\u00e9rents et des b\u00e9n\u00e9voles qui font vivre l\u2019association.\n                            <\/p>\n<p>Quand on vous dit que Tarascon Foix Volley-Ball a un c\u0153ur \u00ab\u00a0gros comme \u00e7a\u00a0\u00bb\u00a0! Samedi, au gymnase municipal et aux alentours, dans le sillage d\u2019une \u00e9quipe de b\u00e9n\u00e9voles exemplaires, aux premiers rangs desquels les coachs des \u00e9quipes de jeunes f\u00e9minines \u2014 C\u00e9dric et Alexis, ou Sarah et Guillaume \u2014, les parents de Luna, dont nous relations le combat il y a peu, le club du pr\u00e9sident Chabrel l\u2019a encore d\u00e9montr\u00e9.<\/p>\n<p>Toute la journ\u00e9e, \u00e0 partir de 6\u00a0heures du matin pour l\u2019accueil des premiers exposants, jusque tard dans la nuit tarasconnaise, avec un tournoi amical interg\u00e9n\u00e9rations, haut en couleur et dans une superbe ambiance, les \u00ab\u00a0vert et blanc\u00a0\u00bb se sont par\u00e9s d\u2019or, couleur des rubans visant \u00e0 sensibiliser le grand public \u00e0 la lutte contre les cancers p\u00e9diatriques, \u00e0 aider ceux qui en souffrent et leurs proches.<\/p>\n<p>Aux pieds du Castella, les volleyeurs ont d\u00e9cid\u00e9 d\u2019aider financi\u00e8rement l\u2019APECO, Association des parents d\u2019enfants atteints du cancer en Occitanie. Tombola, buvette, restauration, vide-greniers\u2026 la journ\u00e9e fut riche en propositions, toutes mises en place pour r\u00e9colter de l\u2019argent, l\u2019ensemble des recettes \u00e9tant revers\u00e9 \u00e0 l\u2019APECO.<\/p>\n<p>Profitant d\u2019un rayon de soleil, \u00ab\u00a0motiv\u00e9s\u00a0\u00bb par les jeunes du club qui sont all\u00e9s \u00e0 leur rencontre sur le march\u00e9 le matin, de nombreux visiteurs sont venus participer. La g\u00e9n\u00e9rosit\u00e9 attendue par les organisateurs a \u00e9t\u00e9 au rendez-vous. Pr\u00e8s de 3\u00a0000\u00a0\u20ac seront vers\u00e9s \u00e0 l\u2019APECO (recette de la journ\u00e9e et don de Super U, partenaire de la manifestation).<\/p>\n<p>On peut continuer \u00e0 aider l\u2019association, comme Tarascon Foix Volley-Ball, qui soutiendra encore cette grande cause dans les mois et les ann\u00e9es \u00e0 venir. Pour cela, rien de plus simple\u00a0: il suffit de se rendre sur leur site, apeco.fr<\/p>\n<p>On peut aussi envoyer ses dons \u00e0 APECO, 2 rue Malbec, 31000 Toulouse. Pour tout renseignement, il faut \u00e9crire \u00e0 apeco@free.fr<br \/>Pour la petite histoire, ce sont Ala\u00efa, la fille d\u2019un des b\u00e2tisseurs de la journ\u00e9e, C\u00e9dric Leguillou, et Luna qui ont jou\u00e9 les \u00ab\u00a0mains innocentes\u00a0\u00bb pour tirer au sort les gagnants de la tombola\u2026 Et comme il n\u2019y a de la chance que pour la \u00ab\u00a0canaille\u00a0\u00bb, le pr\u00e9sident Olivier Chabrel, lui aussi tr\u00e8s investi, a gagn\u00e9 la machine \u00e0 pop-corn.<\/p>\n","protected":false},"excerpt":{"rendered":"l&rsquo;essentiel Pr\u00e8s de 3\u00a0000\u00a0euros ont \u00e9t\u00e9 r\u00e9colt\u00e9s par Tarascon Foix Volley-Ball pour aider les parents d\u2019enfants atteints du&hellip;\n","protected":false},"author":2,"featured_media":497370,"comment_status":"","ping_status":"","sticky":false,"template":"","format":"standard","meta":{"footnotes":""},"categories":[1417],"tags":[1011,27,60,1470,1469],"class_list":{"0":"post-497369","1":"post","2":"type-post","3":"status-publish","4":"format-standard","5":"has-post-thumbnail","7":"category-volley","8":"tag-fr","9":"tag-france","10":"tag-sports","11":"tag-volley","12":"tag-volleyball"},"share_on_mastodon":{"url":"https:\/\/pubeurope.com\/@fr\/115456715356869436","error":""},"_links":{"self":[{"href":"https:\/\/www.europesays.com\/fr\/wp-json\/wp\/v2\/posts\/497369","targetHints":{"allow":["GET"]}}],"collection":[{"href":"https:\/\/www.europesays.com\/fr\/wp-json\/wp\/v2\/posts"}],"about":[{"href":"https:\/\/www.europesays.com\/fr\/wp-json\/wp\/v2\/types\/post"}],"author":[{"embeddable":true,"href":"https:\/\/www.europesays.com\/fr\/wp-json\/wp\/v2\/users\/2"}],"replies":[{"embeddable":true,"href":"https:\/\/www.europesays.com\/fr\/wp-json\/wp\/v2\/comments?post=497369"}],"version-history":[{"count":0,"href":"https:\/\/www.europesays.com\/fr\/wp-json\/wp\/v2\/posts\/497369\/revisions"}],"wp:featuredmedia":[{"embeddable":true,"href":"https:\/\/www.europesays.com\/fr\/wp-json\/wp\/v2\/media\/497370"}],"wp:attachment":[{"href":"https:\/\/www.europesays.com\/fr\/wp-json\/wp\/v2\/media?parent=497369"}],"wp:term":[{"taxonomy":"category","embeddable":true,"href":"https:\/\/www.europesays.com\/fr\/wp-json\/wp\/v2\/categories?post=497369"},{"taxonomy":"post_tag","embeddable":true,"href":"https:\/\/www.europesays.com\/fr\/wp-json\/wp\/v2\/tags?post=497369"}],"curies":[{"name":"wp","href":"https:\/\/api.w.org\/{rel}","templated":true}]}}