{"id":497371,"date":"2025-10-29T09:20:22","date_gmt":"2025-10-29T09:20:22","guid":{"rendered":"https:\/\/www.europesays.com\/fr\/497371\/"},"modified":"2025-10-29T09:20:22","modified_gmt":"2025-10-29T09:20:22","slug":"super-xiii-louis-jouffret-de-retour-la-ou-tout-a-commence-rugby-a-xiii","status":"publish","type":"post","link":"https:\/\/www.europesays.com\/fr\/497371\/","title":{"rendered":"Super XIII &#8211; Louis Jouffret de retour l\u00e0 o\u00f9 tout a commenc\u00e9 &#8211; Rugby \u00e0 XIII"},"content":{"rendered":"<p style=\"text-align: justify;\"><strong>Peu apr\u00e8s que les Panthers d\u2019Halifax ont officialis\u00e9 le d\u00e9part de leur demi Louis Jouffret, Avignon annonce que le joueur form\u00e9 dans le Vaucluse est de retour chez les Bisons.\u00a0<\/strong><\/p>\n<p style=\"text-align: justify;\">Retour aux bases pour Louis Jouffret. Install\u00e9 en Angleterre depuis de nombreuses saisons, le meneur ou arri\u00e8re des Panthers d\u2019Halifax a d\u00e9cid\u00e9 de mettre un terme \u00e0 sa carri\u00e8re outre-Manche pour revenir sur ses terres, \u00e0 Avignon.<\/p>\n<p style=\"text-align: justify;\">Form\u00e9 dans le Vaucluse, Louis Jouffret s\u2019envole vers l\u2019acad\u00e9mie de Warrington, avant d\u2019effectuer un retour dans l\u2019hexagone en s\u2019engageant avec la r\u00e9serve des Dragons Catalans. Entre sud de la France et Angleterre, il n\u2019y a qu\u2019un pas. Et le jeune vauclusien alterne entre saison chez les Baby Dracs et saisons \u00e0 Whitehaven, Batley, Featherstone et Halifax.<\/p>\n<p style=\"text-align: justify;\">\u00c9lu meilleur joueur des Panthers la saison derni\u00e8re, le \u00ab\u00a0Frenchie\u00a0\u00bb d\u2019Halifax a d\u00e9cid\u00e9 de fermer pour de bon la page anglaise et de revenir dans son Vaucluse natal. Un retour au meilleur moment, puisque le SOA est deuxi\u00e8me du championnat et toujours invaincu en Super XIII, il apportera son exp\u00e9rience et sa technique. Si Avignon r\u00e9alise un d\u00e9but de saison canon avec quatre victoires en autant de matchs, aucun doute que la suite risque d\u2019\u00eatre du m\u00eame acabit avec Louis Jouffret dans ses rangs.<\/p>\n<blockquote class=\"instagram-media\" data-instgrm-captioned=\"\" data-instgrm-permalink=\"https:\/\/www.instagram.com\/reel\/DQW2OFKjQTk\/?utm_source=ig_embed&amp;utm_campaign=loading\" data-instgrm-version=\"14\" style=\" background:#FFF; border:0; border-radius:3px; box-shadow:0 0 1px 0 rgba(0,0,0,0.5),0 1px 10px 0 rgba(0,0,0,0.15); margin: 1px; max-width:500px; min-width:326px; padding:0; width:99.375%; width:-webkit-calc(100% - 2px); width:calc(100% - 2px);\">\n<\/blockquote>\n<p>        <script async src=\"\/\/www.instagram.com\/embed.js\"><\/script><\/p>\n","protected":false},"excerpt":{"rendered":"Peu apr\u00e8s que les Panthers d\u2019Halifax ont officialis\u00e9 le d\u00e9part de leur demi Louis Jouffret, Avignon annonce que&hellip;\n","protected":false},"author":2,"featured_media":250307,"comment_status":"","ping_status":"","sticky":false,"template":"","format":"standard","meta":{"footnotes":""},"categories":[1416],"tags":[1011,27,38540,61988,479,2228,1468,2229,7301,60,2231,10662],"class_list":{"0":"post-497371","1":"post","2":"type-post","3":"status-publish","4":"format-standard","5":"has-post-thumbnail","7":"category-rugby","8":"tag-fr","9":"tag-france","10":"tag-halifax-panthers","11":"tag-louis-jouffret","12":"tag-rugby","13":"tag-rugby-a-xiii","14":"tag-rugby-football","15":"tag-rugby-league","16":"tag-so-avignon-xiii","17":"tag-sports","18":"tag-super-xiii","19":"tag-transferts"},"share_on_mastodon":{"url":"https:\/\/pubeurope.com\/@fr\/115456719295937950","error":""},"_links":{"self":[{"href":"https:\/\/www.europesays.com\/fr\/wp-json\/wp\/v2\/posts\/497371","targetHints":{"allow":["GET"]}}],"collection":[{"href":"https:\/\/www.europesays.com\/fr\/wp-json\/wp\/v2\/posts"}],"about":[{"href":"https:\/\/www.europesays.com\/fr\/wp-json\/wp\/v2\/types\/post"}],"author":[{"embeddable":true,"href":"https:\/\/www.europesays.com\/fr\/wp-json\/wp\/v2\/users\/2"}],"replies":[{"embeddable":true,"href":"https:\/\/www.europesays.com\/fr\/wp-json\/wp\/v2\/comments?post=497371"}],"version-history":[{"count":0,"href":"https:\/\/www.europesays.com\/fr\/wp-json\/wp\/v2\/posts\/497371\/revisions"}],"wp:featuredmedia":[{"embeddable":true,"href":"https:\/\/www.europesays.com\/fr\/wp-json\/wp\/v2\/media\/250307"}],"wp:attachment":[{"href":"https:\/\/www.europesays.com\/fr\/wp-json\/wp\/v2\/media?parent=497371"}],"wp:term":[{"taxonomy":"category","embeddable":true,"href":"https:\/\/www.europesays.com\/fr\/wp-json\/wp\/v2\/categories?post=497371"},{"taxonomy":"post_tag","embeddable":true,"href":"https:\/\/www.europesays.com\/fr\/wp-json\/wp\/v2\/tags?post=497371"}],"curies":[{"name":"wp","href":"https:\/\/api.w.org\/{rel}","templated":true}]}}