{"id":497372,"date":"2025-10-29T09:21:12","date_gmt":"2025-10-29T09:21:12","guid":{"rendered":"https:\/\/www.europesays.com\/fr\/497372\/"},"modified":"2025-10-29T09:21:12","modified_gmt":"2025-10-29T09:21:12","slug":"la-folie-fonseca-les-adieux-de-mahut-alcaraz-invite-de-luxe-une-journee-sur-les-nouveaux-courts-annexes-du-rolex-paris-masters","status":"publish","type":"post","link":"https:\/\/www.europesays.com\/fr\/497372\/","title":{"rendered":"La folie Fonseca, les adieux de Mahut, Alcaraz invit\u00e9 de luxe&#8230; Une journ\u00e9e sur les nouveaux courts annexes du Rolex Paris Masters"},"content":{"rendered":"<p>\u00c0 Roland-Garros, des billets sont vendus sur les courts Philippe-Chatrier, Suzanne-Lenglen et Simonne-Mathieu avec la possibilit\u00e9 d&rsquo;aller sur les courts annexes. Il est possible de n&rsquo;aller que sur ces derniers mais il n&rsquo;y a pas de places attitr\u00e9es.<\/p>\n<p>\u00c0 propos du Rolex Paris Masters, la billetterie concerne uniquement le court central. Le ticket donne acc\u00e8s \u00e0 tous les courts. Les courts annexes ne poss\u00e9dant pas de billetterie sp\u00e9cifique ni donc de places attitr\u00e9es, c&rsquo;est la r\u00e8gle du premier arriv\u00e9, premier servi qui est appliqu\u00e9e. Il y avait donc, \u00e0 chaque moment de la journ\u00e9e, trois ou quatre matches\u00a0: celui du Central et les trois autres.<\/p>\n","protected":false},"excerpt":{"rendered":"\u00c0 Roland-Garros, des billets sont vendus sur les courts Philippe-Chatrier, Suzanne-Lenglen et Simonne-Mathieu avec la possibilit\u00e9 d&rsquo;aller sur&hellip;\n","protected":false},"author":2,"featured_media":497373,"comment_status":"","ping_status":"","sticky":false,"template":"","format":"standard","meta":{"footnotes":""},"categories":[1415],"tags":[1011,27,60,1467],"class_list":{"0":"post-497372","1":"post","2":"type-post","3":"status-publish","4":"format-standard","5":"has-post-thumbnail","7":"category-tennis","8":"tag-fr","9":"tag-france","10":"tag-sports","11":"tag-tennis"},"share_on_mastodon":{"url":"https:\/\/pubeurope.com\/@fr\/115456723098649172","error":""},"_links":{"self":[{"href":"https:\/\/www.europesays.com\/fr\/wp-json\/wp\/v2\/posts\/497372","targetHints":{"allow":["GET"]}}],"collection":[{"href":"https:\/\/www.europesays.com\/fr\/wp-json\/wp\/v2\/posts"}],"about":[{"href":"https:\/\/www.europesays.com\/fr\/wp-json\/wp\/v2\/types\/post"}],"author":[{"embeddable":true,"href":"https:\/\/www.europesays.com\/fr\/wp-json\/wp\/v2\/users\/2"}],"replies":[{"embeddable":true,"href":"https:\/\/www.europesays.com\/fr\/wp-json\/wp\/v2\/comments?post=497372"}],"version-history":[{"count":0,"href":"https:\/\/www.europesays.com\/fr\/wp-json\/wp\/v2\/posts\/497372\/revisions"}],"wp:featuredmedia":[{"embeddable":true,"href":"https:\/\/www.europesays.com\/fr\/wp-json\/wp\/v2\/media\/497373"}],"wp:attachment":[{"href":"https:\/\/www.europesays.com\/fr\/wp-json\/wp\/v2\/media?parent=497372"}],"wp:term":[{"taxonomy":"category","embeddable":true,"href":"https:\/\/www.europesays.com\/fr\/wp-json\/wp\/v2\/categories?post=497372"},{"taxonomy":"post_tag","embeddable":true,"href":"https:\/\/www.europesays.com\/fr\/wp-json\/wp\/v2\/tags?post=497372"}],"curies":[{"name":"wp","href":"https:\/\/api.w.org\/{rel}","templated":true}]}}