{"id":49738,"date":"2025-04-24T17:53:01","date_gmt":"2025-04-24T17:53:01","guid":{"rendered":"https:\/\/www.europesays.com\/fr\/49738\/"},"modified":"2025-04-24T17:53:01","modified_gmt":"2025-04-24T17:53:01","slug":"au-bord-du-gouffre-le-refuge-animalier-de-rouen-lance-un-appel-aux-dons","status":"publish","type":"post","link":"https:\/\/www.europesays.com\/fr\/49738\/","title":{"rendered":"Au bord du gouffre, le refuge animalier de Rouen lance un appel aux dons"},"content":{"rendered":"<p class=\"paragraph text_align_left\">Face \u00e0 la situation financi\u00e8re critique de la Soci\u00e9t\u00e9 normande de la protection aux animaux (SNPA), bas\u00e9e sur l\u2019\u00eele Lacroix \u00e0 Rouen (Seine-Maritime), sa directrice g\u00e9n\u00e9rale Val\u00e9rie D\u00e8ve a d\u00e9cid\u00e9 de lancer un cri d\u2019alarme. <a href=\"https:\/\/www.helloasso.com\/associations\/snpa-de-rouen\" target=\"_blank\" rel=\"noopener\">Et un appel aux dons en ligne<\/a>. \u00ab\u00a0Si on ne trouve pas de solutions, notre structure devra mettre la cl\u00e9 sous la porte d\u2019ici deux \u00e0 quatre ans\u00a0\u00bb, assure la responsable d\u2019une association qui emploie neuf salari\u00e9s, dont sept animaliers.<\/p>\n<p>Une facture d\u2019\u00e9nergie qui a explos\u00e9<\/p>\n<p class=\"paragraph text_align_left\">\u00ab\u00a0Nous perdons entre 400\u00a0000\u00a0et 500\u00a0000 euros chaque ann\u00e9e. Pour l\u2019instant nous piochons dans notre tr\u00e9sorerie pour boucler notre budget qui tourne autour de 900\u00a0000\u00a0euros. Mais \u00e7a ne va pas pouvoir continuer comme \u00e7a\u00a0\u00bb. La faute notamment \u00e0 une hausse g\u00e9n\u00e9rale de ses charges, notamment <a href=\"https:\/\/www.leparisien.fr\/economie\/consommation\/electricite-pourquoi-les-tarifs-vont-augmenter-en-2026-25-02-2025-OC4WKQHQGJACLLA7AHNBZ3ECGI.php\" target=\"_blank\" rel=\"noopener\">sa facture \u00e9nerg\u00e9tique qui a explos\u00e9.<\/a><\/p>\n<p class=\"paragraph text_align_left\">Association totalement ind\u00e9pendante dont les origines remontent au tout d\u00e9but du XXe\u00a0si\u00e8cle, la SNPA assure aujourd\u2019hui deux fonctions compl\u00e9mentaires\u00a0: d\u2019un c\u00f4t\u00e9 un service de fourri\u00e8re pour accueillir les chiens et les chats errants qui lui sont confi\u00e9s par une quarantaine de communes de la m\u00e9tropole avec lesquelles elle a pass\u00e9 des conventions. \u00ab\u00a0Nous facturons la prise en charge des animaux auxquels s\u2019ajoutent les frais de v\u00e9t\u00e9rinaire qui peuvent s\u2019\u00e9lever \u00e0 plusieurs centaines d\u2019euros lorsqu\u2019il y a des soins \u00e0 donner\u00a0\u00bb. Avec une r\u00e8gle immuable, l\u2019euthanasie ne peut \u00eatre que la derni\u00e8re des extr\u00e9mit\u00e9s. \u00ab\u00a0On ne gagne pas d\u2019argent puisqu\u2019on ne facture que ce que cela nous co\u00fbte\u00a0\u00bb. Avec en prime les difficult\u00e9s li\u00e9es \u00e0 la prise en charge de chiens parfois difficiles \u00e0 g\u00e9rer, voire dangereux.<\/p>\n<p>Plus d\u2019une centaine de chiens et 300 chats pris en charge en 2024<\/p>\n<p class=\"paragraph text_align_left\">L\u2019autre mission du refuge rouennais est de proposer ses animaux \u00e0 l\u2019adoption avec des frais \u00e0 r\u00e9gler par les particuliers volontairement limit\u00e9s. \u00ab\u00a0Il faut que cette somme reste raisonnable pour ne pas faire fuir les familles\u00a0\u00bb, continue Val\u00e9rie D\u00e8ve tout en pr\u00e9cisant que chaque pensionnaire est propos\u00e9 vaccin\u00e9 et puc\u00e9. Et qu\u2019en 2024, l\u2019association a pris en charge une centaine de chiens et plus de 300 chats.<\/p>\n<p class=\"paragraph text_align_left\">C\u00f4t\u00e9 subventions de fonctionnement, \u00e0 part la ville de Rouen qui lui verse annuellement 20\u00a0000\u00a0euros, la marge de progression est en revanche importante. \u00ab\u00a0Nous avons d\u00e9j\u00e0 alert\u00e9 les quarante communes avec lesquelles nous travaillons, mais pour l\u2019heure \u00e7a n\u2019a pas beaucoup boug\u00e9\u00a0\u00bb, regrette la directrice g\u00e9n\u00e9rale. En revanche, depuis qu\u2019elle a pris la parole, de nombreux particuliers se sont manifest\u00e9s. Gr\u00e2ce \u00e0 leurs dons et aux legs, cela permet \u00e0 la SNPA d\u2019entretenir l\u2019espoir. Ce qui ne les emp\u00eache pas d\u2019\u00eatre victimes de certaines id\u00e9es re\u00e7ues. \u00ab\u00a0Parfois, ils pensent que nous ne fonctionnons qu\u2019avec des b\u00e9n\u00e9voles, qu\u2019on re\u00e7oit des dons en nourriture ou m\u00eame que nous sommes li\u00e9s \u00e0 la SPA qui nous verserait de l\u2019argent\u00a0\u00bb.<\/p>\n<p class=\"paragraph text_align_left\">La possibilit\u00e9 \u00e9voqu\u00e9e sur France\u00a03 par un \u00e9lu m\u00e9tropolitain de cr\u00e9er une fourri\u00e8re ind\u00e9pendante pour soulager la SNPA la laisse en revanche circonspecte. \u00ab\u00a0\u00c7a soulagerait nos animaliers des cas les plus compliqu\u00e9s \u00e0 g\u00e9rer, mais au final les animaux reviendraient chez nous pour \u00eatre propos\u00e9s \u00e0 l\u2019adoption en sachant qu\u2019ils sont nombreux \u00e0 rester plusieurs mois ou plusieurs ann\u00e9es chez nous faute de candidat\u00a0\u00bb.<\/p>\n","protected":false},"excerpt":{"rendered":"Face \u00e0 la situation financi\u00e8re critique de la Soci\u00e9t\u00e9 normande de la protection aux animaux (SNPA), bas\u00e9e sur&hellip;\n","protected":false},"author":2,"featured_media":49739,"comment_status":"","ping_status":"","sticky":false,"template":"","format":"standard","meta":{"footnotes":""},"categories":[9587],"tags":[1111,917,11,459,33,1777,674,1011,27,12,5161,25,9590,11074],"class_list":{"0":"post-49738","1":"post","2":"type-post","3":"status-publish","4":"format-standard","5":"has-post-thumbnail","7":"category-rouen","8":"tag-actu","9":"tag-actu-locale","10":"tag-actualites","11":"tag-departements-horsidfo","12":"tag-economie","13":"tag-eu","14":"tag-europe","15":"tag-fr","16":"tag-france","17":"tag-news","18":"tag-normandie","19":"tag-republique-francaise","20":"tag-rouen","21":"tag-seine-maritime-76"},"share_on_mastodon":{"url":"","error":""},"_links":{"self":[{"href":"https:\/\/www.europesays.com\/fr\/wp-json\/wp\/v2\/posts\/49738","targetHints":{"allow":["GET"]}}],"collection":[{"href":"https:\/\/www.europesays.com\/fr\/wp-json\/wp\/v2\/posts"}],"about":[{"href":"https:\/\/www.europesays.com\/fr\/wp-json\/wp\/v2\/types\/post"}],"author":[{"embeddable":true,"href":"https:\/\/www.europesays.com\/fr\/wp-json\/wp\/v2\/users\/2"}],"replies":[{"embeddable":true,"href":"https:\/\/www.europesays.com\/fr\/wp-json\/wp\/v2\/comments?post=49738"}],"version-history":[{"count":0,"href":"https:\/\/www.europesays.com\/fr\/wp-json\/wp\/v2\/posts\/49738\/revisions"}],"wp:featuredmedia":[{"embeddable":true,"href":"https:\/\/www.europesays.com\/fr\/wp-json\/wp\/v2\/media\/49739"}],"wp:attachment":[{"href":"https:\/\/www.europesays.com\/fr\/wp-json\/wp\/v2\/media?parent=49738"}],"wp:term":[{"taxonomy":"category","embeddable":true,"href":"https:\/\/www.europesays.com\/fr\/wp-json\/wp\/v2\/categories?post=49738"},{"taxonomy":"post_tag","embeddable":true,"href":"https:\/\/www.europesays.com\/fr\/wp-json\/wp\/v2\/tags?post=49738"}],"curies":[{"name":"wp","href":"https:\/\/api.w.org\/{rel}","templated":true}]}}