{"id":497382,"date":"2025-10-29T09:31:15","date_gmt":"2025-10-29T09:31:15","guid":{"rendered":"https:\/\/www.europesays.com\/fr\/497382\/"},"modified":"2025-10-29T09:31:15","modified_gmt":"2025-10-29T09:31:15","slug":"orelsan-qui-est-sa-femme-la-discrete-ahelya","status":"publish","type":"post","link":"https:\/\/www.europesays.com\/fr\/497382\/","title":{"rendered":"Orelsan : qui est sa femme, la discr\u00e8te Ah\u00e9lya ?"},"content":{"rendered":"<p>Orelsan encha\u00eene les projets. Apr\u00e8s avoir captiv\u00e9 le public avec<br \/>\n<a href=\"https:\/\/www.closermag.fr\/people\/orelsan-cette-decision-radicale-qui-pourrait-donner-un-tout-nouveau-tournant-a-sa-carriere-1704782\" target=\"_blank\" rel=\"noopener\"><br \/>\nYoro\u00ef, son film d\u2019animation<\/a> d\u00e9voil\u00e9 d\u00e9but octobre,<br \/>\n<a href=\"https:\/\/www.closermag.fr\/people\/j-aurais-du-enlever-mon-alliance-orelsan-gene-de-parler-de-sa-vie-privee-1433085\" target=\"_blank\" rel=\"noopener\"><br \/>\nle rappeur normand<\/a> pr\u00e9pare activement la sortie de son nouvel<br \/>\nalbum, tr\u00e8s attendu par ses fans. Mais derri\u00e8re l\u2019artiste se cache<br \/>\nun homme combl\u00e9, qui m\u00e8ne une vie de couple discr\u00e8te mais solide<br \/>\navec <strong>Ah\u00e9lya Randriambolaina,<\/strong> la femme qui partage<br \/>\nsa vie depuis plusieurs ann\u00e9es.<\/p>\n<p>Loin de la sc\u00e8ne et des projecteurs, Ah\u00e9lya cultive la<br \/>\ndiscr\u00e9tion. Cette jeune femme d\u2019origine malgache, <strong>dipl\u00f4m\u00e9e<br \/>\nen communication,<\/strong> a longtemps travaill\u00e9 dans une agence de<br \/>\nconseil en strat\u00e9gie num\u00e9rique avant de s\u2019orienter vers le<br \/>\nmarketing, domaine dans lequel elle occupe aujourd\u2019hui un poste de<br \/>\ndirection. Ensemble, le couple m\u00e8ne une existence paisible \u00e0 Paris,<br \/>\ndans un loft au charme industriel situ\u00e9 pr\u00e8s du canal<br \/>\nSaint-Martin.<\/p>\n<p><img loading=\"lazy\" decoding=\"async\" itemprop=\"thumbnailUrl\" class=\"aligncenter size-large wp-image-3590032 img-responsive\" src=\"https:\/\/www.europesays.com\/fr\/wp-content\/uploads\/2025\/10\/bestimage_00622210_000001-683x1024.jpg\" alt=\"Orelsan avec sa femme \" width=\"683\" height=\"1024\"\/><br \/>\n\u00a9<br \/>\nBestimage<\/p>\n<p>L&rsquo;\u00e9pouse d&rsquo;Orelsan, une femme de l&rsquo;ombre<\/p>\n<p>Le <a href=\"https:\/\/www.closermag.fr\/people\/orelsan-accuse-de-racisme-pourquoi-sa-derniere-chanson-fait-polemique-1474498\" target=\"_blank\" rel=\"noopener\"><br \/>\nchanteur pol\u00e9mique<\/a> s\u2019\u00e9tait d\u2019ailleurs confi\u00e9 sur leur int\u00e9rieur<br \/>\ndans un reportage de l\u2019\u00e9mission C\u00f4t\u00e9 Maison en 2018 : \u201cIl y a des<br \/>\nmeubles r\u00e9cup\u00e9r\u00e9s chez mes parents, d\u2019autres trouv\u00e9s en brocante\u2026<br \/>\nMais maintenant, ma copine s\u2019est install\u00e9e chez moi et elle essaye<br \/>\nd\u2019harmoniser l\u2019ensemble.\u201d. Cette vie \u00e0 deux, construite loin du<br \/>\ntumulte m\u00e9diatique, repose sur une complicit\u00e9 solide.<\/p>\n<p>Apr\u00e8s plusieurs ann\u00e9es d\u2019amour discret, <a href=\"https:\/\/www.closermag.fr\/people\/dans-quoi-je-m-embarque-pourquoi-orelsan-a-panique-le-jour-de-son-mariage-1659432\" target=\"_blank\" rel=\"noopener\"><br \/>\nOrelsan et Ah\u00e9lya se sont mari\u00e9s<\/a> \u00e0 l\u2019\u00e9t\u00e9 2021, dans la plus<br \/>\ngrande simplicit\u00e9, \u00e0 la mairie de Caen, la ville d\u2019origine du<br \/>\nrappeur. Peu de photos de la c\u00e9r\u00e9monie ont circul\u00e9, fid\u00e8le \u00e0 leur<br \/>\nvolont\u00e9 de pr\u00e9server leur intimit\u00e9. Mais c\u2019est lors de<br \/>\nl\u2019avant-premi\u00e8re de Yoro\u00ef, le 9 octobre dernier,<br \/>\nqu\u2019Orelsan a cr\u00e9\u00e9 la surprise en r\u00e9v\u00e9lant un pan encore m\u00e9connu de<br \/>\nsa vie priv\u00e9e : il est <a href=\"https:\/\/www.closermag.fr\/people\/orelsan-son-nouveau-bebe-en-route-une-semaine-apres-avoir-revele-quil-etait-papa-dun-petit-garcon-3589748\" target=\"_blank\" rel=\"noopener\"><br \/>\npapa d\u2019un petit gar\u00e7on de deux ans.\u00a0<\/a><\/p>\n<p>\u00ab\u00a0J&rsquo;ai d\u00e9j\u00e0 un enfant\u00a0\u00bb<\/p>\n<p>Face \u00e0 une question du public, l\u2019artiste a r\u00e9pondu avec son<br \/>\nhumour habituel : \u201cJ\u2019ai d\u00e9j\u00e0 un enfant ! On le voit d\u2019ailleurs<br \/>\n\u00e0 la fin du film, tr\u00e8s bri\u00e8vement. Peu de gens le savent parce que<br \/>\nje n\u2019ai pas fait de post avec le b\u00e9b\u00e9 dans les bras, mais<br \/>\n<strong>j\u2019ai un fils de deux ans\u201d.<\/strong><\/p>\n<p>Quelques jours plus tard, sur le plateau de 20h30 le dimanche,<br \/>\nil a confi\u00e9 \u00e0 Laurent Delahousse : \u201cC\u2019est quelque chose que<br \/>\nj\u2019ai fait naturellement. Je ne l\u2019ai m\u00eame pas vraiment cach\u00e9, je<br \/>\nn\u2019en ai juste pas parl\u00e9\u201d. \u00c0 43 ans, <a href=\"https:\/\/www.closermag.fr\/people\/orelsan-papa-depuis-2-ans-lannonce-surprise-du-rappeur-3585975\" target=\"_blank\" rel=\"noopener\"><br \/>\nOrelsan, papa,<\/a> semble avoir trouv\u00e9 un \u00e9quilibre entre carri\u00e8re<br \/>\net vie personnelle. Toujours accompagn\u00e9 par Ah\u00e9lya, il continue<br \/>\nd\u2019\u00e9crire, de cr\u00e9er et de se r\u00e9inventer, sans jamais c\u00e9der \u00e0 la<br \/>\nsurm\u00e9diatisation.<\/p>\n","protected":false},"excerpt":{"rendered":"Orelsan encha\u00eene les projets. Apr\u00e8s avoir captiv\u00e9 le public avec Yoro\u00ef, son film d\u2019animation d\u00e9voil\u00e9 d\u00e9but octobre, le&hellip;\n","protected":false},"author":2,"featured_media":497383,"comment_status":"","ping_status":"","sticky":false,"template":"","format":"standard","meta":{"footnotes":""},"categories":[1355],"tags":[1193,58,59,1011,27,1361,873],"class_list":{"0":"post-497382","1":"post","2":"type-post","3":"status-publish","4":"format-standard","5":"has-post-thumbnail","7":"category-musique","8":"tag-couple","9":"tag-divertissement","10":"tag-entertainment","11":"tag-fr","12":"tag-france","13":"tag-music","14":"tag-musique"},"share_on_mastodon":{"url":"https:\/\/pubeurope.com\/@fr\/115456763123384112","error":""},"_links":{"self":[{"href":"https:\/\/www.europesays.com\/fr\/wp-json\/wp\/v2\/posts\/497382","targetHints":{"allow":["GET"]}}],"collection":[{"href":"https:\/\/www.europesays.com\/fr\/wp-json\/wp\/v2\/posts"}],"about":[{"href":"https:\/\/www.europesays.com\/fr\/wp-json\/wp\/v2\/types\/post"}],"author":[{"embeddable":true,"href":"https:\/\/www.europesays.com\/fr\/wp-json\/wp\/v2\/users\/2"}],"replies":[{"embeddable":true,"href":"https:\/\/www.europesays.com\/fr\/wp-json\/wp\/v2\/comments?post=497382"}],"version-history":[{"count":0,"href":"https:\/\/www.europesays.com\/fr\/wp-json\/wp\/v2\/posts\/497382\/revisions"}],"wp:featuredmedia":[{"embeddable":true,"href":"https:\/\/www.europesays.com\/fr\/wp-json\/wp\/v2\/media\/497383"}],"wp:attachment":[{"href":"https:\/\/www.europesays.com\/fr\/wp-json\/wp\/v2\/media?parent=497382"}],"wp:term":[{"taxonomy":"category","embeddable":true,"href":"https:\/\/www.europesays.com\/fr\/wp-json\/wp\/v2\/categories?post=497382"},{"taxonomy":"post_tag","embeddable":true,"href":"https:\/\/www.europesays.com\/fr\/wp-json\/wp\/v2\/tags?post=497382"}],"curies":[{"name":"wp","href":"https:\/\/api.w.org\/{rel}","templated":true}]}}