{"id":497384,"date":"2025-10-29T09:32:12","date_gmt":"2025-10-29T09:32:12","guid":{"rendered":"https:\/\/www.europesays.com\/fr\/497384\/"},"modified":"2025-10-29T09:32:12","modified_gmt":"2025-10-29T09:32:12","slug":"belle-de-jour-lenvers-du-fantasme-le-desir-masculin-coeur-et-chair-du-roman-de-kessel","status":"publish","type":"post","link":"https:\/\/www.europesays.com\/fr\/497384\/","title":{"rendered":"\u00ab\u00a0Belle de jour, l\u2019envers du fantasme\u00a0\u00bb\u00a0: le d\u00e9sir masculin, c\u0153ur (et chair) du roman de Kessel"},"content":{"rendered":"<p>\u00ab\u00a0Les grands romans du scandale\u00a0\u00bb est une collection <a href=\"https:\/\/www.humanite.fr\/medias\/anti-avortement\/sexe-faible-lamerique-en-guerre-contre-ses-femmes-enquete-sur-la-misogynie-detat\" rel=\"nofollow noopener\" target=\"_blank\">de documentaires qu\u2019Arte<\/a> diffuse depuis plusieurs ann\u00e9es. En cette sixi\u00e8me saison, avant Portnoy et son complexe, de Philip Roth, et La case de l\u2019oncle Tom, d\u2019Harriet Beecher Stowe, la s\u00e9rie revient sur l\u2019affaire Belle de jour, de Joseph Kessel. Le roman, sorti en 1928, scandalisa les journaux et l\u2019opinion publique pourtant empreints d\u2019effervescence culturelle en cette fin de d\u00e9cennie des Ann\u00e9es folles.<\/p>\n<p>Par le biais<strong> <\/strong>d\u2019actrices et d\u2019acteurs<strong> <\/strong>qui lisent les revues litt\u00e9raires et les avis offusqu\u00e9s des lectrices de l\u2019\u00e9poque, la r\u00e9alisatrice Manon Prigent rappelle le d\u00e9sordre intellectuel provoqu\u00e9 par les m\u0153urs de l\u2019h\u00e9ro\u00efne du livre. <a href=\"https:\/\/www.humanite.fr\/en-debat\/fiscalite\/bourgeois-patrons-on-arrive-qui-a-peur-du-nouveau-front-populaire\" rel=\"nofollow noopener\" target=\"_blank\">Bourgeoise<\/a> bien mari\u00e9e mais malheureuse dans le lit conjugal, S\u00e9verine passe ses apr\u00e8s-midi dans une maison de rendez-vous, o\u00f9 sous le pseudo \u00ab\u00a0Belle de jour\u00a0\u00bb, elle se prostitue et jouit d\u2019\u00eatre domin\u00e9e et chahut\u00e9e.<\/p>\n<p>Quelque quarante ans plus tard, l\u2019adaptation cin\u00e9matographique de Luis Bu\u00f1uel <a href=\"https:\/\/www.humanite.fr\/medias\/catherine-deneuve\/arte-devoile-une-retrospective-inedite-de-catherine-deneuve\" rel=\"nofollow noopener\" target=\"_blank\">avec Catherine Deneuve<\/a>, \u00e0 peine sortie des Demoiselles de Rochefort, dans le r\u00f4le de l\u2019\u00e9pouse d\u00e9vergond\u00e9e fit un nouvel esclandre.<\/p>\n<p>Quel regard poser aujourd\u2019hui sur l\u2019\u0153uvre de Joseph Kessel, un si\u00e8cle apr\u00e8s sa parution\u00a0? Pour y r\u00e9pondre, la documentariste a r\u00e9uni sept femmes, <a href=\"https:\/\/www.humanite.fr\/societe\/esclavage-sexuel\/lancement-du-proces-de-dadi-et-de-ses-complices-accuses-davoir-organise-un-reseau-de-prostitution-dadolescentes\" rel=\"nofollow noopener\" target=\"_blank\">toutes travailleuses du sexe<\/a> en activit\u00e9 ou rang\u00e9es du m\u00e9tier. L\u2019une d\u2019elles, Emma Becker, a fait de sa pratique de la prostitution une \u00e9tude quasi sociologique, qu\u2019elle raconte dans son livre la Maison.<\/p>\n<p>Toutes commentent Belle de jour qu\u2019elles ont lu, en revenant sur leurs exp\u00e9riences et celles de leurs clients. Et font le tour des tabous et des fantasmes en dressant sans langue de bois un \u00e9tat des lieux contemporain du d\u00e9sir masculin, finalement le sujet sous-jacent du roman. Si Madame Bovary, c\u2019est Flaubert, est-ce que S\u00e9verine, c\u2019est Joseph Kessel\u00a0?<\/p>\n<p class=\"wp-block-huma-titre-oeuvre\">\u00ab\u00a0Belle de jour\u00a0\u00bb\u00a0: l\u2019envers du fantasme de Manon Prigent, Arte, diffus\u00e9 le 29\u00a0octobre \u00e0 22\u00a0h\u00a020, d\u00e9j\u00e0 disponible sur Arte.tv<\/p>\n<p>Au plus pr\u00e8s de celles et ceux qui cr\u00e9ent<\/p>\n<p>L\u2019Humanit\u00e9 a toujours revendiqu\u00e9 l\u2019id\u00e9e que <strong>la culture n\u2019est pas une marchandise<\/strong>, qu\u2019elle est une condition de la vie politique et de l\u2019\u00e9mancipation humaine.<\/p>\n<p>Face \u00e0 des politiques culturelles lib\u00e9rales, qui fragilisent le service public de la culture, le journal rend compte de la r\u00e9sistance des cr\u00e9ateurs et de tous les personnels de la culture, mais aussi des solidarit\u00e9s du public.<\/p>\n<p>Les partis pris insolites, audacieux, singuliers sont la marque de fabrique des pages culture du journal. Nos journalistes explorent <strong>les coulisses du monde de la culture et la gen\u00e8se des \u0153uvres<\/strong> qui font et bousculent l\u2019actualit\u00e9.<\/p>\n<p><strong>Aidez-nous \u00e0 d\u00e9fendre une id\u00e9e ambitieuse de la culture\u00a0!<\/strong><br \/><a href=\"https:\/\/www.humanite.fr\/lhumanite-cest-vous\" rel=\"nofollow noopener\" target=\"_blank\">Je veux en savoir plus\u00a0!<\/a><\/p>\n","protected":false},"excerpt":{"rendered":"\u00ab\u00a0Les grands romans du scandale\u00a0\u00bb est une collection de documentaires qu\u2019Arte diffuse depuis plusieurs ann\u00e9es. En cette sixi\u00e8me&hellip;\n","protected":false},"author":2,"featured_media":497385,"comment_status":"","ping_status":"","sticky":false,"template":"","format":"standard","meta":{"footnotes":""},"categories":[1354],"tags":[6835,17599,58,1190,59,1346,1011,27,61989,1360,2899],"class_list":{"0":"post-497384","1":"post","2":"type-post","3":"status-publish","4":"format-standard","5":"has-post-thumbnail","7":"category-films","8":"tag-arte","9":"tag-catherine-deneuve","10":"tag-divertissement","11":"tag-documentaire","12":"tag-entertainment","13":"tag-films","14":"tag-fr","15":"tag-france","16":"tag-luis-buu00f1uel","17":"tag-movies","18":"tag-prostitution"},"share_on_mastodon":{"url":"https:\/\/pubeurope.com\/@fr\/115456766500762580","error":""},"_links":{"self":[{"href":"https:\/\/www.europesays.com\/fr\/wp-json\/wp\/v2\/posts\/497384","targetHints":{"allow":["GET"]}}],"collection":[{"href":"https:\/\/www.europesays.com\/fr\/wp-json\/wp\/v2\/posts"}],"about":[{"href":"https:\/\/www.europesays.com\/fr\/wp-json\/wp\/v2\/types\/post"}],"author":[{"embeddable":true,"href":"https:\/\/www.europesays.com\/fr\/wp-json\/wp\/v2\/users\/2"}],"replies":[{"embeddable":true,"href":"https:\/\/www.europesays.com\/fr\/wp-json\/wp\/v2\/comments?post=497384"}],"version-history":[{"count":0,"href":"https:\/\/www.europesays.com\/fr\/wp-json\/wp\/v2\/posts\/497384\/revisions"}],"wp:featuredmedia":[{"embeddable":true,"href":"https:\/\/www.europesays.com\/fr\/wp-json\/wp\/v2\/media\/497385"}],"wp:attachment":[{"href":"https:\/\/www.europesays.com\/fr\/wp-json\/wp\/v2\/media?parent=497384"}],"wp:term":[{"taxonomy":"category","embeddable":true,"href":"https:\/\/www.europesays.com\/fr\/wp-json\/wp\/v2\/categories?post=497384"},{"taxonomy":"post_tag","embeddable":true,"href":"https:\/\/www.europesays.com\/fr\/wp-json\/wp\/v2\/tags?post=497384"}],"curies":[{"name":"wp","href":"https:\/\/api.w.org\/{rel}","templated":true}]}}