{"id":497386,"date":"2025-10-29T09:33:10","date_gmt":"2025-10-29T09:33:10","guid":{"rendered":"https:\/\/www.europesays.com\/fr\/497386\/"},"modified":"2025-10-29T09:33:10","modified_gmt":"2025-10-29T09:33:10","slug":"en-france-des-dizaines-de-milliers-de-victimes-mal-soignees","status":"publish","type":"post","link":"https:\/\/www.europesays.com\/fr\/497386\/","title":{"rendered":"En France, des dizaines de milliers de victimes mal soign\u00e9es"},"content":{"rendered":"<p>Cruel paradoxe pour les victimes fran\u00e7aises d\u2019<a href=\"https:\/\/www.20minutes.fr\/dossier\/avc\" class=\"c-link c-link--is-underlined\" target=\"_blank\" rel=\"noopener\">AVC<\/a>. Alors que d\u2019immenses progr\u00e8s m\u00e9dicaux ont \u00e9t\u00e9 accomplis, une grande partie des patients en profitent trop tard, voire pas du tout. \u00ab\u00a0Il faut se concentrer sur l\u2019offre de soins et la mise en \u0153uvre de ces magnifiques d\u00e9couvertes\u00a0\u00bb, r\u00e9sume la neurologue Charlotte Cordonnier, pr\u00e9sidente de la Soci\u00e9t\u00e9 Fran\u00e7aise Neurovasculaire.<\/p>\n<p>Chaque ann\u00e9e, les AVC tuent 35.000 Fran\u00e7ais, repr\u00e9sentant la premi\u00e8re cause de mortalit\u00e9 f\u00e9minine et la seconde masculine. Les survivants sont souvent frapp\u00e9s d\u2019importantes s\u00e9quelles. Or, selon les sp\u00e9cialistes, de nombreux patients sont mal pris en charge, que ce soit lors du d\u00e9clenchement de leurs sympt\u00f4mes ou dans leur suivi \u00e0 plus long terme.<\/p>\n<p>Des progr\u00e8s spectaculaires<\/p>\n<p>Pourtant, depuis la fin des ann\u00e9es\u00a01990, les innovations m\u00e9dicales se sont multipli\u00e9es. Du moins pour leur forme la plus courante qui est provoqu\u00e9e par l\u2019obstruction d\u2019une art\u00e8re par un caillot. Depuis les ann\u00e9es\u00a02000, la thrombolyse par intraveineuse vise \u00e0 dissoudre le caillot incrimin\u00e9. Et depuis le milieu des ann\u00e9es\u00a02010, la thrombectomie m\u00e9canique permet de directement retirer le caillot \u00e0 l\u2019aide d\u2019un tube qui traverse le corps de la jambe au cerveau.<\/p>\n<p>Autre avanc\u00e9e majeure\u00a0: la cr\u00e9ation d\u2019unit\u00e9s neurovasculaires dans les h\u00f4pitaux qui multiplient les chances de r\u00e9tablissement. Depuis une grosse vingtaine d\u2019ann\u00e9es, la mortalit\u00e9 a diminu\u00e9 de moiti\u00e9. Un patient sur quatre meurt d\u2019un AVC en France et non plus un sur deux. Pourtant, tout le monde ne profite pas de ces avanc\u00e9es.<\/p>\n<p>Manque d\u2019information<\/p>\n<p>Ce constat est relay\u00e9 cette semaine par deux grandes institutions\u00a0: la Haute Autorit\u00e9 de <a href=\"https:\/\/www.20minutes.fr\/sante\/\" class=\"c-link c-link--is-underlined\" target=\"_blank\" rel=\"noopener\">sant\u00e9<\/a> et la <a href=\"https:\/\/www.20minutes.fr\/dossier\/cour_des_comptes\" class=\"c-link c-link--is-underlined\" target=\"_blank\" rel=\"noopener\">Cour des comptes<\/a>. Dans des publications s\u00e9par\u00e9es, elles formulent des recommandations qui se recoupent largement. D\u2019abord am\u00e9liorer l\u2019information car, \u00e0 l\u2019apparition des sympt\u00f4mes (paralysie soudaine d\u2019un membre, troubles brusques de la parole, perte de la vision d\u2019un \u0153il\u2026), trop de patients ne r\u00e9agissent pas en appelant le 15 en urgence alors que chaque minute compte.<\/p>\n<\/p>\n<p>Mais, surtout, elles pointent les in\u00e9galit\u00e9s de prise en charge, en particulier territoriales. Selon la Cour des comptes, la moiti\u00e9 seulement des victimes d\u2019AVC est conduite dans une unit\u00e9 sp\u00e9cialis\u00e9e, par manque notamment de lits et de personnel. \u00c0 plus long terme, les patients sont mal suivis, un tiers d\u2019entre eux ne rejoignent pas un service de r\u00e9\u00e9ducation, mettant en danger leurs chances de se r\u00e9tablir, voire d\u2019\u00e9viter une r\u00e9cidive.<\/p>\n<p><a href=\"https:\/\/www.20minutes.fr\/dossier\/avc\" class=\"c-link c-btn c-btn--primary\" target=\"_blank\" rel=\"noopener\">Notre dossier sur les AVC<\/a><\/p>\n<p>La Cour recommande la relance d\u2019un grand plan national, comme au d\u00e9but des ann\u00e9es\u00a02010. Les sp\u00e9cialistes y voient le signe d\u2019un relatif manque de visibilit\u00e9 voire d\u2019une forme de tabou, estimant qu\u2019une c\u00e9l\u00e9brit\u00e9 sera plus encline \u00e0 \u00e9voquer publiquement son cancer que son AVC. Pourtant, \u00ab\u00a0en France, il y a un AVC toutes les 4 minutes, on ne parle pas d\u2019une maladie rare\u00a0\u00bb, conclut Charlotte Cordonnier.<\/p>\n","protected":false},"excerpt":{"rendered":"Cruel paradoxe pour les victimes fran\u00e7aises d\u2019AVC. Alors que d\u2019immenses progr\u00e8s m\u00e9dicaux ont \u00e9t\u00e9 accomplis, une grande partie&hellip;\n","protected":false},"author":2,"featured_media":497387,"comment_status":"","ping_status":"","sticky":false,"template":"","format":"standard","meta":{"footnotes":""},"categories":[10],"tags":[47,860,15721,1011,27,72,959,71],"class_list":{"0":"post-497386","1":"post","2":"type-post","3":"status-publish","4":"format-standard","5":"has-post-thumbnail","7":"category-sante","8":"tag-actualite","9":"tag-avc","10":"tag-cour-des-comptes","11":"tag-fr","12":"tag-france","13":"tag-health","14":"tag-recherche","15":"tag-sante"},"share_on_mastodon":{"url":"https:\/\/pubeurope.com\/@fr\/115456770352932384","error":""},"_links":{"self":[{"href":"https:\/\/www.europesays.com\/fr\/wp-json\/wp\/v2\/posts\/497386","targetHints":{"allow":["GET"]}}],"collection":[{"href":"https:\/\/www.europesays.com\/fr\/wp-json\/wp\/v2\/posts"}],"about":[{"href":"https:\/\/www.europesays.com\/fr\/wp-json\/wp\/v2\/types\/post"}],"author":[{"embeddable":true,"href":"https:\/\/www.europesays.com\/fr\/wp-json\/wp\/v2\/users\/2"}],"replies":[{"embeddable":true,"href":"https:\/\/www.europesays.com\/fr\/wp-json\/wp\/v2\/comments?post=497386"}],"version-history":[{"count":0,"href":"https:\/\/www.europesays.com\/fr\/wp-json\/wp\/v2\/posts\/497386\/revisions"}],"wp:featuredmedia":[{"embeddable":true,"href":"https:\/\/www.europesays.com\/fr\/wp-json\/wp\/v2\/media\/497387"}],"wp:attachment":[{"href":"https:\/\/www.europesays.com\/fr\/wp-json\/wp\/v2\/media?parent=497386"}],"wp:term":[{"taxonomy":"category","embeddable":true,"href":"https:\/\/www.europesays.com\/fr\/wp-json\/wp\/v2\/categories?post=497386"},{"taxonomy":"post_tag","embeddable":true,"href":"https:\/\/www.europesays.com\/fr\/wp-json\/wp\/v2\/tags?post=497386"}],"curies":[{"name":"wp","href":"https:\/\/api.w.org\/{rel}","templated":true}]}}