{"id":497392,"date":"2025-10-29T09:36:19","date_gmt":"2025-10-29T09:36:19","guid":{"rendered":"https:\/\/www.europesays.com\/fr\/497392\/"},"modified":"2025-10-29T09:36:19","modified_gmt":"2025-10-29T09:36:19","slug":"amazon-fait-perdre-plus-de-30-a-cette-batterie-externe-20-000-mah-145-w-avec-triple-port","status":"publish","type":"post","link":"https:\/\/www.europesays.com\/fr\/497392\/","title":{"rendered":"Amazon fait perdre plus de 30 % \u00e0 cette batterie externe 20 000 mAh (145 W) avec triple port"},"content":{"rendered":"<p>Avec sa tr\u00e8s grande capacit\u00e9, sa puissance de recharge ph\u00e9nom\u00e9nale et plusieurs ports pour recharger diff\u00e9rents appareils simultan\u00e9ment, la batterie externe Ugreen Nexode est le parfait compagnon \u00e0 avoir dans sa poche. Aujourd\u2019hui, elle se n\u00e9gocie \u00e0 47 euros contre 69 euros habituellement. <\/p>\n<p><a target=\"_blank\" href=\"https:\/\/images.frandroid.com\/wp-content\/uploads\/2025\/10\/ugreen-nexode-145-w.jpg\" class=\"article-content__figure\" rel=\"noopener\"><img fetchpriority=\"high\" decoding=\"async\" loading=\"eager\" width=\"1200\" height=\"675\" src=\"https:\/\/www.europesays.com\/fr\/wp-content\/uploads\/2025\/10\/ugreen-nexode-145-w.jpg\" alt=\"\" class=\"wp-image-2845427 wp-image wp-image\"  \/><\/a>Ugreen Nexode 145 W \/\/ Source : amazon.fr<\/p>\n<p>Une batterie externe s\u2019av\u00e8re tr\u00e8s utile au quotidien et surtout pendant les voyages o\u00f9 l\u2019on a tendance \u00e0 exploiter \u00e0 fond notre <a href=\"https:\/\/www.frandroid.com\/guide-dachat\/smartphones\/332196_10-smartphones-attendus-debut-2016\" target=\"_blank\" rel=\"noopener\">smartphone<\/a> en prenant des photos, en utilisant le GPS ou d\u2019autres applications qui ont tendance \u00e0 faire chuter l\u2019autonomie rapidement. Avec celle de Ugreen, vous avez un appareil tr\u00e8s pratique si vous pr\u00e9voyez de partir loin de tout chargeur ou prise et qui ne manque pas de puissance. Et si ce genre de produit vous fait de l\u2019oeil, sachez que la Nexode d\u2019Ugreen avec 145 W de puissance <a href=\"https:\/\/shop.frandroid.com\/g685z5il\" target=\"_blank\" rel=\"noreferrer noopener affiliate nofollow\" data-gtm=\"{&quot;event&quot;:&quot;afficlic&quot;,&quot;nom_marchand&quot;:&quot;amazon_fr&quot;,&quot;nom_produit&quot;:&quot;inconnu&quot;,&quot;categorie_produit&quot;:&quot;inconnu&quot;,&quot;module_produit&quot;:&quot;editolink&quot;,&quot;position_marchand&quot;:0,&quot;texte&quot;:&quot;coute-32-de-moins-sur-amazon&quot;,&quot;offer_url&quot;:&quot;https:\/\/shop.frandroid.com\/g685z5il&quot;,&quot;zone&quot;:&quot;contenu-page&quot;}\">co\u00fbte 32 % de moins sur Amazon<\/a>. <\/p>\n<p>Pourquoi choisir la batterie Ugreen Nexode ? <\/p>\n<ul class=\"wp-block-list\">\n<li>Une batterie compacte avec une capacit\u00e9 de 20 000 mAh<\/li>\n<li>Une puissance de charge jusqu\u2019\u00e0 145 W<\/li>\n<li>Deux ports USB-C et un port USB-A<\/li>\n<\/ul>\n<p>Avec un prix conseill\u00e9 \u00e0 69,99 euros, la batterie Ugreen Nexode se n\u00e9gocie <a href=\"https:\/\/shop.frandroid.com\/g685z5il\" target=\"_blank\" rel=\"noreferrer noopener affiliate nofollow\" data-gtm=\"{&quot;event&quot;:&quot;afficlic&quot;,&quot;nom_marchand&quot;:&quot;amazon_fr&quot;,&quot;nom_produit&quot;:&quot;inconnu&quot;,&quot;categorie_produit&quot;:&quot;inconnu&quot;,&quot;module_produit&quot;:&quot;editolink&quot;,&quot;position_marchand&quot;:0,&quot;texte&quot;:&quot;actuellement-a-47-49-euros-sur-le-site-d-amazon&quot;,&quot;offer_url&quot;:&quot;https:\/\/shop.frandroid.com\/g685z5il&quot;,&quot;zone&quot;:&quot;contenu-page&quot;}\">actuellement \u00e0 47,49 euros sur le site d\u2019Amazon.<\/a> <\/p>\n<p>Une petite batterie avec un grande capacit\u00e9 <\/p>\n<p>Ugreen ne n\u00e9glige pas l\u2019esth\u00e9tique de sa batterie externe Nexode. Elle jouit d\u2019un joli coloris gris anthracite plut\u00f4t discret qui parvient \u00e0 se fondre dans son environnement dans tous les sens du terme.\u00a0 Ses dimensions compactes et notamment son \u00e9paisseur de 3 cm permettent de la ranger facilement dans une poche. <\/p>\n<p>Sa taille est appr\u00e9ciable sans pour autant avoir une incidence sur sa capacit\u00e9, avec 20 000 mAh, on se dit qu\u2019elle aurait pu \u00eatre bien plus massive, et ce n\u2019est pas le cas. D\u2019apr\u00e8s la marque, elle est capable de\u00a0recharger trois fois un <a href=\"https:\/\/www.frandroid.com\/marques\/samsung\/2482652_test-samsung-galaxy-s25-ultra\" target=\"_blank\" rel=\"noopener\">Galaxy S25 Ultra<\/a> et une fois un <a href=\"https:\/\/www.frandroid.com\/produits\/pc-portables\/apple\/2536741-apple-macbook-air-13-m4-2025\" target=\"_blank\" rel=\"noopener\">MacBook Air 13<\/a>. <\/p>\n<p>Avec une belle puissance de recharge <\/p>\n<p>Avec une grande capacit\u00e9, on a aussi droit \u00e0 un bon niveau de puissance de recharge : elle s\u2019\u00e9l\u00e8ve jusqu\u2019\u00e0 145 W. Cela suffit largement pour recharger son ordinateur portable. D\u2019ailleurs, cet appareil nomade permet de charger trois appareils simultan\u00e9ment, la puissance est r\u00e9partie de la mani\u00e8re suivante, un port USB-C \u00e0 100 W, l\u2019autre \u00e0 45 W\u00a0et le port USB-A monte jusqu\u2019\u00e0 33 W.\u00a0La marque assure qu\u2019il suffit de 30 minutes pour r\u00e9cup\u00e9rer la moiti\u00e9 de la batterie du\u00a0<a href=\"https:\/\/www.frandroid.com\/produits\/pc-portables\/apple\/1842821-apple-macbook-pro-16-m3-pro-2023\" target=\"_blank\" rel=\"noopener\">MacBook Pro 16 pouces<\/a>. <\/p>\n<p>Pour finir, Ugreen \u00e9quipe sa batterie d\u2019un c\u00e2ble USB-C tress\u00e9 directement int\u00e9gr\u00e9 dessus et d\u2019un petit \u00e9cran sur la fa\u00e7ade et affiche le niveau de la batterie, le courant et la tension en temps r\u00e9el, ainsi que la puissance des diff\u00e9rents ports. <\/p>\n<p>Si vous souhaitez d\u00e9couvrir d\u2019autres mod\u00e8les que nous recommandons, nous vous invitons d\u00e8s maintenant \u00e0 consulter\u00a0<a href=\"https:\/\/www.frandroid.com\/guide-dachat\/410310_guide-achat-batterie-externe\" target=\"_blank\" rel=\"noopener\">notre guide des meilleures batteries externes du moment<\/a>.<\/p>\n<p>Le saviez-vous ? Google News vous permet de choisir vos m\u00e9dias. Ne passez pas \u00e0 c\u00f4t\u00e9 de <a href=\"https:\/\/news.google.com\/publications\/CAAqBggKMICKMDCuyQU?oc=3\" target=\"_blank\" rel=\"noopener\">Frandroid<\/a> et <a href=\"https:\/\/news.google.com\/publications\/CAAqBwgKMNO2ogkwmIaYAg?oc=3\" target=\"_blank\" rel=\"noopener\">Numerama<\/a>.<\/p>\n","protected":false},"excerpt":{"rendered":"Avec sa tr\u00e8s grande capacit\u00e9, sa puissance de recharge ph\u00e9nom\u00e9nale et plusieurs ports pour recharger diff\u00e9rents appareils simultan\u00e9ment,&hellip;\n","protected":false},"author":2,"featured_media":497393,"comment_status":"","ping_status":"","sticky":false,"template":"","format":"standard","meta":{"footnotes":""},"categories":[7],"tags":[49002,201,1011,27,43,40,41,39,42,44,389],"class_list":{"0":"post-497392","1":"post","2":"type-post","3":"status-publish","4":"format-standard","5":"has-post-thumbnail","7":"category-sciences-et-technologies","8":"tag-batterie-externe","9":"tag-bons-plans-amazon","10":"tag-fr","11":"tag-france","12":"tag-science","13":"tag-science-and-technology","14":"tag-sciences","15":"tag-sciences-et-technologies","16":"tag-technologies","17":"tag-technology","18":"tag-ugreen"},"share_on_mastodon":{"url":"https:\/\/pubeurope.com\/@fr\/115456782254912888","error":""},"_links":{"self":[{"href":"https:\/\/www.europesays.com\/fr\/wp-json\/wp\/v2\/posts\/497392","targetHints":{"allow":["GET"]}}],"collection":[{"href":"https:\/\/www.europesays.com\/fr\/wp-json\/wp\/v2\/posts"}],"about":[{"href":"https:\/\/www.europesays.com\/fr\/wp-json\/wp\/v2\/types\/post"}],"author":[{"embeddable":true,"href":"https:\/\/www.europesays.com\/fr\/wp-json\/wp\/v2\/users\/2"}],"replies":[{"embeddable":true,"href":"https:\/\/www.europesays.com\/fr\/wp-json\/wp\/v2\/comments?post=497392"}],"version-history":[{"count":0,"href":"https:\/\/www.europesays.com\/fr\/wp-json\/wp\/v2\/posts\/497392\/revisions"}],"wp:featuredmedia":[{"embeddable":true,"href":"https:\/\/www.europesays.com\/fr\/wp-json\/wp\/v2\/media\/497393"}],"wp:attachment":[{"href":"https:\/\/www.europesays.com\/fr\/wp-json\/wp\/v2\/media?parent=497392"}],"wp:term":[{"taxonomy":"category","embeddable":true,"href":"https:\/\/www.europesays.com\/fr\/wp-json\/wp\/v2\/categories?post=497392"},{"taxonomy":"post_tag","embeddable":true,"href":"https:\/\/www.europesays.com\/fr\/wp-json\/wp\/v2\/tags?post=497392"}],"curies":[{"name":"wp","href":"https:\/\/api.w.org\/{rel}","templated":true}]}}