{"id":497403,"date":"2025-10-29T09:42:12","date_gmt":"2025-10-29T09:42:12","guid":{"rendered":"https:\/\/www.europesays.com\/fr\/497403\/"},"modified":"2025-10-29T09:42:12","modified_gmt":"2025-10-29T09:42:12","slug":"pourquoi-le-pape-leon-xiv-a-recu-une-echarpe-de-lasse-a-rome","status":"publish","type":"post","link":"https:\/\/www.europesays.com\/fr\/497403\/","title":{"rendered":"pourquoi le pape L\u00e9on XIV a re\u00e7u une \u00e9charpe de l&rsquo;ASSE \u00e0 Rome\u00a0?"},"content":{"rendered":"<p>            Par<br \/>\n        <strong><br \/>\n            <a href=\"https:\/\/actu.fr\/auteur\/redaction-saint-etienne\" title=\"Consulter tous les articles de R\u00e9daction Saint-\u00c9tienne\" target=\"_blank\" rel=\"noopener\">R\u00e9daction Saint-\u00c9tienne<\/a><br \/>\n        <\/strong><\/p>\n<p>        Publi\u00e9 le<\/p>\n<p>            29 oct. 2025 \u00e0 10h23        <\/p>\n<p>Il y a l\u2019acteur-star <a href=\"https:\/\/actu.fr\/auvergne-rhone-alpes\/saint-etienne_42218\/timothe-chalamet-fan-de-l-as-saint-etienne-devient-grie-de-chanel_59610130.html\" target=\"_blank\" rel=\"noopener\">Timoth\u00e9e Chalamet, fan des Verts<\/a>, arborant r\u00e9guli\u00e8rement les couleurs du club \u00e0 l\u2019international\u2026 et maintenant le pape L\u00e9on XIV, \u00e9charpe de <a href=\"https:\/\/actu.fr\/tag\/association-sportive-saint-etienne-asse\" target=\"_blank\" rel=\"noopener\">l\u2019ASSE<\/a> dans les mains en plein milieu de la place Saint-Pierre \u00e0 Rome\u2009!<\/p>\n<p>\u00ab\u2009Quand les Verts se d\u00e9placent \u00e0 Rome\u2026\u2009\u00bb<\/p>\n<p class=\" wall-content\">\u00ab\u2009Quand les Verts se d\u00e9placent \u00e0 Rome\u2026\u2009\u00bb La raison\u2009? Mercredi 22\u00a0octobre, 80 lyc\u00e9ens du dioc\u00e8se de Saint-\u00c9tienne et 18 accompagnateurs ont pris la route de l\u2019Italie en autocar pour un <strong>p\u00e8lerinage<\/strong>, note <a href=\"https:\/\/c.leprogres.fr\/societe\/2025\/10\/28\/mercredi-22-octobre-80-lyceens-du-diocese-de-saint-etienne-et-18-accompagnateurs-ont-pris-la-route\" target=\"_blank\" rel=\"noopener\">Le Progr\u00e8s<\/a>.<\/p>\n<p>    <img   decoding=\"async\" loading=\"lazy\" src=\"https:\/\/www.europesays.com\/fr\/wp-content\/uploads\/2025\/10\/570133436-18299090980252363-6553978570573011667-n-960x640.jpeg\" alt=\"\" width=\"960\" height=\"640\"\/><br \/>\n    \u00ab\u00a0\u00c0 travers l\u2019\u00e9cran\u2026 La d\u00e9l\u00e9gation st\u00e9phanoise rencontre le pape L\u00e9on XIV (\u00a9Dioc\u00e8se de Saint-\u00c9tienne)<\/p>\n<p class=\" wall-content\">\u00ab\u2009\u00c0 travers l\u2019\u00e9cran\u2026 La d\u00e9l\u00e9gation st\u00e9phanoise rencontre le pape L\u00e9on XIV, lors du p\u00e8lerinage du jubil\u00e9 des lyc\u00e9ens \u00e0 Rome\u2009\u00bb, \u00e9crit le dioc\u00e8se de Saint-Etienne.<\/p>\n<p>Une remise lors de l\u2019audience papale<\/p>\n<p class=\" wall-content\">Selon nos confr\u00e8res, lors de l\u2019audience papale du samedi matin, le pape a invit\u00e9 l\u2019\u00e9v\u00eaque du dioc\u00e8se de Saint-\u00c9tienne, Monseigneur Bataille, \u00e0 le rencontrer sur l\u2019esplanade, accompagn\u00e9 de deux pr\u00eatres du dioc\u00e8se, Rodolphe Berthon et R\u00e9mi Perchot, ainsi que de V\u00e9ronique Collin, responsable de la pastorale des jeunes, et Esteban Mazella, membre de la pastorale.<\/p>\n<p class=\" wall-content\">C\u2019est \u00e0 cette occasion que la d\u00e9l\u00e9gation st\u00e9phanoise a offert l\u2019\u00e9charpe des Verts, confi\u00e9e \u00e0 l\u2019\u00e9v\u00eaque, par un des lyc\u00e9ens, \u00e0 L\u00e9on XIV.<\/p>\n<p class=\" wall-content\">Personnalisez votre actualit\u00e9 en ajoutant vos villes et m\u00e9dias en favori avec <a href=\"https:\/\/moncompte.actu.fr\" title=\"D\u00e9couvez Mon Actu\" rel=\"nofollow noopener\" data-trk=\"{&quot;cta&quot;:{&quot;action&quot;:&quot;https:\\\/\\\/moncompte.actu.fr&quot;,&quot;category&quot;:&quot;mon compte&quot;,&quot;from&quot;:&quot;article footer&quot;,&quot;name&quot;:&quot;Mon actu&quot;,&quot;type&quot;:&quot;cta&quot;}}\" target=\"_blank\">Mon Actu<\/a>.<\/p>\n","protected":false},"excerpt":{"rendered":"Par R\u00e9daction Saint-\u00c9tienne Publi\u00e9 le 29 oct. 2025 \u00e0 10h23 Il y a l\u2019acteur-star Timoth\u00e9e Chalamet, fan des&hellip;\n","protected":false},"author":2,"featured_media":497404,"comment_status":"","ping_status":"","sticky":false,"template":"","format":"standard","meta":{"footnotes":""},"categories":[9653],"tags":[1111,11,8019,2430,1777,674,1011,27,1757,12,20114,25,4001,104],"class_list":{"0":"post-497403","1":"post","2":"type-post","3":"status-publish","4":"format-standard","5":"has-post-thumbnail","7":"category-saint-etienne","8":"tag-actu","9":"tag-actualites","10":"tag-association-sportive-saint-etienne-asse","11":"tag-auvergne-rhone-alpes","12":"tag-eu","13":"tag-europe","14":"tag-fr","15":"tag-france","16":"tag-insolite","17":"tag-news","18":"tag-pape-leon-xiv","19":"tag-republique-francaise","20":"tag-saint-etienne","21":"tag-societe"},"share_on_mastodon":{"url":"https:\/\/pubeurope.com\/@fr\/115456806254286107","error":""},"_links":{"self":[{"href":"https:\/\/www.europesays.com\/fr\/wp-json\/wp\/v2\/posts\/497403","targetHints":{"allow":["GET"]}}],"collection":[{"href":"https:\/\/www.europesays.com\/fr\/wp-json\/wp\/v2\/posts"}],"about":[{"href":"https:\/\/www.europesays.com\/fr\/wp-json\/wp\/v2\/types\/post"}],"author":[{"embeddable":true,"href":"https:\/\/www.europesays.com\/fr\/wp-json\/wp\/v2\/users\/2"}],"replies":[{"embeddable":true,"href":"https:\/\/www.europesays.com\/fr\/wp-json\/wp\/v2\/comments?post=497403"}],"version-history":[{"count":0,"href":"https:\/\/www.europesays.com\/fr\/wp-json\/wp\/v2\/posts\/497403\/revisions"}],"wp:featuredmedia":[{"embeddable":true,"href":"https:\/\/www.europesays.com\/fr\/wp-json\/wp\/v2\/media\/497404"}],"wp:attachment":[{"href":"https:\/\/www.europesays.com\/fr\/wp-json\/wp\/v2\/media?parent=497403"}],"wp:term":[{"taxonomy":"category","embeddable":true,"href":"https:\/\/www.europesays.com\/fr\/wp-json\/wp\/v2\/categories?post=497403"},{"taxonomy":"post_tag","embeddable":true,"href":"https:\/\/www.europesays.com\/fr\/wp-json\/wp\/v2\/tags?post=497403"}],"curies":[{"name":"wp","href":"https:\/\/api.w.org\/{rel}","templated":true}]}}