{"id":497410,"date":"2025-10-29T09:48:15","date_gmt":"2025-10-29T09:48:15","guid":{"rendered":"https:\/\/www.europesays.com\/fr\/497410\/"},"modified":"2025-10-29T09:48:15","modified_gmt":"2025-10-29T09:48:15","slug":"un-adolescent-grievement-blesse-a-la-tete-a-la-machette-les-agresseurs-sont-en-fuite","status":"publish","type":"post","link":"https:\/\/www.europesays.com\/fr\/497410\/","title":{"rendered":"un adolescent gri\u00e8vement bless\u00e9 \u00e0 la t\u00eate \u00e0 la machette, les agresseurs sont en fuite"},"content":{"rendered":"<p>            Par<br \/>\n        <strong><br \/>\n            <a href=\"https:\/\/actu.fr\/auteur\/jm-aubert\" title=\"Consulter tous les articles de Jean-Marc Aubert\" target=\"_blank\" rel=\"noopener\">Jean-Marc Aubert<\/a><br \/>\n        <\/strong><\/p>\n<p>        Publi\u00e9 le<\/p>\n<p>            29 oct. 2025 \u00e0 9h50        <\/p>\n<p>Une agression sanglante en cette nuit de mardi 28 \u00e0 ce mercredi 29 octobre 2025 :\u00a0vers 0h45, un adolescent de 17 ans demeurant dans l\u2019Aveyron, a \u00e9t\u00e9 <strong>gri\u00e8vement bless\u00e9 \u00e0 la t\u00eate \u00e0 coups de machette<\/strong>, \u00e0 <strong>Montpellier.<\/strong> Les auteurs sont en fuite.<\/p>\n<p class=\" wall-content\">Les sapeurs-pompiers du <strong>Sdis 34<\/strong>, une \u00e9quipe m\u00e9dicale et <strong>police secours<\/strong> sont intervenus en urgence sur le boulevard des Arceaux, pour secourir un mineur de 17 ans, qui pr\u00e9sentait des plaies importantes au cr\u00e2ne et au visage. Pris en charge, il a \u00e9t\u00e9 transport\u00e9 au CHU de Montpellier, o\u00f9 ses jours ne sont pas en danger, selon nos informations.<\/p>\n<p>    <a href=\"https:\/\/www.google.com\/maps\/embed?pb=!1m18!1m12!1m3!1d4378.563717081597!2d3.861767318603964!3d43.6112278204583!2m3!1f0!2f0!3f0!3m2!1i1024!2i768!4f13.1!3m3!1m2!1s0x12b6aeffebf62a61%3A0xa9619d0a392deda9!2sBd%20des%20Arceaux%2C%20Montpellier!5e0!3m2!1sfr!2sfr!4v1761727300538!5m2!1sfr!2sfr\" title=\"Ouvrie le lien\" target=\"_blank\" rel=\"noopener\">Cliquez ici pour visualiser le contenu<\/a><\/p>\n<p class=\" wall-content\">La victime \u00e9tait accompagn\u00e9e d\u2019une jeune femme, t\u00e9moin impuissante de cette violente agression. Les policiers nationaux saisis de l\u2019enqu\u00eate s\u2019attache \u00e0 \u00e9tablir l\u2019origine de cette agression \u00e0 la machette. Il semble que la jeune femme qui \u00e9tait avec l\u2019adolescent ait eu une altercation avec une autre femme, sur ce boulevard et que cette derni\u00e8re n\u2019ayant pas eu le dessus, a fait appel \u00e0 deux amis, arriv\u00e9s \u00e0 bord d\u2019une voiture dans les minutes ayant suivi l\u2019embrouille, occup\u00e9e par deux individus.<\/p>\n<p class=\" wall-content\">Tout a d\u00e9g\u00e9n\u00e9r\u00e9 en quelques secondes : l\u2019un d\u2019eux a sorti une machette et s\u2019est pr\u00e9cipit\u00e9 sur l\u2019adolescent en lui portant des coups de machette, avant de grimper dans le v\u00e9hicule et de prendre la fuite avec son complice.<\/p>\n<p>Vid\u00e9os : en ce moment sur Actu<\/p>\n<p class=\" wall-content\">Les enqu\u00eateurs du <strong>Service local de police judiciaire<\/strong> -Slpj- vont saisir les bandes de vid\u00e9o-protection de la Ville de Montpellier en qu\u00eate d\u2019indices, auditionner la jeune femme qui se trouvait en compagnie du mineur pour qu\u2019elle donne un signalement des auteurs et identifier celle qui a appel\u00e9 les deux agresseurs pour r\u00e9gler ce diff\u00e9rend.<\/p>\n<p class=\" wall-content\">Personnalisez votre actualit\u00e9 en ajoutant vos villes et m\u00e9dias en favori avec <a href=\"https:\/\/moncompte.actu.fr\" title=\"D\u00e9couvez Mon Actu\" rel=\"nofollow noopener\" data-trk=\"{&quot;cta&quot;:{&quot;action&quot;:&quot;https:\\\/\\\/moncompte.actu.fr&quot;,&quot;category&quot;:&quot;mon compte&quot;,&quot;from&quot;:&quot;article footer&quot;,&quot;name&quot;:&quot;Mon actu&quot;,&quot;type&quot;:&quot;cta&quot;}}\" target=\"_blank\">Mon Actu<\/a>.<\/p>\n","protected":false},"excerpt":{"rendered":"Par Jean-Marc Aubert Publi\u00e9 le 29 oct. 2025 \u00e0 9h50 Une agression sanglante en cette nuit de mardi&hellip;\n","protected":false},"author":2,"featured_media":497411,"comment_status":"","ping_status":"","sticky":false,"template":"","format":"standard","meta":{"footnotes":""},"categories":[9599],"tags":[1111,11,15154,1777,674,118,1011,27,2208,12,2680,1072,1311,25],"class_list":{"0":"post-497410","1":"post","2":"type-post","3":"status-publish","4":"format-standard","5":"has-post-thumbnail","7":"category-montpellier","8":"tag-actu","9":"tag-actualites","10":"tag-chu-de-montpellier","11":"tag-eu","12":"tag-europe","13":"tag-faits-divers","14":"tag-fr","15":"tag-france","16":"tag-montpellier","17":"tag-news","18":"tag-occitanie","19":"tag-police","20":"tag-pompiers","21":"tag-republique-francaise"},"share_on_mastodon":{"url":"https:\/\/pubeurope.com\/@fr\/115456829368386344","error":""},"_links":{"self":[{"href":"https:\/\/www.europesays.com\/fr\/wp-json\/wp\/v2\/posts\/497410","targetHints":{"allow":["GET"]}}],"collection":[{"href":"https:\/\/www.europesays.com\/fr\/wp-json\/wp\/v2\/posts"}],"about":[{"href":"https:\/\/www.europesays.com\/fr\/wp-json\/wp\/v2\/types\/post"}],"author":[{"embeddable":true,"href":"https:\/\/www.europesays.com\/fr\/wp-json\/wp\/v2\/users\/2"}],"replies":[{"embeddable":true,"href":"https:\/\/www.europesays.com\/fr\/wp-json\/wp\/v2\/comments?post=497410"}],"version-history":[{"count":0,"href":"https:\/\/www.europesays.com\/fr\/wp-json\/wp\/v2\/posts\/497410\/revisions"}],"wp:featuredmedia":[{"embeddable":true,"href":"https:\/\/www.europesays.com\/fr\/wp-json\/wp\/v2\/media\/497411"}],"wp:attachment":[{"href":"https:\/\/www.europesays.com\/fr\/wp-json\/wp\/v2\/media?parent=497410"}],"wp:term":[{"taxonomy":"category","embeddable":true,"href":"https:\/\/www.europesays.com\/fr\/wp-json\/wp\/v2\/categories?post=497410"},{"taxonomy":"post_tag","embeddable":true,"href":"https:\/\/www.europesays.com\/fr\/wp-json\/wp\/v2\/tags?post=497410"}],"curies":[{"name":"wp","href":"https:\/\/api.w.org\/{rel}","templated":true}]}}