{"id":497417,"date":"2025-10-29T09:52:22","date_gmt":"2025-10-29T09:52:22","guid":{"rendered":"https:\/\/www.europesays.com\/fr\/497417\/"},"modified":"2025-10-29T09:52:22","modified_gmt":"2025-10-29T09:52:22","slug":"inocel-trouve-une-vitrine-sur-le-circuit-international-de-golf","status":"publish","type":"post","link":"https:\/\/www.europesays.com\/fr\/497417\/","title":{"rendered":"Inocel trouve une vitrine sur le circuit international de golf"},"content":{"rendered":"<p>La soci\u00e9t\u00e9 belfortaine <a href=\"https:\/\/www.estrepublicain.fr\/economie\/2025\/06\/02\/hydrogene-deux-ans-apres-son-arrivee-inocel-poursuit-son-installation-au-techn-hom\" target=\"_blank\" rel=\"noopener\">Inocel<\/a> a plac\u00e9 un de ses produits sur le circuit international de golf, en installant un de ses g\u00e9n\u00e9rateurs hydrog\u00e8ne sur l\u2019un des rendez-vous le plus prestigieux de la saison\u00a0: l\u2019Alfred Dunhill Links Championship, en Ecosse.<\/p>\n<p>Le g\u00e9n\u00e9rateur forte puissance d\u2019Inocel, qui ne rejette aucun polluant, a remplac\u00e9 les g\u00e9n\u00e9rateurs diesel pour alimenter en \u00e9lectricit\u00e9 les espaces restauration et m\u00e9dias du tournoi.<\/p>\n<p>La pile \u00e0 combustible Gen-Z d\u2019Inocel est fabriqu\u00e9e \u00e0 Belfort dans les anciens ateliers des Ailettes sur le Techn\u2019Hom.<\/p>\n","protected":false},"excerpt":{"rendered":"La soci\u00e9t\u00e9 belfortaine Inocel a plac\u00e9 un de ses produits sur le circuit international de golf, en installant&hellip;\n","protected":false},"author":2,"featured_media":497418,"comment_status":"","ping_status":"","sticky":false,"template":"","format":"standard","meta":{"footnotes":""},"categories":[9566],"tags":[1111,11,2430,22758,22759,33,10332,1777,674,1011,27,2731,693,12,25],"class_list":{"0":"post-497417","1":"post","2":"type-post","3":"status-publish","4":"format-standard","5":"has-post-thumbnail","7":"category-grenoble","8":"tag-actu","9":"tag-actualites","10":"tag-auvergne-rhone-alpes","11":"tag-belfort","12":"tag-belfort-ville-90a","13":"tag-economie","14":"tag-edition-belfort-hericourt-montbeliard","15":"tag-eu","16":"tag-europe","17":"tag-fr","18":"tag-france","19":"tag-grenoble","20":"tag-industrie","21":"tag-news","22":"tag-republique-francaise"},"share_on_mastodon":{"url":"https:\/\/pubeurope.com\/@fr\/115456845013224434","error":""},"_links":{"self":[{"href":"https:\/\/www.europesays.com\/fr\/wp-json\/wp\/v2\/posts\/497417","targetHints":{"allow":["GET"]}}],"collection":[{"href":"https:\/\/www.europesays.com\/fr\/wp-json\/wp\/v2\/posts"}],"about":[{"href":"https:\/\/www.europesays.com\/fr\/wp-json\/wp\/v2\/types\/post"}],"author":[{"embeddable":true,"href":"https:\/\/www.europesays.com\/fr\/wp-json\/wp\/v2\/users\/2"}],"replies":[{"embeddable":true,"href":"https:\/\/www.europesays.com\/fr\/wp-json\/wp\/v2\/comments?post=497417"}],"version-history":[{"count":0,"href":"https:\/\/www.europesays.com\/fr\/wp-json\/wp\/v2\/posts\/497417\/revisions"}],"wp:featuredmedia":[{"embeddable":true,"href":"https:\/\/www.europesays.com\/fr\/wp-json\/wp\/v2\/media\/497418"}],"wp:attachment":[{"href":"https:\/\/www.europesays.com\/fr\/wp-json\/wp\/v2\/media?parent=497417"}],"wp:term":[{"taxonomy":"category","embeddable":true,"href":"https:\/\/www.europesays.com\/fr\/wp-json\/wp\/v2\/categories?post=497417"},{"taxonomy":"post_tag","embeddable":true,"href":"https:\/\/www.europesays.com\/fr\/wp-json\/wp\/v2\/tags?post=497417"}],"curies":[{"name":"wp","href":"https:\/\/api.w.org\/{rel}","templated":true}]}}