{"id":497419,"date":"2025-10-29T09:53:14","date_gmt":"2025-10-29T09:53:14","guid":{"rendered":"https:\/\/www.europesays.com\/fr\/497419\/"},"modified":"2025-10-29T09:53:14","modified_gmt":"2025-10-29T09:53:14","slug":"le-corps-dune-octogenaire-rouee-de-coups-retrouve-a-son-domicile","status":"publish","type":"post","link":"https:\/\/www.europesays.com\/fr\/497419\/","title":{"rendered":"le corps d&rsquo;une octog\u00e9naire rou\u00e9e de coups retrouv\u00e9 \u00e0 son domicile\u00a0"},"content":{"rendered":"<p itemprop=\"description\"><strong>D\u00e9couverte tragique ce mardi matin \u00e0 Voiron.<\/strong><\/p>\n<p>Une femme \u00e2g\u00e9e de 81 ans a \u00e9t\u00e9 retrouv\u00e9e morte dans son logement, pr\u00e9sentant plusieurs blessures suspectes.<\/p>\n<p>Les secours ont \u00e9t\u00e9 appel\u00e9s dans la matin\u00e9e du 28 octobre apr\u00e8s la d\u00e9couverte du corps d\u2019une habitante de Voiron.\u00a0<\/p>\n<p>La victime, une octog\u00e9naire, portait des marques de coups, notamment au niveau du torse.<\/p>\n<p>Face \u00e0 ces \u00e9l\u00e9ments r\u00e9v\u00e9lateurs, les enqu\u00eateurs de la direction centrale de la police judiciaire de Grenoble ont \u00e9t\u00e9 charg\u00e9s de d\u00e9terminer les causes exactes du d\u00e9c\u00e8s.<\/p>\n<p>Bien que les circonstances du drame demeurent pour l\u2019heure floues, la piste criminelle n\u2019est pas \u00e9cart\u00e9e.<\/p>\n","protected":false},"excerpt":{"rendered":"D\u00e9couverte tragique ce mardi matin \u00e0 Voiron. Une femme \u00e2g\u00e9e de 81 ans a \u00e9t\u00e9 retrouv\u00e9e morte dans&hellip;\n","protected":false},"author":2,"featured_media":497420,"comment_status":"","ping_status":"","sticky":false,"template":"","format":"standard","meta":{"footnotes":""},"categories":[9566],"tags":[1111,11,7733,8279,2430,7736,650,7734,2889,2263,1777,674,1011,27,2731,8280,6417,1114,108,4662,12,3725,1825,25,7737],"class_list":{"0":"post-497419","1":"post","2":"type-post","3":"status-publish","4":"format-standard","5":"has-post-thumbnail","7":"category-grenoble","8":"tag-actu","9":"tag-actualites","10":"tag-alpes","11":"tag-alpes1","12":"tag-auvergne-rhone-alpes","13":"tag-cds","14":"tag-cinema","15":"tag-ecoute","16":"tag-emission","17":"tag-equipe","18":"tag-eu","19":"tag-europe","20":"tag-fr","21":"tag-france","22":"tag-grenoble","23":"tag-haute","24":"tag-information","25":"tag-infos","26":"tag-isere","27":"tag-journal","28":"tag-news","29":"tag-podcast","30":"tag-radio","31":"tag-republique-francaise","32":"tag-winamp"},"share_on_mastodon":{"url":"https:\/\/pubeurope.com\/@fr\/115456848994647068","error":""},"_links":{"self":[{"href":"https:\/\/www.europesays.com\/fr\/wp-json\/wp\/v2\/posts\/497419","targetHints":{"allow":["GET"]}}],"collection":[{"href":"https:\/\/www.europesays.com\/fr\/wp-json\/wp\/v2\/posts"}],"about":[{"href":"https:\/\/www.europesays.com\/fr\/wp-json\/wp\/v2\/types\/post"}],"author":[{"embeddable":true,"href":"https:\/\/www.europesays.com\/fr\/wp-json\/wp\/v2\/users\/2"}],"replies":[{"embeddable":true,"href":"https:\/\/www.europesays.com\/fr\/wp-json\/wp\/v2\/comments?post=497419"}],"version-history":[{"count":0,"href":"https:\/\/www.europesays.com\/fr\/wp-json\/wp\/v2\/posts\/497419\/revisions"}],"wp:featuredmedia":[{"embeddable":true,"href":"https:\/\/www.europesays.com\/fr\/wp-json\/wp\/v2\/media\/497420"}],"wp:attachment":[{"href":"https:\/\/www.europesays.com\/fr\/wp-json\/wp\/v2\/media?parent=497419"}],"wp:term":[{"taxonomy":"category","embeddable":true,"href":"https:\/\/www.europesays.com\/fr\/wp-json\/wp\/v2\/categories?post=497419"},{"taxonomy":"post_tag","embeddable":true,"href":"https:\/\/www.europesays.com\/fr\/wp-json\/wp\/v2\/tags?post=497419"}],"curies":[{"name":"wp","href":"https:\/\/api.w.org\/{rel}","templated":true}]}}