{"id":497421,"date":"2025-10-29T09:54:20","date_gmt":"2025-10-29T09:54:20","guid":{"rendered":"https:\/\/www.europesays.com\/fr\/497421\/"},"modified":"2025-10-29T09:54:20","modified_gmt":"2025-10-29T09:54:20","slug":"nous-avons-un-interet-a-rester-ici-linrae-bretagne-normandie-va-conserver-son-site-a-quimper","status":"publish","type":"post","link":"https:\/\/www.europesays.com\/fr\/497421\/","title":{"rendered":"\u00ab\u00a0Nous avons un int\u00e9r\u00eat \u00e0 rester ici\u00a0\u00bb\u00a0: l\u2019Inrae Bretagne-Normandie va conserver son site \u00e0 Quimper"},"content":{"rendered":"<p>L\u2019institut national de recherche pour l\u2019agriculture, l\u2019alimentation et l\u2019environnement (Inrae) Bretagne-Normandie dispose de diff\u00e9rents sites dans les deux r\u00e9gions administratives qu\u2019elle coiffe (et depuis plus de 75 ans \u00e0 Quimper). Aujourd\u2019hui encore install\u00e9 rue de Stang Bihan, l\u2019antenne accueille une douzaine de personnes, chercheurs et techniciens dans environ 400 m\u00b2 de b\u00e2timent sur trois niveaux.<\/p>\n<p>Pr\u00e9sident de l\u2019entit\u00e9 Bretagne-Normandie depuis avril 2024, Florent Guhl redit son int\u00e9r\u00eat \u00e0 voir maintenues, par principe, des petites unit\u00e9s de ce type. Il dessine plus particuli\u00e8rement un horizon de l\u2019Inrae dans la capitale de Cornouaille, tandis qu\u2019il \u00e9tait assombri par des mesures g\u00e9n\u00e9rales d\u2019\u00e9conomie au sein de l\u2019institut national, que pourraient opportun\u00e9ment servir ici des d\u00e9parts naturels \u00e0 la retraite. \u00ab\u00a0Nous avons int\u00e9r\u00eat \u00e0 maintenir une activit\u00e9 scientifique et technique de l\u2019Inrae \u00e0 Quimper.\u00a0\u00bb Le mod\u00e8le d\u2019une expertise d\u00e9centralis\u00e9e.<\/p>\n<p>Expertise en g\u00e9omatique<\/p>\n<p>90\u00a0% des 800 personnes travaillant aujourd\u2019hui pour l\u2019Inrae Bretagne-Normandie sont install\u00e9es dans les murs du si\u00e8ge r\u00e9gional de l\u2019Institut au Rheu, pr\u00e8s de Rennes. Comme \u00e0 Sizun, Ploudaniel, Roscoff, Caen, Rouen ou au Pin-au-Haras (61), Quimper accueille depuis la fin des ann\u00e9es 1940 un centre h\u00e9bergeant un conservatoire des sols, une sorte de biblioth\u00e8que historique.<\/p>\n<p>Outre cette premi\u00e8re particularit\u00e9, Florent Guhl mesure aussi l\u2019int\u00e9r\u00eat scientifique du site quimp\u00e9rois par sa capacit\u00e9 \u00e0 accueillir des th\u00e9sards et titulaires de doctorat dans les domaines de sp\u00e9cialit\u00e9s d\u00e9velopp\u00e9s \u00e0 Quimper, traditionnellement en lien avec l\u2019eau et l\u2019agrosyst\u00e8me. Une expertise en g\u00e9omatique \u00e9mergeant depuis une dizaine d\u2019ann\u00e9es continue par ailleurs d\u2019en faire une antenne particuli\u00e8re.<\/p>\n<p>Petite \u00e9quipe et site d\u2019accueil<\/p>\n<p>Dans un autre registre, Florent Guhl souligne l\u2019int\u00e9r\u00eat de ce mod\u00e8le de petite \u00e9quipe d\u00e9centralis\u00e9e, associant chercheurs et techniciens\u00a0: \u00ab\u00a0Nous avons besoin d\u2019\u00eatre r\u00e9actifs et sur le terrain. Nous avons des chercheurs et chercheuses les pieds dans les bottes\u00a0\u00bb.<\/p>\n<blockquote><p>Nous avons besoin d\u2019\u00eatre r\u00e9actifs et sur le terrain. Nous avons des chercheurs et chercheuses les pieds dans les bottes<\/p><\/blockquote>\n<p>La capacit\u00e9 d\u2019accueil des bureaux quimp\u00e9rois permet aussi d\u2019h\u00e9berger des chercheurs rattach\u00e9s \u00e0 Paris, facilitant le transfert au terrain de la science. \u00ab\u00a0\u00c7a nous int\u00e9resse d\u2019\u00e9conomiser des allers-retours fr\u00e9quents d\u2019autant que l\u2019ambiance de travail est bonne \u00e0 Quimper\u00a0\u00bb, ajoute le responsable r\u00e9gional.<\/p>\n<p>Optimisation des locaux et maintien des savoirs<\/p>\n<p>Florent Guhl dit r\u00e9fl\u00e9chir en ce sens \u00e0 l\u2019optimisation de locaux qui sont aujourd\u2019hui propri\u00e9t\u00e9s de l\u2019\u00c9tat. \u00ab\u00a0Nous n\u2019avons pas pr\u00e9vu de les lib\u00e9rer\u00a0\u00bb, indique-t-il voyant toutefois un point de vigilance en termes d\u2019entretien. Vers l\u2019accueil d\u2019autres acteurs des politiques publiques en mati\u00e8re de recherche\u00a0? La transformation des paillasses de laboratoire serait en gestation.<\/p>\n<blockquote><p>L\u2019Inrae n\u2019a pas pr\u00e9vu de les lib\u00e9rer ses locaux quimp\u00e9rois<\/p><\/blockquote>\n<p>Le responsable r\u00e9gional observe bien \u00e0 Quimper un vieillissement des \u00e9quipes de recherche. \u00ab\u00a0Nous r\u00e9fl\u00e9chissons \u00e0 la mise en place d\u2019un tuilage avant le d\u00e9part des chercheurs exp\u00e9riment\u00e9s. Un trou dans la raquette de l\u2019expertise ne me para\u00eet pas concevable. Le sujet pose plus de difficult\u00e9s avec le personnel technique.\u00a0\u00bb<\/p>\n","protected":false},"excerpt":{"rendered":"L\u2019institut national de recherche pour l\u2019agriculture, l\u2019alimentation et l\u2019environnement (Inrae) Bretagne-Normandie dispose de diff\u00e9rents sites dans les deux&hellip;\n","protected":false},"author":2,"featured_media":497422,"comment_status":"","ping_status":"","sticky":false,"template":"","format":"standard","meta":{"footnotes":""},"categories":[2821],"tags":[1111,11,327,829,51,436,1777,674,3321,1011,27,12,3319,584,25,41],"class_list":{"0":"post-497421","1":"post","2":"type-post","3":"status-publish","4":"format-standard","5":"has-post-thumbnail","7":"category-rennes","8":"tag-actu","9":"tag-actualites","10":"tag-agriculture","11":"tag-bretagne","12":"tag-ecologie","13":"tag-environnement","14":"tag-eu","15":"tag-europe","16":"tag-finistere","17":"tag-fr","18":"tag-france","19":"tag-news","20":"tag-quimper","21":"tag-rennes","22":"tag-republique-francaise","23":"tag-sciences"},"share_on_mastodon":{"url":"https:\/\/pubeurope.com\/@fr\/115456852868979396","error":""},"_links":{"self":[{"href":"https:\/\/www.europesays.com\/fr\/wp-json\/wp\/v2\/posts\/497421","targetHints":{"allow":["GET"]}}],"collection":[{"href":"https:\/\/www.europesays.com\/fr\/wp-json\/wp\/v2\/posts"}],"about":[{"href":"https:\/\/www.europesays.com\/fr\/wp-json\/wp\/v2\/types\/post"}],"author":[{"embeddable":true,"href":"https:\/\/www.europesays.com\/fr\/wp-json\/wp\/v2\/users\/2"}],"replies":[{"embeddable":true,"href":"https:\/\/www.europesays.com\/fr\/wp-json\/wp\/v2\/comments?post=497421"}],"version-history":[{"count":0,"href":"https:\/\/www.europesays.com\/fr\/wp-json\/wp\/v2\/posts\/497421\/revisions"}],"wp:featuredmedia":[{"embeddable":true,"href":"https:\/\/www.europesays.com\/fr\/wp-json\/wp\/v2\/media\/497422"}],"wp:attachment":[{"href":"https:\/\/www.europesays.com\/fr\/wp-json\/wp\/v2\/media?parent=497421"}],"wp:term":[{"taxonomy":"category","embeddable":true,"href":"https:\/\/www.europesays.com\/fr\/wp-json\/wp\/v2\/categories?post=497421"},{"taxonomy":"post_tag","embeddable":true,"href":"https:\/\/www.europesays.com\/fr\/wp-json\/wp\/v2\/tags?post=497421"}],"curies":[{"name":"wp","href":"https:\/\/api.w.org\/{rel}","templated":true}]}}