{"id":497424,"date":"2025-10-29T09:56:24","date_gmt":"2025-10-29T09:56:24","guid":{"rendered":"https:\/\/www.europesays.com\/fr\/497424\/"},"modified":"2025-10-29T09:56:24","modified_gmt":"2025-10-29T09:56:24","slug":"strasbourg-entzheim-laeroport-propose-27-destinations-operees-par-dix-compagnies-pendant-la-saison-hivernale","status":"publish","type":"post","link":"https:\/\/www.europesays.com\/fr\/497424\/","title":{"rendered":"Strasbourg-Entzheim. L&rsquo;a\u00e9roport propose 27 destinations op\u00e9r\u00e9es par dix compagnies pendant la saison hivernale"},"content":{"rendered":"<p>La grande majorit\u00e9 des destinations propos\u00e9es cet hiver par <a href=\"https:\/\/www.dna.fr\/economie\/2025\/01\/13\/aeroport-de-strasbourg-entzheim-1-231-millions-de-voyageurs-en-2024\" target=\"_blank\" rel=\"nofollow noopener\">l\u2019a\u00e9roport de Strasbourg-Entzheim<\/a> sont des lignes r\u00e9guli\u00e8res domestiques et internationales op\u00e9r\u00e9es tout au long de l\u2019ann\u00e9e. Parmi les rares nouveaut\u00e9s figure la desserte de Milan-Malpensa qu\u2019EasyJet va exploiter deux fois par semaine de novembre \u00e0 mars.<\/p>\n<p>  Cinq destinations p\u00e9riodiques<\/p>\n<p>Les destinations d\u2019Agadir et de Porto figurent toujours au programme mais elles ne sont plus op\u00e9r\u00e9es par Ryanair. C\u2019est Volotea, le principal partenaire de l\u2019a\u00e9roport bas-rhinois, qui a repris ces deux lignes que <a href=\"https:\/\/www.dna.fr\/economie\/2025\/07\/30\/en-riposte-a-la-taxe-sur-les-billets-ryanair-quitte-les-aeroports-de-strasbourg-bergerac-et-brive\" target=\"_blank\" rel=\"nofollow noopener\">la compagnie \u00e0 bas co\u00fbt irlandaise a d\u00e9cid\u00e9 de supprimer, comme 23 autres, en r\u00e9action \u00e0 la hausse de la taxe de solidarit\u00e9 sur les billets d\u2019avion intervenue en mars dernier en France.<\/a><\/p>\n<p>Volotea par contre ne propose plus cet hiver de vols vers Lyon, comme pendant la p\u00e9riode estivale. La destination reste toutefois au programme gr\u00e2ce aux cinq vols hebdomadaires propos\u00e9s par TwinJet.<\/p>\n<p>Alors que Tassili Airlines, qui desservait Constantine et Alger jusqu\u2019\u00e0 fin octobre, a arr\u00eat\u00e9 ses vols vers la France, la capitale alg\u00e9rienne reste pareillement inscrite au programme car toujours desservie par deux compagnies, Transavia (un vol par semaine) et Air Alg\u00e9rie (deux vols par semaine).<\/p>\n<p>Sur les 27 destinations, cinq ont la particularit\u00e9 d\u2019\u00eatre desservies seulement de mani\u00e8re p\u00e9riodique. Ainsi Figari (Volotea) ne le sera que pendant les vacances de la Toussaint. Ajaccio (Volotea) le sera de fin octobre jusqu\u2019\u00e0 d\u00e9but janvier. Les trois autres le seront pendant la p\u00e9riode des march\u00e9s de No\u00ebl et des f\u00eates de fin d\u2019ann\u00e9e, \u00e0 savoir <a href=\"https:\/\/www.dna.fr\/economie\/2025\/06\/18\/easyjet-annonce-trois-nouvelles-liaisons-saisonnieres-a-l-automne\" target=\"_blank\" rel=\"nofollow noopener\">Manchester (EasyJet)<\/a> , <a href=\"https:\/\/www.dna.fr\/economie\/2025\/09\/17\/au-depart-de-strasbourg-des-vols-volotea-vers-rodez\" target=\"_blank\" rel=\"nofollow noopener\">Rodez (Volotea)<\/a> et Tarbes-Lourdes (Volotea).<\/p>\n<p>  Une forte activit\u00e9 pr\u00e9vue en d\u00e9cembre<\/p>\n<p>Le mois de d\u00e9cembre constituera \u00e0 nouveau cette ann\u00e9e le pic de l\u2019activit\u00e9 de l\u2019a\u00e9roport. De fin novembre \u00e0 d\u00e9but janvier Volotea renforcera la fr\u00e9quence de ses vols et donc le nombre de si\u00e8ges offerts sur les lignes de Barcelone, Brest, Marseille, Montpellier, Nantes et Rome. EasyJet en fera de m\u00eame sur sa liaison vers Londres tout en proposant deux vols hebdomadaires vers Rome du 28\u00a0novembre au 15\u00a0d\u00e9cembre.<\/p>\n<p>  Un appel d\u2019offres infructueux<\/p>\n<p>Pendant cette m\u00eame p\u00e9riode de l\u2019avent Iberia renforcera pareillement les liaisons hivernales r\u00e9guli\u00e8res qu\u2019elle op\u00e8re vers Madrid et Barcelone. La compagnie \u00e0 bas co\u00fbt Vueling compl\u00e8te ce tableau en proposant quatre vols hebdomadaires vers la capitale catalane entre le 27\u00a0novembre et le 6\u00a0janvier.<\/p>\n<p>L\u2019a\u00e9roport comptait cet automne sur la r\u00e9ouverture des deux lignes internationales sous obligation de service public, <a href=\"https:\/\/www.dna.fr\/economie\/2025\/10\/28\/economie\/2023\/11\/10\/la-ligne-subventionnee-vers-berlin-des-le-20-novembre\" target=\"_blank\" rel=\"nofollow noopener\">en remplacement des liaisons vers Amsterdam et Berlin suspendues respectivement en novembre\u00a02024 et en mars\u00a02025<\/a>. Il devra a priori patienter quelques mois de plus. \u00ab\u00a0Le dernier appel d\u2019offres relatif \u00e0 la ligne Strasbourg-Amsterdam a \u00e9t\u00e9 d\u00e9clar\u00e9 infructueux et celui portant sur Strasbourg-Munich est toujours en cours\u00a0\u00bb, se d\u00e9sole la direction.<\/p>\n","protected":false},"excerpt":{"rendered":"La grande majorit\u00e9 des destinations propos\u00e9es cet hiver par l\u2019a\u00e9roport de Strasbourg-Entzheim sont des lignes r\u00e9guli\u00e8res domestiques et&hellip;\n","protected":false},"author":2,"featured_media":497425,"comment_status":"","ping_status":"","sticky":false,"template":"","format":"standard","meta":{"footnotes":""},"categories":[2820],"tags":[1111,11,2389,2649,4406,33,2880,24064,1777,674,107,1011,27,775,12,25,640,3089,2803],"class_list":{"0":"post-497424","1":"post","2":"type-post","3":"status-publish","4":"format-standard","5":"has-post-thumbnail","7":"category-strasbourg","8":"tag-actu","9":"tag-actualites","10":"tag-alsace","11":"tag-bas-rhin","12":"tag-commerce-et-services","13":"tag-economie","14":"tag-edition-strasbourg","15":"tag-entzheim","16":"tag-eu","17":"tag-europe","18":"tag-fil-info","19":"tag-fr","20":"tag-france","21":"tag-grand-est","22":"tag-news","23":"tag-republique-francaise","24":"tag-strasbourg","25":"tag-strasbourg-sud","26":"tag-transport"},"share_on_mastodon":{"url":"https:\/\/pubeurope.com\/@fr\/115456860903120062","error":""},"_links":{"self":[{"href":"https:\/\/www.europesays.com\/fr\/wp-json\/wp\/v2\/posts\/497424","targetHints":{"allow":["GET"]}}],"collection":[{"href":"https:\/\/www.europesays.com\/fr\/wp-json\/wp\/v2\/posts"}],"about":[{"href":"https:\/\/www.europesays.com\/fr\/wp-json\/wp\/v2\/types\/post"}],"author":[{"embeddable":true,"href":"https:\/\/www.europesays.com\/fr\/wp-json\/wp\/v2\/users\/2"}],"replies":[{"embeddable":true,"href":"https:\/\/www.europesays.com\/fr\/wp-json\/wp\/v2\/comments?post=497424"}],"version-history":[{"count":0,"href":"https:\/\/www.europesays.com\/fr\/wp-json\/wp\/v2\/posts\/497424\/revisions"}],"wp:featuredmedia":[{"embeddable":true,"href":"https:\/\/www.europesays.com\/fr\/wp-json\/wp\/v2\/media\/497425"}],"wp:attachment":[{"href":"https:\/\/www.europesays.com\/fr\/wp-json\/wp\/v2\/media?parent=497424"}],"wp:term":[{"taxonomy":"category","embeddable":true,"href":"https:\/\/www.europesays.com\/fr\/wp-json\/wp\/v2\/categories?post=497424"},{"taxonomy":"post_tag","embeddable":true,"href":"https:\/\/www.europesays.com\/fr\/wp-json\/wp\/v2\/tags?post=497424"}],"curies":[{"name":"wp","href":"https:\/\/api.w.org\/{rel}","templated":true}]}}