{"id":497428,"date":"2025-10-29T09:58:10","date_gmt":"2025-10-29T09:58:10","guid":{"rendered":"https:\/\/www.europesays.com\/fr\/497428\/"},"modified":"2025-10-29T09:58:10","modified_gmt":"2025-10-29T09:58:10","slug":"alerte-aux-orages-et-aux-inondations","status":"publish","type":"post","link":"https:\/\/www.europesays.com\/fr\/497428\/","title":{"rendered":"alerte aux orages et aux inondations"},"content":{"rendered":"<p>            Par<br \/>\n        <strong><br \/>\n            <a href=\"https:\/\/actu.fr\/auteur\/ugo-maillard\" title=\"Consulter tous les articles de Ugo Maillard\" target=\"_blank\" rel=\"noopener\">Ugo Maillard<\/a><br \/>\n        <\/strong><\/p>\n<p>        Publi\u00e9 le<\/p>\n<p>            29 oct. 2025 \u00e0 10h47        <\/p>\n<p>La m\u00e9t\u00e9o va radicalement changer \u00e0 <a href=\"https:\/\/actu.fr\/nice\/\" target=\"_blank\" rel=\"noopener\">Nice<\/a> et sur la C\u00f4te d\u2019Azur. Le soleil va s\u2019effacer dans le ciel du quart sud-est de la France pour laisser place \u00e0 la pluie et aux orages. Le jeudi 30 octobre 2025, le d\u00e9partement des <a href=\"https:\/\/actu.fr\/provence-alpes-cote-d-azur\/alpes-maritimes_06\" target=\"_blank\" rel=\"noopener\">Alpes-Maritimes<\/a> est plac\u00e9 en <strong>vigilance jaune<\/strong> par M\u00e9t\u00e9o France pour un risque d\u2019orages et de pluie-inondation.\u00a0<\/p>\n<p class=\" wall-content\">Voici les pr\u00e9visions m\u00e9t\u00e9orologiques pour les prochaines heures.<\/p>\n<p>Des orages d\u00e8s ce mercredi<\/p>\n<p class=\" wall-content\">Dans le courant de ce mercredi apr\u00e8s-midi, les premi\u00e8res averses vont faire leur apparition dans le ciel des Alpes-Maritimes.\u00a0<\/p>\n<p class=\" wall-content\">Selon les donn\u00e9es du service officiel de la m\u00e9t\u00e9orologie et de la climatologie en France, la <strong>pluie est attendue sur l\u2019ensemble du territoire<\/strong>, de Nice \u00e0 Tende en passant par le pays grassois.<\/p>\n<p class=\" wall-content\">Dans la nuit de mercredi \u00e0 jeudi, les orages devraient toucher les communes du littoral et de l\u2019arri\u00e8re-pays ni\u00e7ois. La moiti\u00e9 nord du d\u00e9partement devrait quant \u00e0 elle \u00eatre \u00e9pargn\u00e9e.<\/p>\n<p>Le soleil de retour jeudi<\/p>\n<p class=\" wall-content\">L\u2019alerte aux averses et aux orages dans les Alpes-Maritimes devrait \u00eatre lev\u00e9e \u00e0 3h du matin, le jeudi 30 octobre. Le reste de la journ\u00e9e sera marqu\u00e9 par de<strong> belles \u00e9claircies<\/strong> sur l\u2019ensemble du d\u00e9partement.<\/p>\n<p class=\" wall-content\">C\u00f4t\u00e9 temp\u00e9rature, la maximale du jour sera relev\u00e9e \u00e0 Nice avec 19\u00b0C.<\/p>\n<p class=\" wall-content\">Personnalisez votre actualit\u00e9 en ajoutant vos villes et m\u00e9dias en favori avec <a href=\"https:\/\/moncompte.actu.fr\" title=\"D\u00e9couvez Mon Actu\" rel=\"nofollow noopener\" data-trk=\"{&quot;cta&quot;:{&quot;action&quot;:&quot;https:\\\/\\\/moncompte.actu.fr&quot;,&quot;category&quot;:&quot;mon compte&quot;,&quot;from&quot;:&quot;article footer&quot;,&quot;name&quot;:&quot;Mon actu&quot;,&quot;type&quot;:&quot;cta&quot;}}\" target=\"_blank\">Mon Actu<\/a>.<\/p>\n","protected":false},"excerpt":{"rendered":"Par Ugo Maillard Publi\u00e9 le 29 oct. 2025 \u00e0 10h47 La m\u00e9t\u00e9o va radicalement changer \u00e0 Nice et&hellip;\n","protected":false},"author":2,"featured_media":497429,"comment_status":"","ping_status":"","sticky":false,"template":"","format":"standard","meta":{"footnotes":""},"categories":[2819],"tags":[1111,11,1777,674,1011,27,2839,2487,2357,12,2401,4594,882,25],"class_list":{"0":"post-497428","1":"post","2":"type-post","3":"status-publish","4":"format-standard","5":"has-post-thumbnail","7":"category-nice","8":"tag-actu","9":"tag-actualites","10":"tag-eu","11":"tag-europe","12":"tag-fr","13":"tag-france","14":"tag-inondations","15":"tag-meteo","16":"tag-meteo-france","17":"tag-news","18":"tag-nice","19":"tag-orages","20":"tag-provence-alpes-cote-dazur","21":"tag-republique-francaise"},"share_on_mastodon":{"url":"https:\/\/pubeurope.com\/@fr\/115456868685814384","error":""},"_links":{"self":[{"href":"https:\/\/www.europesays.com\/fr\/wp-json\/wp\/v2\/posts\/497428","targetHints":{"allow":["GET"]}}],"collection":[{"href":"https:\/\/www.europesays.com\/fr\/wp-json\/wp\/v2\/posts"}],"about":[{"href":"https:\/\/www.europesays.com\/fr\/wp-json\/wp\/v2\/types\/post"}],"author":[{"embeddable":true,"href":"https:\/\/www.europesays.com\/fr\/wp-json\/wp\/v2\/users\/2"}],"replies":[{"embeddable":true,"href":"https:\/\/www.europesays.com\/fr\/wp-json\/wp\/v2\/comments?post=497428"}],"version-history":[{"count":0,"href":"https:\/\/www.europesays.com\/fr\/wp-json\/wp\/v2\/posts\/497428\/revisions"}],"wp:featuredmedia":[{"embeddable":true,"href":"https:\/\/www.europesays.com\/fr\/wp-json\/wp\/v2\/media\/497429"}],"wp:attachment":[{"href":"https:\/\/www.europesays.com\/fr\/wp-json\/wp\/v2\/media?parent=497428"}],"wp:term":[{"taxonomy":"category","embeddable":true,"href":"https:\/\/www.europesays.com\/fr\/wp-json\/wp\/v2\/categories?post=497428"},{"taxonomy":"post_tag","embeddable":true,"href":"https:\/\/www.europesays.com\/fr\/wp-json\/wp\/v2\/tags?post=497428"}],"curies":[{"name":"wp","href":"https:\/\/api.w.org\/{rel}","templated":true}]}}