{"id":49744,"date":"2025-04-24T17:56:24","date_gmt":"2025-04-24T17:56:24","guid":{"rendered":"https:\/\/www.europesays.com\/fr\/49744\/"},"modified":"2025-04-24T17:56:24","modified_gmt":"2025-04-24T17:56:24","slug":"pro-d2-fcg-des-cadres-de-retour-les-freres-trouilloud-enchainent-la-compo-face-a-oyonnax","status":"publish","type":"post","link":"https:\/\/www.europesays.com\/fr\/49744\/","title":{"rendered":"Pro D2. FCG : des cadres de retour, les fr\u00e8res Trouilloud encha\u00eenent&#8230; la compo face \u00e0 Oyonnax"},"content":{"rendered":"<p>\u201cOn ne change pas une \u00e9quipe qui gagne\u201d. \u00c0 Grenoble, il y a bien longtemps que l\u2019adage a v\u00e9cu. Et m\u00eame apr\u00e8s <a href=\"https:\/\/www.ledauphine.com\/sport\/2025\/04\/18\/une-qualification-validee-la-soiree-parfaite-pour-le-fcg-face-a-la-lanterne-rouge-nice\" target=\"_blank\" title=\"rugby Pro D2 FCG vs Nice r\u00e9su\" rel=\"nofollow noopener\">un succ\u00e8s avec bonus offensif, contre le Stade Ni\u00e7ois<\/a> (47-17), soit le dixi\u00e8me en treize matchs disput\u00e9s \u00e0 domicile, le staff a renouvel\u00e9 sa composition d\u2019\u00e9quipe \u00e0 50\u00a0%, avec sept changements <a href=\"https:\/\/www.ledauphine.com\/sport\/2025\/04\/17\/des-internationaux-de-retour-encore-un-gros-turnover-la-compo-du-fcg-face-a-nice\" target=\"_blank\" title=\"rugby Pro D2 FCG vs Nice r\u00e9su\" rel=\"nofollow noopener\">par rapport \u00e0 celle qui avait d\u00e9marr\u00e9 face aux Azur\u00e9ens<\/a>.<\/p>\n<p>\u00ab\u00a0Ce n\u2019est m\u00eame pas des rotations, c\u2019est qu\u2019on a concern\u00e9 un groupe de 49 joueurs, tous profils confondus, et \u00e0 un moment donn\u00e9, chacun a pu s\u2019exprimer\u00a0\u00bb, a martel\u00e9 <a href=\"https:\/\/www.ledauphine.com\/p\/patrick-pezery\" target=\"_blank\" rel=\"nofollow noopener\">Patrick Pezery<\/a> jeudi en veille de match. \u00ab\u00a0Aujourd\u2019hui, on arrive \u00e0 un quasi-\u00e9quilibre sur les postes et les temps de jeu. On verra ce que l\u2019avenir nous dira\u2026 mais c\u2019\u00e9tait notre objectif de d\u00e9but de saison avec Nicolas (Nadau).\u00a0\u00bb<\/p>\n<p>Cette semaine, les entra\u00eeneurs du FCG remettent dans le bain le talonneur Mathis Sarragallet, le flanker Thibaut Martel et l\u2019ailier Kaminieli Rasaku, laiss\u00e9s au repos le week-end dernier.<\/p>\n<p>Dans le cadre des inversions entre titulaires et rempla\u00e7ants, le 2e ligne Brandon Nansen, le 3e ligne Antonin Berruyer, le demi de m\u00eal\u00e9e Eric Escande et le centre Julien H\u00e9riteau d\u00e9buteront la rencontre face \u00e0 Oyo.<\/p>\n<p>Apr\u00e8s l\u2019interim du capitanat assur\u00e9 par Pierce Phillips face aux Ni\u00e7ois, Antonin Berruyer retrouvera le brassard.<\/p>\n<p>  Lainault et Gauthier \u00e0 nouveau aptes<\/p>\n<p>Les principaux changements sont \u00e0 noter sur le banc de touche, justement, o\u00f9 le pilier gauche Zack Gauthier (genou) et le 2e ligne Thomas Lainault (pied) reviennent \u00e0 la comp\u00e9tition.<\/p>\n<p><a href=\"https:\/\/www.ledauphine.com\/sport\/classement\/rugby\/national-pro-d2-saison-reguliere\" rel=\"nofollow noopener\" target=\"_blank\"><strong>&gt;&gt; Le classement et le calendrier de Pro D2<\/strong><\/a><\/p>\n<p>Un banc de touche grenoblois qui aura fi\u00e8re allure, avec la pr\u00e9sence en outre de Bastien Soury, Barnab\u00e9 Couilloud, Marc Palmier et Yan Lestrade, tous des titulaires en puissance.<\/p>\n<p><a title=\"rugby Pro D2 FCG \u00e9chos Lesdigui\u00e8res 22 avril\" href=\"https:\/\/www.ledauphine.com\/sport\/2025\/04\/23\/fcg-des-retours-importants-des-jeunes-performants-en-bleus-les-infos-avant-oyonnax\" target=\"_blank\" rel=\"nofollow noopener\">De retour \u00e0 l\u2019entra\u00eenement apr\u00e8s blessures<\/a> , mais pas encore jug\u00e9s totalement aptes par le staff is\u00e9rois, le centre Romain Fusier (genou) et l\u2019arri\u00e8re Julien Farnoux (ischio-jambiers) reviendront lors du 7e et dernier bloc de championnat.<\/p>\n<p>\u00c0 noter enfin que les fr\u00e8res Trouilloud, Romain le centre (24 ans) et Hugo l\u2019arri\u00e8re (22 ans), seront associ\u00e9s pour la cinqui\u00e8me fois de suite dans le XV de d\u00e9part grenoblois.<\/p>\n<p class=\"note\">Le\u00a0match Grenoble &#8211; Oyonnax sera \u00e0 suivre en direct comment\u00e9 sur www.ledauphine.com\/sport\u00a0<\/p>\n<p class=\"insetTitle\">La composition du FCG face \u00e0 Oyonnax<\/p>\n<p>H.\u00a0Trouilloud \u2013 Mouton, R.\u00a0Trouilloud, H\u00e9riteau, Rasaku \u2013 (o) Davies, (m) Escande \u2013 Martel, Hardwick, A.\u00a0Berruyer (cap) \u2013 Phillips, Nansen \u2013 Jonker, M.\u00a0Sarragallet, Raynaud.<\/p>\n<p>Rempla\u00e7ants\u00a0: Soury, Gauthier, Pertaia, T.\u00a0Lainault, Madeira, Bar. Couilloud, Palmier, Lestrade.<\/p>\n","protected":false},"excerpt":{"rendered":"\u201cOn ne change pas une \u00e9quipe qui gagne\u201d. \u00c0 Grenoble, il y a bien longtemps que l\u2019adage a&hellip;\n","protected":false},"author":2,"featured_media":49745,"comment_status":"","ping_status":"","sticky":false,"template":"","format":"standard","meta":{"footnotes":""},"categories":[9566],"tags":[1111,11,2738,2430,112,113,114,1777,674,2727,1701,1795,1011,27,2731,2732,108,12,2729,25,479,517,1947],"class_list":{"0":"post-49744","1":"post","2":"type-post","3":"status-publish","4":"format-standard","5":"has-post-thumbnail","7":"category-grenoble","8":"tag-actu","9":"tag-actualites","10":"tag-ain","11":"tag-auvergne-rhone-alpes","12":"tag-edition-grenoble-agglomeration","13":"tag-edition-gresivaudan-oisans","14":"tag-edition-voiron-saint-marcellin","15":"tag-eu","16":"tag-europe","17":"tag-fcg-fc-grenoble-rugby","18":"tag-fil-info-sport","19":"tag-fil-web","20":"tag-fr","21":"tag-france","22":"tag-grenoble","23":"tag-grenoble-bassin","24":"tag-isere","25":"tag-news","26":"tag-oyonnax","27":"tag-republique-francaise","28":"tag-rugby","29":"tag-sport","30":"tag-sport-national"},"share_on_mastodon":{"url":"https:\/\/pubeurope.com\/@fr\/114394233817129297","error":""},"_links":{"self":[{"href":"https:\/\/www.europesays.com\/fr\/wp-json\/wp\/v2\/posts\/49744","targetHints":{"allow":["GET"]}}],"collection":[{"href":"https:\/\/www.europesays.com\/fr\/wp-json\/wp\/v2\/posts"}],"about":[{"href":"https:\/\/www.europesays.com\/fr\/wp-json\/wp\/v2\/types\/post"}],"author":[{"embeddable":true,"href":"https:\/\/www.europesays.com\/fr\/wp-json\/wp\/v2\/users\/2"}],"replies":[{"embeddable":true,"href":"https:\/\/www.europesays.com\/fr\/wp-json\/wp\/v2\/comments?post=49744"}],"version-history":[{"count":0,"href":"https:\/\/www.europesays.com\/fr\/wp-json\/wp\/v2\/posts\/49744\/revisions"}],"wp:featuredmedia":[{"embeddable":true,"href":"https:\/\/www.europesays.com\/fr\/wp-json\/wp\/v2\/media\/49745"}],"wp:attachment":[{"href":"https:\/\/www.europesays.com\/fr\/wp-json\/wp\/v2\/media?parent=49744"}],"wp:term":[{"taxonomy":"category","embeddable":true,"href":"https:\/\/www.europesays.com\/fr\/wp-json\/wp\/v2\/categories?post=49744"},{"taxonomy":"post_tag","embeddable":true,"href":"https:\/\/www.europesays.com\/fr\/wp-json\/wp\/v2\/tags?post=49744"}],"curies":[{"name":"wp","href":"https:\/\/api.w.org\/{rel}","templated":true}]}}