{"id":497444,"date":"2025-10-29T10:07:11","date_gmt":"2025-10-29T10:07:11","guid":{"rendered":"https:\/\/www.europesays.com\/fr\/497444\/"},"modified":"2025-10-29T10:07:11","modified_gmt":"2025-10-29T10:07:11","slug":"la-patinoire-de-wasquehal-en-fete-avec-une-soiree-halloween-et-une-soiree-mousse-ce-week-end","status":"publish","type":"post","link":"https:\/\/www.europesays.com\/fr\/497444\/","title":{"rendered":"La patinoire de Wasquehal en f\u00eate, avec une soir\u00e9e Halloween et une soir\u00e9e mousse, ce week-end"},"content":{"rendered":"<p>            Par<br \/>\n        <strong><br \/>\n            <a href=\"https:\/\/actu.fr\/auteur\/amandine-vachez\" title=\"Consulter tous les articles de Amandine Vachez\" rel=\"nofollow noopener\" target=\"_blank\">Amandine Vachez<\/a><br \/>\n        <\/strong><\/p>\n<p>        Publi\u00e9 le<\/p>\n<p>            29 oct. 2025 \u00e0 10h16        <\/p>\n<p>Et si vous alliez patiner pendant les <a href=\"https:\/\/actu.fr\/tag\/vacances-scolaires\" rel=\"nofollow noopener\" target=\"_blank\">vacances de la Toussaint<\/a>\u2009? Pour les derniers jours, en plus d\u2019horaires \u00e9largis, un programme sur mesure est propos\u00e9 par la <b>patinoire Serge Charles de Wasquehal<\/b>, dans la m\u00e9tropole de <a href=\"https:\/\/actu.fr\/lille\/\" rel=\"nofollow noopener\" target=\"_blank\">Lille<\/a> (Nord). \u00c0 l\u2019agenda\u2009: une<b> soir\u00e9e Halloween<\/b> le vendredi 31\u00a0octobre et une<b> soir\u00e9e mousse<\/b>, samedi 1er\u00a0novembre 2025\u2009!<\/p>\n<p>Des horaires \u00e9largis pendant les vacances, deux soir\u00e9es pour une cl\u00f4ture en beaut\u00e9<\/p>\n<p class=\" wall-content\">La patinoire a mis en place des horaires \u00e9largis pour faire plaisir \u00e0 tous pendant ces cong\u00e9s scolaires, d\u00e8s l\u2019\u00e2ge de 3\u00a0ans\u2009! Des \u00ab\u2009matin\u00e9es douces pour les petits, des apr\u00e8s-midi pour partager en famille et des soir\u00e9es festives rythm\u00e9es par la musique et les jeux de lumi\u00e8re\u2009\u00bb vous attendent sur la glace.<\/p>\n<p class=\" wall-content\">Pour cl\u00f4turer en beaut\u00e9 ces vacances, le lieu c\u00e9l\u00e8bre la mythique f\u00eate d\u2019<a href=\"https:\/\/actu.fr\/tag\/halloween\" rel=\"nofollow noopener\" target=\"_blank\">Halloween<\/a>, vendredi 31\u00a0octobre de 21\u2009h \u00e0 23\u2009h\u200930, avec\u2009: un vestiaire hant\u00e9, un stand de maquillage, un photobooth, des d\u00e9guisements, mais aussi\u2026 un stand de d\u00e9gustation d\u2019insectes\u2009! Musique et lumi\u00e8re compl\u00e8tent le tableau de cette soir\u00e9e frissonnante.<\/p>\n<p class=\" wall-content\">En suivant, les visiteurs de la patinoire pourront profiter d\u2019une soir\u00e9e mousse, le samedi, de 18\u2009h \u00e0 23\u2009h\u200930.<\/p>\n<p class=\" wall-content\">Pour d\u2019autres id\u00e9es de sorties du c\u00f4t\u00e9 de Lille pendant les cong\u00e9s scolaires, <a href=\"https:\/\/actu.fr\/hauts-de-france\/lille_59350\/titanic-en-vr-halloween-dinos-que-faire-en-famille-pour-les-vacances-de-la-toussaint-a-lille-et-autour_63294129.html\" rel=\"nofollow noopener\" target=\"_blank\">consultez notre article cibl\u00e9<\/a>.<\/p>\n<p class=\" wall-content\">Personnalisez votre actualit\u00e9 en ajoutant vos villes et m\u00e9dias en favori avec <a href=\"https:\/\/moncompte.actu.fr\" title=\"D\u00e9couvez Mon Actu\" rel=\"nofollow noopener\" data-trk=\"{&quot;cta&quot;:{&quot;action&quot;:&quot;https:\\\/\\\/moncompte.actu.fr&quot;,&quot;category&quot;:&quot;mon compte&quot;,&quot;from&quot;:&quot;article footer&quot;,&quot;name&quot;:&quot;Mon actu&quot;,&quot;type&quot;:&quot;cta&quot;}}\" target=\"_blank\">Mon Actu<\/a>.<\/p>\n","protected":false},"excerpt":{"rendered":"Par Amandine Vachez Publi\u00e9 le 29 oct. 2025 \u00e0 10h16 Et si vous alliez patiner pendant les vacances&hellip;\n","protected":false},"author":2,"featured_media":497445,"comment_status":"","ping_status":"","sticky":false,"template":"","format":"standard","meta":{"footnotes":""},"categories":[2815],"tags":[1111,11,1777,674,652,1011,27,20815,811,1307,1652,12,25],"class_list":{"0":"post-497444","1":"post","2":"type-post","3":"status-publish","4":"format-standard","5":"has-post-thumbnail","7":"category-lille","8":"tag-actu","9":"tag-actualites","10":"tag-eu","11":"tag-europe","12":"tag-famille","13":"tag-fr","14":"tag-france","15":"tag-halloween","16":"tag-hauts-de-france","17":"tag-lille","18":"tag-loisirs-culture","19":"tag-news","20":"tag-republique-francaise"},"share_on_mastodon":{"url":"https:\/\/pubeurope.com\/@fr\/115456904056742615","error":""},"_links":{"self":[{"href":"https:\/\/www.europesays.com\/fr\/wp-json\/wp\/v2\/posts\/497444","targetHints":{"allow":["GET"]}}],"collection":[{"href":"https:\/\/www.europesays.com\/fr\/wp-json\/wp\/v2\/posts"}],"about":[{"href":"https:\/\/www.europesays.com\/fr\/wp-json\/wp\/v2\/types\/post"}],"author":[{"embeddable":true,"href":"https:\/\/www.europesays.com\/fr\/wp-json\/wp\/v2\/users\/2"}],"replies":[{"embeddable":true,"href":"https:\/\/www.europesays.com\/fr\/wp-json\/wp\/v2\/comments?post=497444"}],"version-history":[{"count":0,"href":"https:\/\/www.europesays.com\/fr\/wp-json\/wp\/v2\/posts\/497444\/revisions"}],"wp:featuredmedia":[{"embeddable":true,"href":"https:\/\/www.europesays.com\/fr\/wp-json\/wp\/v2\/media\/497445"}],"wp:attachment":[{"href":"https:\/\/www.europesays.com\/fr\/wp-json\/wp\/v2\/media?parent=497444"}],"wp:term":[{"taxonomy":"category","embeddable":true,"href":"https:\/\/www.europesays.com\/fr\/wp-json\/wp\/v2\/categories?post=497444"},{"taxonomy":"post_tag","embeddable":true,"href":"https:\/\/www.europesays.com\/fr\/wp-json\/wp\/v2\/tags?post=497444"}],"curies":[{"name":"wp","href":"https:\/\/api.w.org\/{rel}","templated":true}]}}