{"id":497452,"date":"2025-10-29T10:11:22","date_gmt":"2025-10-29T10:11:22","guid":{"rendered":"https:\/\/www.europesays.com\/fr\/497452\/"},"modified":"2025-10-29T10:11:22","modified_gmt":"2025-10-29T10:11:22","slug":"le-principal-suspect-mis-en-examen-et-ecroue-en-france","status":"publish","type":"post","link":"https:\/\/www.europesays.com\/fr\/497452\/","title":{"rendered":"le principal suspect mis en examen et \u00e9crou\u00e9 en France"},"content":{"rendered":"<p itemprop=\"description\"><strong>Il a \u00e9t\u00e9 remis aux autorit\u00e9s fran\u00e7aises lundi puis inculp\u00e9 ce mardi.<\/strong><\/p>\n<p>Les faits avaient particuli\u00e8rement choqu\u00e9. Le 10 septembre dernier, Ashur Sarnaya \u00e9tait poignard\u00e9 alors qu\u2019il se trouvait sur son fauteuil roulant, au pied de son immeuble situ\u00e9 dans le 9e arrondissement de Lyon. Ce chr\u00e9tien originaire d\u2019Irak avait l\u2019habitude de proposer sur son compte TikTok du contenu li\u00e9 \u00e0 sa foi, ce qu\u2019il faisait au moment du drame.<\/p>\n<p>Un peu moins d\u2019un mois plus tard, le principal suspect dans cette affaire, un homme de nationalit\u00e9 alg\u00e9rienne de 28 ans dont le t\u00e9l\u00e9phone avait born\u00e9 \u00e0 Lyon, \u00e9tait interpell\u00e9 en Italie. Quelques jours plus tard, et face aux liens \u00e9voqu\u00e9s du suspect avec Daesh, le juge d\u2019instruction du tribunal judiciaire de Lyon se dessaisissait de l\u2019enqu\u00eate au profit du p\u00f4le antiterroriste de l\u2019instruction du tribunal judiciaire de Paris.<\/p>\n<p>Ce lundi, l\u2019affaire a pris un nouveau tournant puisque l\u2019Italie a remis \u00e0 la France l\u2019individu. \u00ab\u00a0Il a \u00e9t\u00e9 mis en examen ce mardi des chefs d\u2019assassinat en relation avec une entreprise terroriste et association de malfaiteurs terroriste criminelle et a \u00e9t\u00e9 plac\u00e9 en d\u00e9tention provisoire, conform\u00e9ment \u00e0 nos r\u00e9quisitions\u00a0\u00bb, a fait savoir le Parquet national antiterroriste.<\/p>\n","protected":false},"excerpt":{"rendered":"Il a \u00e9t\u00e9 remis aux autorit\u00e9s fran\u00e7aises lundi puis inculp\u00e9 ce mardi. Les faits avaient particuli\u00e8rement choqu\u00e9. Le&hellip;\n","protected":false},"author":2,"featured_media":497453,"comment_status":"","ping_status":"","sticky":false,"template":"","format":"standard","meta":{"footnotes":""},"categories":[1889],"tags":[1111,11,2813,2190,2430,1109,251,1112,2811,1777,674,118,1011,27,1922,1110,1114,2428,2810,12,241,316,25,2812,517,800],"class_list":{"0":"post-497452","1":"post","2":"type-post","3":"status-publish","4":"format-standard","5":"has-post-thumbnail","7":"category-lyon","8":"tag-actu","9":"tag-actualites","10":"tag-article","11":"tag-asvel","12":"tag-auvergne-rhone-alpes","13":"tag-breves","14":"tag-culture","15":"tag-depeches","16":"tag-economique","17":"tag-eu","18":"tag-europe","19":"tag-faits-divers","20":"tag-fr","21":"tag-france","22":"tag-info","23":"tag-informations","24":"tag-infos","25":"tag-lyon","26":"tag-lyonmag","27":"tag-news","28":"tag-ol","29":"tag-politique","30":"tag-republique-francaise","31":"tag-sociale","32":"tag-sport","33":"tag-transports"},"share_on_mastodon":{"url":"https:\/\/pubeurope.com\/@fr\/115456919781402900","error":""},"_links":{"self":[{"href":"https:\/\/www.europesays.com\/fr\/wp-json\/wp\/v2\/posts\/497452","targetHints":{"allow":["GET"]}}],"collection":[{"href":"https:\/\/www.europesays.com\/fr\/wp-json\/wp\/v2\/posts"}],"about":[{"href":"https:\/\/www.europesays.com\/fr\/wp-json\/wp\/v2\/types\/post"}],"author":[{"embeddable":true,"href":"https:\/\/www.europesays.com\/fr\/wp-json\/wp\/v2\/users\/2"}],"replies":[{"embeddable":true,"href":"https:\/\/www.europesays.com\/fr\/wp-json\/wp\/v2\/comments?post=497452"}],"version-history":[{"count":0,"href":"https:\/\/www.europesays.com\/fr\/wp-json\/wp\/v2\/posts\/497452\/revisions"}],"wp:featuredmedia":[{"embeddable":true,"href":"https:\/\/www.europesays.com\/fr\/wp-json\/wp\/v2\/media\/497453"}],"wp:attachment":[{"href":"https:\/\/www.europesays.com\/fr\/wp-json\/wp\/v2\/media?parent=497452"}],"wp:term":[{"taxonomy":"category","embeddable":true,"href":"https:\/\/www.europesays.com\/fr\/wp-json\/wp\/v2\/categories?post=497452"},{"taxonomy":"post_tag","embeddable":true,"href":"https:\/\/www.europesays.com\/fr\/wp-json\/wp\/v2\/tags?post=497452"}],"curies":[{"name":"wp","href":"https:\/\/api.w.org\/{rel}","templated":true}]}}