{"id":497457,"date":"2025-10-29T10:15:16","date_gmt":"2025-10-29T10:15:16","guid":{"rendered":"https:\/\/www.europesays.com\/fr\/497457\/"},"modified":"2025-10-29T10:15:16","modified_gmt":"2025-10-29T10:15:16","slug":"renaissance-investit-pierre-yves-bournazel-aux-depens-de-rachida-dati","status":"publish","type":"post","link":"https:\/\/www.europesays.com\/fr\/497457\/","title":{"rendered":"Renaissance investit Pierre-Yves Bournazel aux d\u00e9pens de Rachida Dati"},"content":{"rendered":"<p>            Par<br \/>\n        <strong><br \/>\n            <a href=\"https:\/\/actu.fr\/auteur\/redaction-paris\" title=\"Consulter tous les articles de R\u00e9daction Paris\" target=\"_blank\" rel=\"noopener\">R\u00e9daction Paris<\/a><br \/>\n        <\/strong><\/p>\n<p>        Publi\u00e9 le<\/p>\n<p>            29 oct. 2025 \u00e0 9h37        <\/p>\n<p>Fin du suspense. Mardi 28 octobre 2025, dans la soir\u00e9e, a eu lieu la commission nationale d\u2019investiture de <a href=\"https:\/\/actu.fr\/tag\/renaissance-ex-lrem\" target=\"_blank\" rel=\"noopener\">Renaissance<\/a> pour les <a href=\"https:\/\/actu.fr\/paris\/politique\/elections-municipales\" target=\"_blank\" rel=\"noopener\">municipales de 2026<\/a>. Les cadres du parti ont ent\u00e9rin\u00e9 leur soutien \u00e0 <strong>Pierre-Yves Bournazel<\/strong>, du parti Horizons d\u2019\u00c9douard Philippe, aux d\u00e9pens de <a href=\"https:\/\/actu.fr\/tag\/rachida-dati\" target=\"_blank\" rel=\"noopener\">Rachida Dati<\/a> qui b\u00e9n\u00e9ficiait pourtant du soutien d\u2019une partie du parti macroniste.<\/p>\n<p>\u00c0 l\u2019unanimit\u00e9 moins deux voix<\/p>\n<p class=\" wall-content\">La commission d\u2019investiture du parti dirig\u00e9 depuis un an par <a href=\"https:\/\/actu.fr\/tag\/gabriel-attal\" target=\"_blank\" rel=\"noopener\">Gabriel Attal<\/a> a \u00ab\u2009valid\u00e9 <strong>\u00e0 l\u2019unanimit\u00e9 moins deux voix<\/strong> le soutien \u00e0 Pierre-Yves Bournazel\u2009\u00bb, a indiqu\u00e9 le parti. Lors de cette r\u00e9union, la direction de Renaissance a plaid\u00e9 pour ce \u00ab\u2009candidat de rassemblement\u2009\u00bb, \u00ab\u2009plus clair sur la gouvernance, le projet et la r\u00e9partition\u2009\u00bb sur les futures listes \u00e9lectorales \u00e0 composer, \u00ab\u2009contrairement \u00e0 Dati, plut\u00f4t muette sur nos attentes\u2009\u00bb, selon un des participants.<\/p>\n<p class=\" wall-content\">\n<p class=\" wall-content\">Mais cette d\u00e9cision ne fait pas l\u2019unanimit\u00e9\u2009: le d\u00e9put\u00e9 Sylvain Maillard, artisan d\u2019un soutien \u00e0 Rachida Dati, a annonc\u00e9 dans la foul\u00e9e qu\u2019il se mettait <strong>\u00ab\u2009en retrait\u2009\u00bb de la pr\u00e9sidence<\/strong> de la f\u00e9d\u00e9ration Renaissance de la capitale, ajoutant au Parisien qu\u2019il entendait \u00ab\u2009jouer un r\u00f4le, \u00eatre au c\u0153ur de la campagne\u2009\u00bb de la ministre de la Culture. Premier d\u00e9put\u00e9 du parti macroniste \u00e9lu en 2017, il reste n\u00e9anmoins membre de Renaissance, a-t-il pr\u00e9cis\u00e9 \u00e0 l\u2019AFP.<\/p>\n<p class=\" wall-content\">Quarante-et-un cadres et \u00e9lus parisiens de Renaissance, dont David Amiel, Olivia Gr\u00e9goire et Astrid Panosyan-Bouvet, justifient au contraire, dans une tribune \u00e0 L\u2019Opinion, leur soutien \u00e0 Pierre-Yves Bournazel, d\u00e9non\u00e7ant notamment la <strong>\u00ab\u2009foire d\u2019empoigne\u2009\u00bb<\/strong> des Conseils de Paris, o\u00f9 Rachida Dati m\u00e8ne l\u2019opposition \u00e0 Anne Hidalgo.<\/p>\n<p>La question \u00c9douard Philippe<\/p>\n<p class=\" wall-content\">Ancien du parti de droite <a href=\"https:\/\/actu.fr\/tag\/les-republicains-lr\" target=\"_blank\" rel=\"noopener\">Les R\u00e9publicains<\/a>, soutien d\u2019<strong>\u00c9douard Philippe<\/strong> depuis 2017, secr\u00e9taire g\u00e9n\u00e9ral d\u2019Horizons, Pierre-Yves Bournazel, 48\u00a0ans, fait un pas vers l\u2019H\u00f4tel de ville, son ambition de longue date, apr\u00e8s une candidature \u00e0 la primaire des LR en 2014 et un ralliement \u00e0 Renaissance en 2020.<\/p>\n<p class=\" wall-content\">Pierre-Yves Bournazel et Gabriel Attal devraient s\u2019afficher prochainement lors d\u2019un d\u00e9placement commun dans la capitale. \u00ab\u2009Renaissance aura <strong>55\u2009% de place<\/strong> dans ma liste, ainsi que dix t\u00eates de liste pour les mairies d\u2019arrondissement\u2009\u00bb, a-il pr\u00e9cis\u00e9 dans un entretien au Parisien.<\/p>\n<p class=\" wall-content\">\n<p class=\" wall-content\">Les partisans d\u2019un soutien \u00e0 Rachida Dati ont notamment <strong>d\u00e9nonc\u00e9 les d\u00e9clarations d\u2019\u00c9douard Philippe<\/strong> sugg\u00e9rant \u00e0 Emmanuel Macron une d\u00e9mission pour une \u00e9lection pr\u00e9sidentielle anticip\u00e9e.<\/p>\n<p>Votre r\u00e9gion, votre actu !<\/p>\n<p>Recevez chaque jour les infos qui comptent pour vous.<\/p>\n<p>\t<a href=\"https:\/\/actu.fr\/newsletter\" class=\"ac-btn ac-btn--corner ac-btn--medium ac-btn--blue800\" target=\"_blank\" rel=\"noopener\">S&rsquo;incrire<\/a><\/p>\n<p class=\" wall-content\">Favorable au soutien \u00e0 Pierre-Yves Bournazel, le ministre <strong>David Amiel<\/strong> l\u2019a lui aussi invit\u00e9 \u00e0 ne \u00ab\u2009participer \u00e0 strictement aucune des attaques insupportables d\u2019Horizons contre le pr\u00e9sident de la R\u00e9publique\u2009\u00bb.<\/p>\n<p class=\" wall-content\">Favorable \u00e0 un appui \u00e0 Rachida Dati, la ministre Aurore Berg\u00e9 a par ailleurs demand\u00e9 un<strong> \u00ab\u2009engagement public\u2009\u00bb<\/strong> de Pierre-Yves Bournazel qu\u2019il ne rallierait pas le candidat socialiste <a href=\"https:\/\/actu.fr\/tag\/emmanuel-gregoire\" target=\"_blank\" rel=\"noopener\">Emmanuel Gr\u00e9goire<\/a> s\u2019il n\u2019\u00e9tait pas en t\u00eate au premier tour.<\/p>\n<p>\u00ab\u2009Une candidature concurrente qui n\u2019a pas de sens\u2009\u00bb<\/p>\n<p class=\" wall-content\">Rachida Dati, soutenue par <a href=\"https:\/\/actu.fr\/tag\/emmanuel-macron\" target=\"_blank\" rel=\"noopener\">Emmanuel Macron<\/a> selon plusieurs sources, faisait figure de <strong>candidate \u00e9vidente<\/strong> pour une partie des macronistes depuis son entr\u00e9e au gouvernement en 2024.<\/p>\n<p class=\" wall-content\">Mais ce sc\u00e9nario avait \u00e9galement ses d\u00e9tracteurs qui pointaient par ailleurs les ennuis judiciaires de la maire du 7e arrondissement, qui sera jug\u00e9e apr\u00e8s l\u2019\u00e9lection, en septembre\u00a02026, pour <strong>corruption et trafic d\u2019influence<\/strong> dans l\u2019affaire Renault-Ghosn. Des faits qu\u2019elle conteste. L\u2019\u00e9dile a entre-temps re\u00e7u l\u2019investiture des LR. Mais les relations restent compliqu\u00e9es avec le parti de droite, dirig\u00e9 par <a href=\"https:\/\/actu.fr\/tag\/bruno-retailleau\" target=\"_blank\" rel=\"noopener\">Bruno Retailleau<\/a>, qui a suspendu les ministres de son parti membres du gouvernement Lecornu 2.<\/p>\n<p class=\" wall-content\">La porte-parole de LR et pr\u00e9sidente de la f\u00e9d\u00e9ration parisienne <strong>Agn\u00e8s Evren<\/strong> a dit \u00e0 l\u2019AFP \u00ab\u2009regretter cette candidature concurrente qui n\u2019a pas de sens\u2009\u00bb alors que \u00ab\u2009contrairement \u00e0 la gauche, nous sommes d\u2019accord sur l\u2019essentiel\u2009\u00bb.<\/p>\n<p class=\" wall-content\">Proche de la ministre de la Culture, la conseill\u00e8re de Paris <strong>Nelly Garnier<\/strong> a point\u00e9 une d\u00e9cision de Renaissance \u00ab\u2009faite selon des tractations nationales\u2009\u00bb avec Horizons. \u00ab\u2009Nous, notre objectif est d\u2019accueillir tous les gens de Renaissance qui veulent s\u2019inscrire dans une dynamique gagnante.\u2009\u00bb<\/p>\n<p class=\" wall-content\">L\u2019\u00e9lection \u00e0 Paris (15 et 22\u00a0mars) est incertaine, <a href=\"https:\/\/actu.fr\/tag\/anne-hidalgo\" target=\"_blank\" rel=\"noopener\">Anne Hidalgo<\/a> ne se repr\u00e9sentant pas apr\u00e8s <strong>24\u00a0ans de gestion PS<\/strong> depuis l\u2019\u00e9lection de Bertrand Delano\u00eb. \u00c0 gauche, le candidat socialiste Emmanuel Gr\u00e9goire, ancien premier adjoint de Mme Hidalgo, et l\u2019\u00e9cologiste David Belliard sont engag\u00e9s dans de difficiles discussions sur une union d\u00e8s le premier tour, chacun revendiquant la t\u00eate de liste.<\/p>\n<p class=\" wall-content\">Avec AFP.<\/p>\n<p class=\" wall-content\">Personnalisez votre actualit\u00e9 en ajoutant vos villes et m\u00e9dias en favori avec <a href=\"https:\/\/moncompte.actu.fr\" title=\"D\u00e9couvez Mon Actu\" rel=\"nofollow noopener\" data-trk=\"{&quot;cta&quot;:{&quot;action&quot;:&quot;https:\\\/\\\/moncompte.actu.fr&quot;,&quot;category&quot;:&quot;mon compte&quot;,&quot;from&quot;:&quot;article footer&quot;,&quot;name&quot;:&quot;Mon actu&quot;,&quot;type&quot;:&quot;cta&quot;}}\" target=\"_blank\">Mon Actu<\/a>.<\/p>\n","protected":false},"excerpt":{"rendered":"Par R\u00e9daction Paris Publi\u00e9 le 29 oct. 2025 \u00e0 9h37 Fin du suspense. Mardi 28 octobre 2025, dans&hellip;\n","protected":false},"author":2,"featured_media":497458,"comment_status":"","ping_status":"","sticky":false,"template":"","format":"standard","meta":{"footnotes":""},"categories":[1888],"tags":[1111,1928,11,1927,4188,1777,674,1011,27,3434,12,1926,626,1925,316,417,12415,25],"class_list":{"0":"post-497457","1":"post","2":"type-post","3":"status-publish","4":"format-standard","5":"has-post-thumbnail","7":"category-paris","8":"tag-actu","9":"tag-actu-paris","10":"tag-actualites","11":"tag-actualites-paris","12":"tag-elections-municipales","13":"tag-eu","14":"tag-europe","15":"tag-fr","16":"tag-france","17":"tag-municipales-2026","18":"tag-news","19":"tag-news-paris","20":"tag-paris","21":"tag-paris-news","22":"tag-politique","23":"tag-rachida-dati","24":"tag-renaissance-ex-lrem","25":"tag-republique-francaise"},"share_on_mastodon":{"url":"https:\/\/pubeurope.com\/@fr\/115456935444460210","error":""},"_links":{"self":[{"href":"https:\/\/www.europesays.com\/fr\/wp-json\/wp\/v2\/posts\/497457","targetHints":{"allow":["GET"]}}],"collection":[{"href":"https:\/\/www.europesays.com\/fr\/wp-json\/wp\/v2\/posts"}],"about":[{"href":"https:\/\/www.europesays.com\/fr\/wp-json\/wp\/v2\/types\/post"}],"author":[{"embeddable":true,"href":"https:\/\/www.europesays.com\/fr\/wp-json\/wp\/v2\/users\/2"}],"replies":[{"embeddable":true,"href":"https:\/\/www.europesays.com\/fr\/wp-json\/wp\/v2\/comments?post=497457"}],"version-history":[{"count":0,"href":"https:\/\/www.europesays.com\/fr\/wp-json\/wp\/v2\/posts\/497457\/revisions"}],"wp:featuredmedia":[{"embeddable":true,"href":"https:\/\/www.europesays.com\/fr\/wp-json\/wp\/v2\/media\/497458"}],"wp:attachment":[{"href":"https:\/\/www.europesays.com\/fr\/wp-json\/wp\/v2\/media?parent=497457"}],"wp:term":[{"taxonomy":"category","embeddable":true,"href":"https:\/\/www.europesays.com\/fr\/wp-json\/wp\/v2\/categories?post=497457"},{"taxonomy":"post_tag","embeddable":true,"href":"https:\/\/www.europesays.com\/fr\/wp-json\/wp\/v2\/tags?post=497457"}],"curies":[{"name":"wp","href":"https:\/\/api.w.org\/{rel}","templated":true}]}}