{"id":497462,"date":"2025-10-29T10:18:12","date_gmt":"2025-10-29T10:18:12","guid":{"rendered":"https:\/\/www.europesays.com\/fr\/497462\/"},"modified":"2025-10-29T10:18:12","modified_gmt":"2025-10-29T10:18:12","slug":"la-cathedrale-notre-dame-de-paris-debarque-sur-les-nouvelles-pieces-de-deux-euros","status":"publish","type":"post","link":"https:\/\/www.europesays.com\/fr\/497462\/","title":{"rendered":"La cath\u00e9drale Notre-Dame de Paris d\u00e9barque sur les nouvelles pi\u00e8ces de deux euros"},"content":{"rendered":"<p>\n    En hommage au joyau de l\u2019art gothique r\u00e9cemment restaur\u00e9 apr\u00e8s l\u2019incendie de 2019, la Monnaie de Paris va progressivement mettre en circulation 20 millions d\u2019exemplaires de cette pi\u00e8ce comm\u00e9morative.<\/p>\n<p class=\"fig-paragraph\">\u00abNotre-Dame est bien vieille\u00a0: on la verra peut-\u00eatre \/ Enterrer cependant Paris qu\u2019elle a vu na\u00eetre\u00bb, \u00e9crit le po\u00e8te\u00a0<a href=\"https:\/\/www.lefigaro.fr\/livres\/aurelia-de-gerard-de-nerval-des-reves-et-des-ombres-20200423\" target=\"_blank\" data-fig-type=\"Article\" rel=\"noopener nofollow\" data-gtm-custom-categorie=\"navigation\" data-gtm-custom-action=\"crossclick\" data-gtm-custom-label=\"Contextuel\" data-gtm-event=\"customEventSPE\" data-fig-domain=\"LEFIGARO\">G\u00e9rard de Nerval<\/a>\u00a0en 1830 dans une de ses Odelettes consacr\u00e9e \u00e0 Notre-Dame de Paris. De nouveau sur pieds apr\u00e8s l\u2019incendie qui l\u2019a d\u00e9vast\u00e9e en 2019, la \u00abbien vieille cath\u00e9drale\u00bb va conna\u00eetre une deuxi\u00e8me jeunesse brillante et polie sur des pi\u00e8ces deux euros, apr\u00e8s sa r\u00e9cente reconstruction. Mardi 28 octobre a \u00e9t\u00e9 d\u00e9voil\u00e9e par la Monnaie de Paris une pi\u00e8ce de 2 euros \u00e0 l\u2019effigie de\u00a0<a href=\"http:\/\/www.lefigaro.fr\/conjoncture\/avec-6-millions-de-visiteurs-depuis-la-reouverture-notre-dame-de-paris-connait-une-affluence-inedite-20250706\" target=\"_blank\" data-fig-type=\"Article\" rel=\"noopener nofollow\" data-gtm-custom-categorie=\"navigation\" data-gtm-custom-action=\"crossclick\" data-gtm-custom-label=\"Contextuel\" data-gtm-event=\"customEventSPE\" data-fig-domain=\"LEFIGARO\">Notre-Dame de Paris<\/a>, repr\u00e9sentant la fa\u00e7ade de la mythique cath\u00e9drale sur son c\u00f4t\u00e9 face, comme l\u2019a rapport\u00e9 Le Parisien. Cette pi\u00e8ce comm\u00e9morative sera mise en circulation progressivement \u00e0 hauteur de 20 millions d\u2019exemplaires.<\/p>\n<p class=\"fig-paragraph\">Le choix de ce monument par la Monnaie de Paris n\u2019est pas anodin. La cath\u00e9drale gothique,\u00a0<a href=\"http:\/\/www.lefigaro.fr\/culture\/patrimoine\/notre-dame-de-paris-le-15-avril-2019-une-nuit-de-feu-20241205\" target=\"_blank\" data-fig-type=\"Article\" rel=\"noopener nofollow\" data-gtm-custom-categorie=\"navigation\" data-gtm-custom-action=\"crossclick\" data-gtm-custom-label=\"Contextuel\" data-gtm-event=\"customEventSPE\" data-fig-domain=\"LEFIGARO\">victime d\u2019un grave incendie en 2019<\/a>, a rouvert ses portes au public en 2024, apr\u00e8s plusieurs ann\u00e9es de travaux. Sur son site, l\u2019institution explique honorer \u00abcette ann\u00e9e la r\u00e9ouverture au public de Notre-Dame de Paris en frappant une monnaie de 2\u20ac comm\u00e9morative, gravant pour l\u2019\u00e9ternit\u00e9 les lignes de ce joyau de l\u2019art gothique\u00bb. \u00abComme tous les Fran\u00e7ais, nous avons \u00e9t\u00e9 \u00e9mus par l\u2019incendie de Notre-Dame. Pr\u00e8s d\u2019un an apr\u00e8s la r\u00e9ouverture, c\u2019est une fa\u00e7on de c\u00e9l\u00e9brer l\u2019ensemble des artisans et m\u00e9tiers d\u2019art qui ont \u00e9t\u00e9 mobilis\u00e9s sur le chantier\u00bb, a expliqu\u00e9 Marc Schwartz, le pr\u00e9sident-directeur g\u00e9n\u00e9ral de la Monnaie de Paris, au Parisien.<\/p>\n<p class=\"fig-body-link\">\n            \u00c0 lire aussi<br \/>\n        <a class=\"fig-body-link__link\" href=\"http:\/\/www.lefigaro.fr\/bordeaux\/retrouve-pres-de-bordeaux-l-incroyable-tresor-numismatique-d-un-diplomate-portugais-vendu-aux-encheres-20250911\" target=\"_blank\" data-fig-type=\"NewsFlash\" rel=\"noopener nofollow\" data-gtm-custom-categorie=\"navigation\" data-gtm-custom-action=\"crossclick\" data-gtm-custom-label=\"Contextuel\" data-gtm-event=\"customEventSPE\" data-fig-domain=\"LEFIGARO\"><\/p>\n<p>        Retrouv\u00e9e pr\u00e8s de Bordeaux, une pi\u00e8ce chinoise de l\u2019incroyable tr\u00e9sor numismatique d\u2019un diplomate portugais vendue 400.000 euros aux ench\u00e8res<br \/>\n    <\/a>\n<\/p>\n<p>                                    <a class=\"fig-a11y-skip a11y-hidden\" href=\"#fig-a11y-skip-main-inarticle\"><br \/>\n        Passer la publicit\u00e9<br \/>\n    <\/a><\/p>\n<p>Une pi\u00e8ce \u00e0 forte diffusion<\/p>\n<p class=\"fig-paragraph\">Cette nouvelle pi\u00e8ce de 2 euros ne sera pas un objet de collection. L\u2019objectif est qu\u2019elle circule largement, et sa valeur sera bien de 2 euros, comme toutes les pi\u00e8ces en circulation. Cependant, certaines versions sp\u00e9cifiques, \u00e9mises par des territoires comme Saint-Martin, Monaco, Andorre et le Vatican, seront produites en quantit\u00e9s bien plus limit\u00e9es, et pourraient donc voir leur valeur augmenter dans une vis\u00e9e de collection. Par ailleurs, deux pi\u00e8ces comm\u00e9moratives sp\u00e9ciales, frapp\u00e9es dans un m\u00e9tal de plus grande qualit\u00e9 et avec un aspect plus brillant, sont mises en vente par la Monnaie de Paris depuis mardi matin. Ces pi\u00e8ces, qui reprennent le motif de Notre-Dame, sont propos\u00e9es respectivement \u00e0 12 et 25 euros.<\/p>\n<p class=\"fig-paragraph\">Cette nouvelle pi\u00e8ce s\u2019inscrit dans une longue tradition des pi\u00e8ces comm\u00e9moratives de 2 euros. Chaque ann\u00e9e, chaque pays de la zone euro peut faire frapper deux pi\u00e8ces comm\u00e9moratives. Ces pi\u00e8ces peuvent \u00eatre modifi\u00e9es pour repr\u00e9senter des \u00e9v\u00e9nements ou symboles nationaux. Heureux qui comme Nerval, verra prochainement Notre-Dame enrichir son son porte-monnaie.<\/p>\n","protected":false},"excerpt":{"rendered":"En hommage au joyau de l\u2019art gothique r\u00e9cemment restaur\u00e9 apr\u00e8s l\u2019incendie de 2019, la Monnaie de Paris va&hellip;\n","protected":false},"author":2,"featured_media":497463,"comment_status":"","ping_status":"","sticky":false,"template":"","format":"standard","meta":{"footnotes":""},"categories":[1888],"tags":[11,1777,450,674,1011,27,26439,12,1049,626,25],"class_list":{"0":"post-497462","1":"post","2":"type-post","3":"status-publish","4":"format-standard","5":"has-post-thumbnail","7":"category-paris","8":"tag-actualites","9":"tag-eu","10":"tag-euro","11":"tag-europe","12":"tag-fr","13":"tag-france","14":"tag-monnaie","15":"tag-news","16":"tag-notre-dame","17":"tag-paris","18":"tag-republique-francaise"},"share_on_mastodon":{"url":"https:\/\/pubeurope.com\/@fr\/115456947373433861","error":""},"_links":{"self":[{"href":"https:\/\/www.europesays.com\/fr\/wp-json\/wp\/v2\/posts\/497462","targetHints":{"allow":["GET"]}}],"collection":[{"href":"https:\/\/www.europesays.com\/fr\/wp-json\/wp\/v2\/posts"}],"about":[{"href":"https:\/\/www.europesays.com\/fr\/wp-json\/wp\/v2\/types\/post"}],"author":[{"embeddable":true,"href":"https:\/\/www.europesays.com\/fr\/wp-json\/wp\/v2\/users\/2"}],"replies":[{"embeddable":true,"href":"https:\/\/www.europesays.com\/fr\/wp-json\/wp\/v2\/comments?post=497462"}],"version-history":[{"count":0,"href":"https:\/\/www.europesays.com\/fr\/wp-json\/wp\/v2\/posts\/497462\/revisions"}],"wp:featuredmedia":[{"embeddable":true,"href":"https:\/\/www.europesays.com\/fr\/wp-json\/wp\/v2\/media\/497463"}],"wp:attachment":[{"href":"https:\/\/www.europesays.com\/fr\/wp-json\/wp\/v2\/media?parent=497462"}],"wp:term":[{"taxonomy":"category","embeddable":true,"href":"https:\/\/www.europesays.com\/fr\/wp-json\/wp\/v2\/categories?post=497462"},{"taxonomy":"post_tag","embeddable":true,"href":"https:\/\/www.europesays.com\/fr\/wp-json\/wp\/v2\/tags?post=497462"}],"curies":[{"name":"wp","href":"https:\/\/api.w.org\/{rel}","templated":true}]}}