{"id":497474,"date":"2025-10-29T10:24:16","date_gmt":"2025-10-29T10:24:16","guid":{"rendered":"https:\/\/www.europesays.com\/fr\/497474\/"},"modified":"2025-10-29T10:24:16","modified_gmt":"2025-10-29T10:24:16","slug":"leurope-va-limiter-les-paiements-en-liquide-voici-le-montant-maximum-qui-sera-autorise","status":"publish","type":"post","link":"https:\/\/www.europesays.com\/fr\/497474\/","title":{"rendered":"L&rsquo;Europe va limiter les paiements en liquide, voici le montant maximum qui sera autoris\u00e9"},"content":{"rendered":"<p class=\"app_entry_lead\">\n<p>                Une r\u00e8gle va entrer en vigueur pour encadrer le paiement en esp\u00e8ces.<\/p>\n<p>On le croyait d\u00e9suet\u00a0: il n&rsquo;est pas totalement abandonn\u00e9. Le billet n&rsquo;a pas \u00e9t\u00e9 compl\u00e8tement remplac\u00e9 par la carte bancaire et semble encore avoir de beaux jours devant lui. Selon les derniers chiffres, la moiti\u00e9 des transactions est encore effectu\u00e9e en esp\u00e8ces, m\u00eame si utiliser la carte bancaire -encore plus depuis qu&rsquo;elles sont sur les smartphone- est une solution de facilit\u00e9.<\/p>\n<p>Toutefois, la r\u00e9glementation sur l&rsquo;utilisation du liquide va bient\u00f4t \u00e9voluer, en raison d&rsquo;une d\u00e9cision prise \u00e0 l&rsquo;\u00e9chelle europ\u00e9enne. L&rsquo;UE a d\u00e9cid\u00e9 d&rsquo;instaurer un montant maximum pour les paiements en esp\u00e8ces.<\/p>\n<p><a class=\"fancy\" href=\"https:\/\/www.europesays.com\/fr\/wp-content\/uploads\/2025\/10\/67748107.jpg\"><img decoding=\"async\" alt=\"\" src=\"https:\/\/www.europesays.com\/fr\/wp-content\/uploads\/2025\/10\/67748107.jpg\"\/><\/a><\/p>\n<p>A compter de 2027, la loi interdira que dans les 27\u00a0pays de l&rsquo;Union europ\u00e9enne, donc la France, tout paiement en liquide soit interdit lorsqu&rsquo;un particulier ach\u00e8te quelque chose aupr\u00e8s d&rsquo;un entreprise, dont le montant d\u00e9passe 10\u00a0000\u00a0euros. Evidemment, cela ne concerne que tr\u00e8s peu de personnes.<\/p>\n<p>En r\u00e9alit\u00e9, avec cette r\u00e9glementation, l&rsquo;UE cherche \u00e0 lutter contre le blanchiment d&rsquo;argent. \u00ab\u00a0Un de nos principaux objectifs a \u00e9t\u00e9 de faire en sorte que les criminels en col blanc ne pourront d\u00e9sormais plus blanchir leur argent en faisant l&rsquo;acquisition de voitures de luxe, de yachts et de jets priv\u00e9s\u00a0\u00bb, a justifi\u00e9 Paul Tang, eurod\u00e9put\u00e9 socialiste n\u00e9erlandais, charg\u00e9 de mener \u00e0 bien ce dossier.<\/p>\n<p>Ce \u00ab\u00a0durcissement\u00a0\u00bb de la loi n&rsquo;aura donc pas d&rsquo;impact sur le commun des mortels. Seuls quelques-uns seront impact\u00e9s par cette nouvelle r\u00e8gle, laquelle ne s&rsquo;appliquera pas aux transactions entre deux particuliers\u00a0: libre \u00e0 eux de s&rsquo;entendre comme ils le souhaitent pour r\u00e9aliser une transaction. Cela n&rsquo;est pr\u00e9vu qu&rsquo;\u00e0 compter de 2027.<\/p>\n<p>Cela aura principalement des cons\u00e9quence en Irlande, en Ecosse, en Angleterre, au Pays de Galles, aux Pays-Bas, au Luxembourg, en Allemagne, Autriche ou encore \u00e0 Chypre, pays dans lesquels aucune limite n&rsquo;est actuellement instaur\u00e9e dans la l\u00e9gislation. En revanche, cela n&rsquo;aura aucun impact sur la France, l&rsquo;Espagne ou l&rsquo;Italie\u00a0: les lois nationales pr\u00e9voient d\u00e9j\u00e0 un montant maximum de 1000\u00a0euros si l&rsquo;on souhaite r\u00e9gler un achat en esp\u00e8ces.<\/p>\n","protected":false},"excerpt":{"rendered":"Une r\u00e8gle va entrer en vigueur pour encadrer le paiement en esp\u00e8ces. On le croyait d\u00e9suet\u00a0: il n&rsquo;est&hellip;\n","protected":false},"author":2,"featured_media":497475,"comment_status":"","ping_status":"","sticky":false,"template":"","format":"standard","meta":{"footnotes":""},"categories":[1586],"tags":[11,61990,51761,1777,674,51763,1011,27,51979,1031,12,51767,25],"class_list":{"0":"post-497474","1":"post","2":"type-post","3":"status-publish","4":"format-standard","5":"has-post-thumbnail","7":"category-europe","8":"tag-actualites","9":"tag-cms-linternaute-6638173","10":"tag-controller-content","11":"tag-eu","12":"tag-europe","13":"tag-format-papier","14":"tag-fr","15":"tag-france","16":"tag-les-histoires-de-linternaute","17":"tag-magazine","18":"tag-news","19":"tag-parallaxeinfeed","20":"tag-republique-francaise"},"share_on_mastodon":{"url":"https:\/\/pubeurope.com\/@fr\/115456971521667405","error":""},"_links":{"self":[{"href":"https:\/\/www.europesays.com\/fr\/wp-json\/wp\/v2\/posts\/497474","targetHints":{"allow":["GET"]}}],"collection":[{"href":"https:\/\/www.europesays.com\/fr\/wp-json\/wp\/v2\/posts"}],"about":[{"href":"https:\/\/www.europesays.com\/fr\/wp-json\/wp\/v2\/types\/post"}],"author":[{"embeddable":true,"href":"https:\/\/www.europesays.com\/fr\/wp-json\/wp\/v2\/users\/2"}],"replies":[{"embeddable":true,"href":"https:\/\/www.europesays.com\/fr\/wp-json\/wp\/v2\/comments?post=497474"}],"version-history":[{"count":0,"href":"https:\/\/www.europesays.com\/fr\/wp-json\/wp\/v2\/posts\/497474\/revisions"}],"wp:featuredmedia":[{"embeddable":true,"href":"https:\/\/www.europesays.com\/fr\/wp-json\/wp\/v2\/media\/497475"}],"wp:attachment":[{"href":"https:\/\/www.europesays.com\/fr\/wp-json\/wp\/v2\/media?parent=497474"}],"wp:term":[{"taxonomy":"category","embeddable":true,"href":"https:\/\/www.europesays.com\/fr\/wp-json\/wp\/v2\/categories?post=497474"},{"taxonomy":"post_tag","embeddable":true,"href":"https:\/\/www.europesays.com\/fr\/wp-json\/wp\/v2\/tags?post=497474"}],"curies":[{"name":"wp","href":"https:\/\/api.w.org\/{rel}","templated":true}]}}