{"id":49748,"date":"2025-04-24T17:58:15","date_gmt":"2025-04-24T17:58:15","guid":{"rendered":"https:\/\/www.europesays.com\/fr\/49748\/"},"modified":"2025-04-24T17:58:15","modified_gmt":"2025-04-24T17:58:15","slug":"a-rennes-lancien-elu-centriste-jean-pierre-dagorn-est-decede","status":"publish","type":"post","link":"https:\/\/www.europesays.com\/fr\/49748\/","title":{"rendered":"\u00c0 Rennes, l\u2019ancien \u00e9lu centriste Jean-Pierre Dagorn est d\u00e9c\u00e9d\u00e9"},"content":{"rendered":"<p>Engag\u00e9 politiquement au centre (UDF puis D\u00e9mocratie lib\u00e9rale), il a \u00e9t\u00e9 un \u00e9lu qui a marqu\u00e9 le d\u00e9bat local en Ille-et-Vilaine entre les ann\u00e9es\u00a01980 et\u00a02000. Jean-Pierre Dagorn est d\u00e9c\u00e9d\u00e9 lundi 21\u00a0avril 2025, \u00e0 l\u2019\u00e2ge de 76\u00a0ans. La c\u00e9r\u00e9monie religieuse de ses obs\u00e8ques sera c\u00e9l\u00e9br\u00e9e vendredi 2\u00a0mai 2025, \u00e0 10\u00a0h, en l\u2019\u00e9glise Saint-Augustin de Rennes.<\/p>\n<p>Originaire de Quimper (Finist\u00e8re), Jean-Pierre Dagorn fut conseiller municipal de Rennes de 1983 \u00e0 1989 (<a href=\"https:\/\/rennes.maville.com\/actu\/actudet_-le-professeur-claude-champaud-figure-politique-rennaise-est-decede_52674-3669146_actu.Htm\" target=\"_blank\" rel=\"noopener\">sur la liste de Claude Champaud<\/a>) puis de 1995 \u00e0 2001, mais aussi conseiller g\u00e9n\u00e9ral du d\u00e9partement d\u2019Ille-et-Vilaine de 1985 \u00e0 1998. Il fut ensuite conseiller r\u00e9gional de Bretagne \u00e0 partir de 1998, et fut aussi conseiller municipal \u00e0 Chartres-de-Bretagne, \u00e0 partir de 2001.<\/p>\n<p>L\u2019une de ses grandes croisades politiques fut celle qu\u2019il mena au d\u00e9but des ann\u00e9es 1990 <a href=\"https:\/\/rennes.maville.com\/info\/info-locale\/opposant-au-val-il-encourage-la-ligne-b-40568\" target=\"_blank\" rel=\"noopener\">contre le projet de la premi\u00e8re ligne de m\u00e9tro \u00e0 Rennes<\/a>, appel\u00e9 alors \u00ab\u00a0Val\u00a0\u00bb (V\u00e9hicule automatique l\u00e9ger)\u00a0; inaugur\u00e9 en 2001. \u00ab<strong>\u00a0Entre\u00a01990 et\u00a01995, je me suis investi \u00e0 fond dans le comit\u00e9 pour une alternative au Val. J\u2019esp\u00e8re que je me suis tromp\u00e9, sinon l\u2019ardoise sera lourde\u00a0\u00bb,<\/strong> avait-il confi\u00e9 en novembre\u00a02000 \u00e0 notre confr\u00e8re Philippe Chapleau, avant les \u00e9lections municipales de 2001. <strong>\u00ab\u00a0On \u00e9tait passionn\u00e9\u00a0! Et il le fallait bien face \u00e0 la t\u00e9nacit\u00e9 d\u2019Edmond Herv\u00e9. J\u2019ai d\u00fb passer des centaines d\u2019heures sur ce dossier\u00a0\u00bb<\/strong>, se souvenait-il plus tard, en 2012, toujours dans les colonnes de Ouest-France, rappelant que la p\u00e9tition du comit\u00e9 d\u2019opposition avait recueilli plus de 60\u00a0000\u00a0signatures sur Rennes district (l\u2019anc\u00eatre de Rennes m\u00e9tropole).<\/p>\n<p>Le conseiller municipal avait m\u00eame demand\u00e9 un sondage \u00e0 l\u2019institut BVA qui r\u00e9v\u00e9lait que 54\u00a0% des Rennais \u00e9taient d\u00e9favorables au VAL en 1992\u00a0!<strong> \u00ab\u00a0Maintenant c\u2019est quelque chose qui r\u00e9pond \u00e0 une demande des Rennais. La fr\u00e9quentation de la ligne est tr\u00e8s bonne, c\u2019est une des plus rentables. C\u2019est tant mieux\u00a0!\u00a0\u00bb<\/strong><\/p>\n<p>\u00a0<\/p>\n","protected":false},"excerpt":{"rendered":"Engag\u00e9 politiquement au centre (UDF puis D\u00e9mocratie lib\u00e9rale), il a \u00e9t\u00e9 un \u00e9lu qui a marqu\u00e9 le d\u00e9bat&hellip;\n","protected":false},"author":2,"featured_media":49749,"comment_status":"","ping_status":"","sticky":false,"template":"","format":"standard","meta":{"footnotes":""},"categories":[2821],"tags":[1111,11,4255,829,14193,14195,1762,14192,1777,674,1011,27,14194,12,3086,584,25],"class_list":{"0":"post-49748","1":"post","2":"type-post","3":"status-publish","4":"format-standard","5":"has-post-thumbnail","7":"category-rennes","8":"tag-actu","9":"tag-actualites","10":"tag-ancien","11":"tag-bretagne","12":"tag-centriste","13":"tag-dagorn","14":"tag-decede","15":"tag-elu","16":"tag-eu","17":"tag-europe","18":"tag-fr","19":"tag-france","20":"tag-jean-pierre","21":"tag-news","22":"tag-redon","23":"tag-rennes","24":"tag-republique-francaise"},"share_on_mastodon":{"url":"https:\/\/pubeurope.com\/@fr\/114394242013830330","error":""},"_links":{"self":[{"href":"https:\/\/www.europesays.com\/fr\/wp-json\/wp\/v2\/posts\/49748","targetHints":{"allow":["GET"]}}],"collection":[{"href":"https:\/\/www.europesays.com\/fr\/wp-json\/wp\/v2\/posts"}],"about":[{"href":"https:\/\/www.europesays.com\/fr\/wp-json\/wp\/v2\/types\/post"}],"author":[{"embeddable":true,"href":"https:\/\/www.europesays.com\/fr\/wp-json\/wp\/v2\/users\/2"}],"replies":[{"embeddable":true,"href":"https:\/\/www.europesays.com\/fr\/wp-json\/wp\/v2\/comments?post=49748"}],"version-history":[{"count":0,"href":"https:\/\/www.europesays.com\/fr\/wp-json\/wp\/v2\/posts\/49748\/revisions"}],"wp:featuredmedia":[{"embeddable":true,"href":"https:\/\/www.europesays.com\/fr\/wp-json\/wp\/v2\/media\/49749"}],"wp:attachment":[{"href":"https:\/\/www.europesays.com\/fr\/wp-json\/wp\/v2\/media?parent=49748"}],"wp:term":[{"taxonomy":"category","embeddable":true,"href":"https:\/\/www.europesays.com\/fr\/wp-json\/wp\/v2\/categories?post=49748"},{"taxonomy":"post_tag","embeddable":true,"href":"https:\/\/www.europesays.com\/fr\/wp-json\/wp\/v2\/tags?post=49748"}],"curies":[{"name":"wp","href":"https:\/\/api.w.org\/{rel}","templated":true}]}}