{"id":497484,"date":"2025-10-29T10:29:20","date_gmt":"2025-10-29T10:29:20","guid":{"rendered":"https:\/\/www.europesays.com\/fr\/497484\/"},"modified":"2025-10-29T10:29:20","modified_gmt":"2025-10-29T10:29:20","slug":"apres-deux-ans-et-demi-dabsence-jessica-korda-fait-son-retour-a-la-competition","status":"publish","type":"post","link":"https:\/\/www.europesays.com\/fr\/497484\/","title":{"rendered":"Apr\u00e8s deux ans et demi d&rsquo;absence, Jessica Korda fait son retour \u00e0 la comp\u00e9tition"},"content":{"rendered":"<p>\t\t\t\t\t\t<img width=\"770\" height=\"556\" src=\"data:image\/svg+xml,%3Csvg%20xmlns=\" http:=\"\" class=\"img-responsive wp-post-image\" alt=\"\" decoding=\"async\" fetchpriority=\"high\" data-lazy- data-lazy- data-lazy-src=\"https:\/\/www.europesays.com\/fr\/wp-content\/uploads\/2025\/10\/afp__20231118__1799475674__v3__highres__cmegrouptourchampionshiproundtwo-770x556.jpg\"\/>\t\t\t\t\t<\/p>\n<p>\t\t\t\t\t\t Partager cet article <\/p>\n<p class=\"screen-reader-text juiz_sps_maybe_hidden_text\">Partager la publication \u00ab\u00a0Apr\u00e8s deux ans et demi d\u2019absence, Jessica Korda fait son retour \u00e0 la comp\u00e9tition\u00a0\u00bb<\/p>\n<p><strong>Jessica Korda, la sextuple laur\u00e9ate sur le LPGA Tour, effectuera son retour \u00e0 la comp\u00e9tition au Grant Thornton Invitational de Tiburon, aux c\u00f4t\u00e9s de Bud Cauley. Une premi\u00e8re depuis\u2026 mai 2023 !<\/strong><\/p>\n<p>\t\t\t\t\t<a id=\"189447\" href=\"https:\/\/golfplus.fr\/content\/57-programme-de-fidelite\" target=\"_blank\" rel=\"sponsorised nofollow noopener\"><img decoding=\"async\" src=\"data:image\/svg+xml,%3Csvg%20xmlns=\" http:=\"\" class=\"img-responsive\" alt=\"\" data-lazy-src=\"https:\/\/www.europesays.com\/fr\/wp-content\/uploads\/2025\/10\/golfplus-e28-programme-fidelite-1170x275-1.jpg\"\/><\/a><\/p>\n<p>Apr\u00e8s deux ans et demi d\u2019absence, <strong>Jessica Korda<\/strong> s\u2019appr\u00eate \u00e0 retrouver les fairways professionnels. La six fois laur\u00e9ate sur le <strong>LPGA Tour<\/strong> disputera du 12 au 14 d\u00e9cembre le <strong>Grant Thornton Invitational<\/strong> au <strong>Tiburon Golf Club<\/strong>, marquant ainsi son grand retour depuis mai 2023. L\u2019ain\u00e9e de la fratrie, devenue m\u00e8re en 2024, b\u00e9n\u00e9ficie de la politique maternit\u00e9 de la <strong>LPGA<\/strong>, qui permet une reprise au plus haut niveau jusqu\u2019\u00e0 24 mois apr\u00e8s la naissance.<\/p>\n<p>\u00ab\u202fJe suis vraiment impatiente de rejouer, comment je vais me situer, je ne sais pas encore\u202f, a confi\u00e9 <strong>Jessica Korda<\/strong> en d\u00e9cembre dernier. \u202fJe prendrai 2025 pour \u00e9valuer, et 2026 est notre objectif pour un retour complet.\u202f\u00bb<\/p>\n<p>Nelly Korda, Lydia Ko et Jason Day sont de la partie<\/p>\n<p>Pour ce tournoi m\u00ealant hommes et femmes, Korda formera un duo avec <strong>Bud Cauley<\/strong> dans un format en trois manches comprenant scramble, chapman et foursomes. Sa s\u0153ur, <strong>Nelly Korda<\/strong>, sera \u00e9galement pr\u00e9sente, associ\u00e9e \u00e0 <strong>Denny McCarthy<\/strong>, tandis que les tenants du titre, <strong>Patty Tavatanakit <\/strong>et<strong> Jake Knapp<\/strong>, tenteront de conserver leur troph\u00e9e.<\/p>\n<blockquote class=\"twitter-tweet\"><p>&#13;<\/p>\n<p dir=\"ltr\" lang=\"en\">Lydia Ko + <a href=\"https:\/\/twitter.com\/JDayGolf?ref_src=twsrc%5Etfw\" rel=\"nofollow noopener\" target=\"_blank\">@JDayGolf<\/a> \u2013 your 2023 champions and Grant Thornton ambassadors are teaming up once again for another shot at glory! \u26f3\u2728 <a href=\"https:\/\/t.co\/y9eY9Avp3i\" rel=\"nofollow\">pic.twitter.com\/y9eY9Avp3i<\/a><\/p>\n<p>&#13;<br \/>\n&#13;<br \/>\n\u2014 Grant Thornton Invitational (@gtinvitational) <a href=\"https:\/\/twitter.com\/gtinvitational\/status\/1983174412699398204?ref_src=twsrc%5Etfw\" rel=\"nofollow noopener\" target=\"_blank\">October 28, 2025<\/a><\/p><\/blockquote>\n<p>Les anciens champions <strong>Lydia Ko <\/strong>et<strong> Jason Day<\/strong>, vainqueurs en 2023, font partie des favoris, tout comme la paire <strong>Lottie Woad <\/strong>et<strong> Luke Clanton<\/strong>, anciennement co\u00e9quipiers \u00e0 <strong>Florida State University<\/strong>. D\u2019autres combinaisons notables incluent <strong>Brooke Henderson <\/strong>et<strong> Corey Conners<\/strong>, ainsi que <strong>Lexi Thompson <\/strong>et<strong> Wyndham Clark<\/strong>.<\/p>\n<p>\t\t\t\t\t<a id=\"187759\" href=\"https:\/\/leclub-golf.com\/fr\/private-card\/offre-15-mois-carte-classic?utm_source=golf+planete&amp;utm_medium=referral&amp;utm_campaign=15+mois+offerts+classic&amp;utm_id=15+mois+offerts+classic__golf+planete_referral_banner\" target=\"_blank\" rel=\"sponsorised nofollow noopener\"><img decoding=\"async\" src=\"data:image\/svg+xml,%3Csvg%20xmlns=\" http:=\"\" class=\"img-responsive\" alt=\"\" data-lazy-src=\"https:\/\/www.europesays.com\/fr\/wp-content\/uploads\/2025\/09\/leclubgolf-e12-douceur-automne-1170x275-1.jpg\"\/><\/a><br \/>\nLes \u00e9quipes du Grant Thornton Invitational 2025 :<\/p>\n<p><strong>Patty Tavatanakit <\/strong>et<strong> Jake Knapp<\/strong><\/p>\n<p><strong>Lydia Ko <\/strong>et<strong> Jason Day<\/strong><\/p>\n<p><strong>Lilia Vu <\/strong>et<strong> Tony Finau<\/strong><\/p>\n<p><strong>Nelly Korda <\/strong>et<strong> Denny McCarthy<\/strong><\/p>\n<p><strong>Jessica Korda <\/strong>et<strong> Bud Cauley<\/strong><\/p>\n<p><strong>Brooke Henderson <\/strong>et<strong> Corey Conners<\/strong><\/p>\n<p><strong>Andrea Lee <\/strong>et<strong> Billy Horschel<\/strong><\/p>\n<p><strong>Charley Hull <\/strong>et<strong> Daniel Berger<\/strong><\/p>\n<p><strong>Lottie Woad <\/strong>et<strong> Luke Clanton<\/strong><\/p>\n<p><strong>Lexi Thompson <\/strong>et<strong> Wyndham Clark<\/strong><\/p>\n<p><strong>Jennifer Kupcho <\/strong>et<strong> Chris Gotterup<\/strong><\/p>\n<p><strong>Rose Zhang <\/strong>et<strong> Michael Kim<\/strong><\/p>\n<p><strong>Lauren Coughlin <\/strong>et<strong> Andrew Novak<\/strong><\/p>\n<p><strong>Maja Stark <\/strong>et <strong>Neal Shipley<\/strong><\/p>\n<p><strong>Angel Yin <\/strong>et<strong> Tom Hoge<\/strong><\/p>\n<p><strong>Megan Khang <\/strong>et<strong> Keith Mitchell<\/strong><\/p>\n<p>\t\t\t\t\t<a id=\"186378\" href=\"https:\/\/www.garmin.com\/fr-FR\/c\/sports-fitness\/golf-gps-devices-smartwatches\/\" target=\"_blank\" rel=\"sponsorised nofollow noopener\"><img decoding=\"async\" src=\"data:image\/svg+xml,%3Csvg%20xmlns=\" http:=\"\" class=\"img-responsive\" alt=\"\" data-lazy-src=\"https:\/\/www.europesays.com\/fr\/wp-content\/uploads\/2025\/06\/garmin-e01-serie-approach-1170x275-1.jpeg\"\/><\/a><\/p>\n<p>\u00a9DeFelice \/ GETTY IMAGES NORTH AMERICA \/ Getty Images via AFP<\/p>\n<p>\t\t\t<script async src=\"https:\/\/platform.twitter.com\/widgets.js\" charset=\"utf-8\"><\/script><\/p>\n","protected":false},"excerpt":{"rendered":"Partager cet article Partager la publication \u00ab\u00a0Apr\u00e8s deux ans et demi d\u2019absence, Jessica Korda fait son retour \u00e0&hellip;\n","protected":false},"author":2,"featured_media":497485,"comment_status":"","ping_status":"","sticky":false,"template":"","format":"standard","meta":{"footnotes":""},"categories":[1418],"tags":[1011,27,1472,60],"class_list":{"0":"post-497484","1":"post","2":"type-post","3":"status-publish","4":"format-standard","5":"has-post-thumbnail","7":"category-golf","8":"tag-fr","9":"tag-france","10":"tag-golf","11":"tag-sports"},"share_on_mastodon":{"url":"https:\/\/pubeurope.com\/@fr\/115456990443009932","error":""},"_links":{"self":[{"href":"https:\/\/www.europesays.com\/fr\/wp-json\/wp\/v2\/posts\/497484","targetHints":{"allow":["GET"]}}],"collection":[{"href":"https:\/\/www.europesays.com\/fr\/wp-json\/wp\/v2\/posts"}],"about":[{"href":"https:\/\/www.europesays.com\/fr\/wp-json\/wp\/v2\/types\/post"}],"author":[{"embeddable":true,"href":"https:\/\/www.europesays.com\/fr\/wp-json\/wp\/v2\/users\/2"}],"replies":[{"embeddable":true,"href":"https:\/\/www.europesays.com\/fr\/wp-json\/wp\/v2\/comments?post=497484"}],"version-history":[{"count":0,"href":"https:\/\/www.europesays.com\/fr\/wp-json\/wp\/v2\/posts\/497484\/revisions"}],"wp:featuredmedia":[{"embeddable":true,"href":"https:\/\/www.europesays.com\/fr\/wp-json\/wp\/v2\/media\/497485"}],"wp:attachment":[{"href":"https:\/\/www.europesays.com\/fr\/wp-json\/wp\/v2\/media?parent=497484"}],"wp:term":[{"taxonomy":"category","embeddable":true,"href":"https:\/\/www.europesays.com\/fr\/wp-json\/wp\/v2\/categories?post=497484"},{"taxonomy":"post_tag","embeddable":true,"href":"https:\/\/www.europesays.com\/fr\/wp-json\/wp\/v2\/tags?post=497484"}],"curies":[{"name":"wp","href":"https:\/\/api.w.org\/{rel}","templated":true}]}}