{"id":497488,"date":"2025-10-29T10:32:11","date_gmt":"2025-10-29T10:32:11","guid":{"rendered":"https:\/\/www.europesays.com\/fr\/497488\/"},"modified":"2025-10-29T10:32:11","modified_gmt":"2025-10-29T10:32:11","slug":"atp-sinner-nest-pas-content-et-le-fait-savoir-nous-avons-eu-dexcellentes-discussions-avec-les-responsables-des-tournois-du-grand-chelem-de-roland-garros-et-de-wimbledon-nous-avons-donc","status":"publish","type":"post","link":"https:\/\/www.europesays.com\/fr\/497488\/","title":{"rendered":"ATP > Sinner n&rsquo;est pas content et le fait savoir : \u00ab\u00a0Nous avons eu d&rsquo;excellentes discussions avec les responsables des tournois du Grand Chelem de Roland-Garros et de Wimbledon. Nous avons\u00a0donc\u00a0\u00e9t\u00e9 d\u00e9\u00e7us qu&rsquo;ils nous aient annonc\u00e9 qu&rsquo;ils ne pourraient donner suite \u00e0 nos propositions\u00a0\u00bb"},"content":{"rendered":"<p>Dans un entre\u00adtien exclusif donn\u00e9 au <strong>Guardian<\/strong>, Jannik Sinner revient sur les pour\u00adpar\u00adlers entre\u00adpris avec les tournoi du Grand Chelem. L\u2019Italien est plus que d\u00e9\u00e7u de leurs d\u00e9ci\u00adsions alors que tout avait bien d\u00e9but\u00e9.<\/p>\n<p>\u00ab\u202f<strong>Nous avons eu d\u2019ex\u00adcel\u00adlentes discus\u00adsions avec les respon\u00adsables des tour\u00adnois du Grand Chelem de Roland\u2010Garros et de Wimbledon\u00a0. Nous avons\u00a0donc\u00a0\u00e9t\u00e9 d\u00e9\u00e7us qu\u2019ils nous aient annonc\u00e9 qu\u2019ils ne pour\u00adraient donner suite \u00e0 nos propo\u00adsi\u00adtions tant que d\u2019autres probl\u00e8mes n\u2019au\u00adraient pas \u00e9t\u00e9 r\u00e9solus. Le calen\u00addrier et la program\u00adma\u00adtion sont des sujets impor\u00adtants. Mais\u00a0rien n\u2019emp\u00eache les respon\u00adsables des tour\u00adnois du Grand Chelem de s\u2019at\u00adta\u00adquer imm\u00e9\u00addia\u00adte\u00adment aux ques\u00adtions de bien\u2010\u00eatre des joueurs, comme les soins de sant\u00e9. Les tour\u00adnois du Grand Chelem sont les \u00e9v\u00e9ne\u00adments les plus impor\u00adtants et g\u00e9n\u00e8rent la majeure partie des revenus du tennis.C\u2019est pour\u00adquoi\u00a0nous r\u00e9cla\u00admons une contri\u00adbu\u00adtion \u00e9qui\u00adtable pour soutenir tous les joueurs et une dota\u00adtion qui refl\u00e8te mieux les gains de ces tour\u00adnois<\/strong>\u202f\u00bb<\/p>\n<p class=\"post-published-date\" style=\"color: silver; font-size: 75%; text-align: left;\">Publi\u00e9 le mercredi 29 octobre 2025 \u00e0 10:22<\/p>\n","protected":false},"excerpt":{"rendered":"Dans un entre\u00adtien exclusif donn\u00e9 au Guardian, Jannik Sinner revient sur les pour\u00adpar\u00adlers entre\u00adpris avec les tournoi du&hellip;\n","protected":false},"author":2,"featured_media":497489,"comment_status":"","ping_status":"","sticky":false,"template":"","format":"standard","meta":{"footnotes":""},"categories":[1415],"tags":[1011,27,2127,60,1467],"class_list":{"0":"post-497488","1":"post","2":"type-post","3":"status-publish","4":"format-standard","5":"has-post-thumbnail","7":"category-tennis","8":"tag-fr","9":"tag-france","10":"tag-sinner","11":"tag-sports","12":"tag-tennis"},"share_on_mastodon":{"url":"https:\/\/pubeurope.com\/@fr\/115457002268340154","error":""},"_links":{"self":[{"href":"https:\/\/www.europesays.com\/fr\/wp-json\/wp\/v2\/posts\/497488","targetHints":{"allow":["GET"]}}],"collection":[{"href":"https:\/\/www.europesays.com\/fr\/wp-json\/wp\/v2\/posts"}],"about":[{"href":"https:\/\/www.europesays.com\/fr\/wp-json\/wp\/v2\/types\/post"}],"author":[{"embeddable":true,"href":"https:\/\/www.europesays.com\/fr\/wp-json\/wp\/v2\/users\/2"}],"replies":[{"embeddable":true,"href":"https:\/\/www.europesays.com\/fr\/wp-json\/wp\/v2\/comments?post=497488"}],"version-history":[{"count":0,"href":"https:\/\/www.europesays.com\/fr\/wp-json\/wp\/v2\/posts\/497488\/revisions"}],"wp:featuredmedia":[{"embeddable":true,"href":"https:\/\/www.europesays.com\/fr\/wp-json\/wp\/v2\/media\/497489"}],"wp:attachment":[{"href":"https:\/\/www.europesays.com\/fr\/wp-json\/wp\/v2\/media?parent=497488"}],"wp:term":[{"taxonomy":"category","embeddable":true,"href":"https:\/\/www.europesays.com\/fr\/wp-json\/wp\/v2\/categories?post=497488"},{"taxonomy":"post_tag","embeddable":true,"href":"https:\/\/www.europesays.com\/fr\/wp-json\/wp\/v2\/tags?post=497488"}],"curies":[{"name":"wp","href":"https:\/\/api.w.org\/{rel}","templated":true}]}}