{"id":497498,"date":"2025-10-29T10:41:13","date_gmt":"2025-10-29T10:41:13","guid":{"rendered":"https:\/\/www.europesays.com\/fr\/497498\/"},"modified":"2025-10-29T10:41:13","modified_gmt":"2025-10-29T10:41:13","slug":"kaamelott-2-domine-le-box-office-avec-un-score-moins-bon-que-le-premier-volet","status":"publish","type":"post","link":"https:\/\/www.europesays.com\/fr\/497498\/","title":{"rendered":"Kaamelott 2 domine le box-office avec un score moins bon que le premier volet"},"content":{"rendered":"<p>\n    Le long-m\u00e9trage d\u2019Alexandre Astier a enregistr\u00e9 plus de 600\u00a0000 entr\u00e9es lors de sa premi\u00e8re semaine d\u2019exploitation dans les salles, alors que le pr\u00e9c\u00e9dent film avait d\u00e9pass\u00e9 le million de spectateurs en 2021.<\/p>\n<p class=\"fig-paragraph\">Une sortie en demi-teinte. La premi\u00e8re partie du\u00a0<a href=\"http:\/\/www.lefigaro.fr\/cinema\/interminable-ne-seduira-que-les-fans-lourdingue-kaamelott-deuxieme-volet-decoit-la-critique-20251022\" data-fig-type=\"Article\" data-gtm-custom-categorie=\"navigation\" data-gtm-custom-action=\"crossclick\" data-gtm-custom-label=\"Contextuel\" data-gtm-event=\"customEventSPE\" data-fig-domain=\"LEFIGARO\" rel=\"nofollow noopener\" target=\"_blank\">deuxi\u00e8me volet de la saga Kaamelott<\/a>, r\u00e9alis\u00e9e par Alexandre Astier, est parvenue \u00e0 se hisser en t\u00eate du box-office fran\u00e7ais pour sa premi\u00e8re semaine d\u2019exploitation avec quelque 600\u00a0000 entr\u00e9es, dont 86\u00a0000 en avant-premi\u00e8re. La com\u00e9die d\u2019aventure devance ainsi, et de loin,\u00a0<a href=\"http:\/\/www.lefigaro.fr\/cinema\/notre-critique-de-chien-51-un-blade-runner-a-la-francaise-20251014\" data-fig-type=\"Article\" data-gtm-custom-categorie=\"navigation\" data-gtm-custom-action=\"crossclick\" data-gtm-custom-label=\"Contextuel\" data-gtm-event=\"customEventSPE\" data-fig-domain=\"LEFIGARO\" rel=\"nofollow noopener\" target=\"_blank\">Chien 51<\/a> \u00a0avec Gilles Lellouche et Ad\u00e8le Exarchopoulos, qui enregistre 380\u00a0000 billets en deuxi\u00e8me semaine, selon les chiffres de<a href=\"http:\/\/www.cine-directors.net\/box\/2025\/boxoff43.html\" target=\"_blank\" rel=\"sponsored noopener nofollow\" data-gtm-custom-categorie=\"navigation\" data-gtm-custom-action=\"crossclick\" data-gtm-custom-label=\"Contextuel\" data-gtm-event=\"customEventSPE\">\u00a0Cin\u00e9 directors<\/a>.<\/p>\n<p class=\"fig-paragraph\">Ce bon d\u00e9marrage reste toutefois tr\u00e8s en de\u00e7\u00e0 de celui de\u00a0<a href=\"http:\/\/www.lefigaro.fr\/cinema\/kaamelott-reussit-son-passage-au-cinema-avec-ce-premier-volet-epique-foutraque-et-desopilant-20210721\" data-fig-type=\"Article\" data-gtm-custom-categorie=\"navigation\" data-gtm-custom-action=\"crossclick\" data-gtm-custom-label=\"Contextuel\" data-gtm-event=\"customEventSPE\" data-fig-domain=\"LEFIGARO\" rel=\"nofollow noopener\" target=\"_blank\">Kaamelott\u00a0: Premier Volet,<\/a>\u00a0qui a r\u00e9colt\u00e9 plus d\u2019un million d\u2019entr\u00e9es lors de sa sortie en juillet 2021. Le long-m\u00e9trage, qui pr\u00e9c\u00e8de une seconde partie pr\u00e9vue pour novembre 2026, s\u2019est appuy\u00e9 sur sa base de fans qui suit les aventures du Roi Arthur depuis la diffusion des premiers \u00e9pisodes de la s\u00e9rie t\u00e9l\u00e9vis\u00e9e en 2005.<\/p>\n<p>                                    <a class=\"fig-a11y-skip a11y-hidden\" href=\"#fig-a11y-skip-main-inarticle\"><br \/>\n        Passer la publicit\u00e9<br \/>\n    <\/a><\/p>\n<p class=\"fig-paragraph\"><strong>Bande-annonce de <\/strong><strong>Kaamelott\u00a0&#8211;\u00a0Deuxi\u00e8me volet\u00a0<\/strong> <strong>(2025)<\/strong><\/p>\n<p>Mauvaises critiques<\/p>\n<p class=\"fig-paragraph\">Le film tant attendu d\u2019<a href=\"http:\/\/www.lefigaro.fr\/cinema\/alexandre-astier-si-jamais-l-intelligence-artificielle-est-capable-de-m-imiter-c-est-que-je-suis-le-probleme-pas-l-ordinateur-20230424\" data-fig-type=\"Article\" data-gtm-custom-categorie=\"navigation\" data-gtm-custom-action=\"crossclick\" data-gtm-custom-label=\"Contextuel\" data-gtm-event=\"customEventSPE\" data-fig-domain=\"LEFIGARO\" rel=\"nofollow noopener\" target=\"_blank\">Alexandre Astier<\/a>\u00a0&#8211; \u00e0 la fois r\u00e9alisateur et acteur sur ce projet\u00a0&#8211;\u00a0a n\u00e9anmoins\u00a0<a href=\"http:\/\/www.lefigaro.fr\/cinema\/interminable-ne-seduira-que-les-fans-lourdingue-kaamelott-deuxieme-volet-decoit-la-critique-20251022\" data-fig-type=\"Article\" data-gtm-custom-categorie=\"navigation\" data-gtm-custom-action=\"crossclick\" data-gtm-custom-label=\"Contextuel\" data-gtm-event=\"customEventSPE\" data-fig-domain=\"LEFIGARO\" rel=\"nofollow noopener\" target=\"_blank\">\u00e9t\u00e9 \u00e9reint\u00e9 par la critique<\/a>.\u00a0<a href=\"http:\/\/www.lefigaro.fr\/cinema\/notre-critique-de-kaamelott-deuxieme-volet-partie-1-morbleu-quel-navet-20251021\" data-fig-type=\"Article\" data-gtm-custom-categorie=\"navigation\" data-gtm-custom-action=\"crossclick\" data-gtm-custom-label=\"Contextuel\" data-gtm-event=\"customEventSPE\" data-fig-domain=\"LEFIGARO\" rel=\"nofollow noopener\" target=\"_blank\">Au Figaro<\/a>, Olivier Delcroix l\u2019a qualifi\u00e9 de \u00ab\u00a0navet\u00a0\u00bb avec une \u00ab\u00a0intrigue alambiqu\u00e9e\u00bb et \u00ab\u00a0un tempo aux abonn\u00e9s absents\u00a0\u00bb. \u00ab\u00a0Entre deux atmosph\u00e8res, le tragique chevaleresque et l\u2019humour second degr\u00e9, Alexandre Astier a d\u00e9lib\u00e9r\u00e9ment choisi d\u2019assombrir sa saga\u00a0\u00bb, a-t-il \u00e9crit. Pour\u00a0<a href=\"https:\/\/www.lemonde.fr\/culture\/article\/2025\/10\/22\/kaamelott-deuxieme-volet-partie-1-une-quete-du-graal-version-film-d-aventures-avec-une-dose-de-fantastique_6648834_3246.html\" target=\"_blank\" rel=\"sponsored noopener nofollow\" data-gtm-custom-categorie=\"navigation\" data-gtm-custom-action=\"crossclick\" data-gtm-custom-label=\"Contextuel\" data-gtm-event=\"customEventSPE\">Le Monde<\/a>, le long-m\u00e9trage \u00ab\u00a0manque de souffle\u00a0\u00bb.\u00a0<a href=\"https:\/\/www.telerama.fr\/cinema\/kaamelott-d-alexandre-astier-un-deuxieme-volet-tres-attendu-qui-ne-seduira-que-les-fans_cri-7041176.php\" target=\"_blank\" rel=\"sponsored noopener nofollow\" data-gtm-custom-categorie=\"navigation\" data-gtm-custom-action=\"crossclick\" data-gtm-custom-label=\"Contextuel\" data-gtm-event=\"customEventSPE\">T\u00e9l\u00e9rama\u00a0<\/a> \u00e9voque \u00ab\u00a0une suite verbeuse, \u00e0 l\u2019action molle, en \u00e9quilibre instable entre com\u00e9die et pure \u00e9pop\u00e9e de fantasy\u00a0\u00bb.<\/p>\n<p class=\"fig-body-link\">\n            \u00c0 lire aussi<br \/>\n        <a class=\"fig-body-link__link\" href=\"http:\/\/www.lefigaro.fr\/culture\/il-veut-voir-kaamelott-200-fois-d-affilee-alexandre-astier-l-accompagnera-dans-son-defi-20210729\" target=\"_blank\" data-fig-type=\"Article\" rel=\"noopener nofollow\" data-gtm-custom-categorie=\"navigation\" data-gtm-custom-action=\"crossclick\" data-gtm-custom-label=\"Contextuel\" data-gtm-event=\"customEventSPE\" data-fig-domain=\"LEFIGARO\"><\/p>\n<p>        Il veut voir Kaamelott 200 fois d&rsquo;affil\u00e9e, Alexandre Astier l&rsquo;accompagnera dans son d\u00e9fi\u00a0!<br \/>\n    <\/a>\n<\/p>\n<p class=\"fig-paragraph\">En deuxi\u00e8me position du box-office fran\u00e7ais, Chien 51 de C\u00e9dric Jimenez, enregistre une baisse de fr\u00e9quentation de 11\u00a0% par rapport \u00e0 la semaine pr\u00e9c\u00e9dente. Il cumule \u00e0 ce jour plus de 805\u00a0000 entr\u00e9es. Le film d\u2019animation Hopper et le secret de la marmotte de Benjamin Mousquet compl\u00e8te le trio de t\u00eate avec 315\u00a0000 nouvelles entr\u00e9es pour sa deuxi\u00e8me semaine. Une autre surprise s\u2019immisce dans le classement\u00a0:\u00a0la com\u00e9die C\u2019\u00e9tait mieux demain avec Elsa Zylbertstein et Didier Bourdon, fi\u00e8re de 583\u00a0000 entr\u00e9es en trois semaines.<\/p>\n<p class=\"fig-paragraph\"><strong>Le reste du top 10\u00a0:\u00a0<\/strong><\/p>\n<p class=\"fig-paragraph\"><strong>5. <\/strong>Chainsaw man\u00a0&#8211;\u00a0Le film\u00a0:\u00a0L\u2019arc de Reze (190\u00a0000 entr\u00e9es)<\/p>\n<p>                                    <a class=\"fig-a11y-skip a11y-hidden\" href=\"#fig-a11y-skip-main-inarticle_mtf\"><br \/>\n        Passer la publicit\u00e9<br \/>\n    <\/a><\/p>\n<p class=\"fig-paragraph\"><strong>6. <\/strong>Gabby et la maison magique &#8211; Le film (190\u00a0000 entr\u00e9es)<\/p>\n<p class=\"fig-paragraph\"><strong>7.<\/strong> La Petite derni\u00e8re (180\u00a0000 entr\u00e9es)<\/p>\n<p class=\"fig-paragraph\"><strong>8. <\/strong>L\u2019homme qui r\u00e9tr\u00e9cit (160\u00a0000 entr\u00e9es)<\/p>\n<p class=\"fig-paragraph\"><strong>9.<\/strong> Arco (160\u00a0000 entr\u00e9es)<\/p>\n<p class=\"fig-paragraph\"><strong>10.<\/strong> Une bataille apr\u00e8s l\u2019autre\u00a0(155\u00a0000 entr\u00e9es)<\/p>\n","protected":false},"excerpt":{"rendered":"Le long-m\u00e9trage d\u2019Alexandre Astier a enregistr\u00e9 plus de 600\u00a0000 entr\u00e9es lors de sa premi\u00e8re semaine d\u2019exploitation dans les&hellip;\n","protected":false},"author":2,"featured_media":497499,"comment_status":"","ping_status":"","sticky":false,"template":"","format":"standard","meta":{"footnotes":""},"categories":[1356],"tags":[14989,2080,58,59,1011,27,41019,252,1364],"class_list":{"0":"post-497498","1":"post","2":"type-post","3":"status-publish","4":"format-standard","5":"has-post-thumbnail","7":"category-television","8":"tag-alexandre-astier","9":"tag-box-office","10":"tag-divertissement","11":"tag-entertainment","12":"tag-fr","13":"tag-france","14":"tag-kaamelott","15":"tag-television","16":"tag-tv"},"share_on_mastodon":{"url":"https:\/\/pubeurope.com\/@fr\/115457037705616422","error":""},"_links":{"self":[{"href":"https:\/\/www.europesays.com\/fr\/wp-json\/wp\/v2\/posts\/497498","targetHints":{"allow":["GET"]}}],"collection":[{"href":"https:\/\/www.europesays.com\/fr\/wp-json\/wp\/v2\/posts"}],"about":[{"href":"https:\/\/www.europesays.com\/fr\/wp-json\/wp\/v2\/types\/post"}],"author":[{"embeddable":true,"href":"https:\/\/www.europesays.com\/fr\/wp-json\/wp\/v2\/users\/2"}],"replies":[{"embeddable":true,"href":"https:\/\/www.europesays.com\/fr\/wp-json\/wp\/v2\/comments?post=497498"}],"version-history":[{"count":0,"href":"https:\/\/www.europesays.com\/fr\/wp-json\/wp\/v2\/posts\/497498\/revisions"}],"wp:featuredmedia":[{"embeddable":true,"href":"https:\/\/www.europesays.com\/fr\/wp-json\/wp\/v2\/media\/497499"}],"wp:attachment":[{"href":"https:\/\/www.europesays.com\/fr\/wp-json\/wp\/v2\/media?parent=497498"}],"wp:term":[{"taxonomy":"category","embeddable":true,"href":"https:\/\/www.europesays.com\/fr\/wp-json\/wp\/v2\/categories?post=497498"},{"taxonomy":"post_tag","embeddable":true,"href":"https:\/\/www.europesays.com\/fr\/wp-json\/wp\/v2\/tags?post=497498"}],"curies":[{"name":"wp","href":"https:\/\/api.w.org\/{rel}","templated":true}]}}