{"id":49750,"date":"2025-04-24T17:59:09","date_gmt":"2025-04-24T17:59:09","guid":{"rendered":"https:\/\/www.europesays.com\/fr\/49750\/"},"modified":"2025-04-24T17:59:09","modified_gmt":"2025-04-24T17:59:09","slug":"qui-etait-monique-wittig-qui-aura-une-place-a-son-nom","status":"publish","type":"post","link":"https:\/\/www.europesays.com\/fr\/49750\/","title":{"rendered":"qui \u00e9tait Monique Wittig, qui aura une place \u00e0 son nom ?"},"content":{"rendered":"<p>Nul besoin d\u2019\u00eatre militant, \u00e9ventuellement femme voire lesbienne, pour s\u2019int\u00e9resser \u00e0 Monique Wittig. Une premi\u00e8re bonne raison est qu\u2019elle \u00e9tait d\u2019origine alsacienne, n\u00e9e en 1935 \u00e0 Dannemarie, dans le Haut-Rhin, o\u00f9 une rue porte son nom depuis 2017. Ses parents quittent l\u2019Alsace pour fuir l\u2019annexion mais elle reviendra r\u00e9guli\u00e8rement visiter sa grand-m\u00e8re maternelle. Une autre bonne raison est qu\u2019elle demeure une grande figure du f\u00e9minisme, \u00e9crivaine, th\u00e9oricienne, aux origines du Mouvement de Lib\u00e9ration des Femmes en 1968 avant de partir, suite \u00e0 des d\u00e9saccords, enseigner \u00e0 l\u2019Universit\u00e9 de Berkeley, en Californie &#8211; elle.<\/p>\n<p>  Entre fictions et essais<\/p>\n<p><a href=\"https:\/\/www.dna.fr\/societe\/2021\/08\/28\/diaporama-videos-monique-wittig-la-guerriere\" target=\"_blank\" rel=\"nofollow noopener\">Lesbienne, mat\u00e9rialiste et radicale<\/a>, elle a navigu\u00e9 entre fictions (engag\u00e9es) et essais, de \u00a0L\u2019Opoponax , premier roman salu\u00e9 par le prix M\u00e9dicis en 1964, au Chantier litt\u00e9raire , publi\u00e9 \u00e0 titre posthume en 2010. La Pens\u00e9e straight , ensemble de textes paru en 1992, d\u00e9nonce un fonctionnement social \u00ab\u00a0h\u00e9t\u00e9ronorm\u00e9\u00a0\u00bb. Son travail a irrigu\u00e9 les \u00e9tudes sur le genre.<\/p>\n<p>Sa volont\u00e9 de gommer la marque du genre n\u2019a pas manqu\u00e9 d\u2019int\u00e9resser Aline Martin, de l\u2019association strasbourgeoise et transfrontali\u00e8re A livre ouvert\/wie ein offenes Buch. Elle voit dans son \u00e9criture un lien au bilinguisme \u00ab\u00a0natal\u00a0\u00bb et le neutre qu\u2019il permet. Int\u00e9ress\u00e9e d\u2019abord par le questionnement de Wittig sur l\u2019identit\u00e9, Aline Martin juge n\u00e9cessaire de r\u00e9inscrire les id\u00e9es et la situation actuelle dans une histoire.<\/p>\n<p>Avec son association, elle propose une lecture de textes pour accompagner le d\u00e9voilement de la plaque de la nouvelle place Monique-Wittig ce samedi 26\u00a0avril \u00e0 11\u00a0h (\u00e0 l\u2019angle de la rue Rathgeber et la route du Polygone) dans le quartier de Neudorf \u00e0 Strasbourg. Sa ni\u00e8ce, Dominique Sanson Wittig, t\u00e9moin des d\u00e9buts du mouvement, sera pr\u00e9sente. Une lecture-concert en fran\u00e7ais, allemand et anglais du Brouillon pour un dictionnaire des amantes  de Monique Wittig et Sande Zeig, qui fut sa compagne, est propos\u00e9e \u00e0 18\u00a0h\u00a030 \u00e0 la librairie l\u2019Ind\u00e9pendante, 14, route du Polygone. Une rencontre a enfin lieu mardi 29\u00a0avril \u00e0 19\u00a0h \u00e0 la librairie Quai des Brumes (120, Grand\u2019rue), toujours \u00e0 Strasbourg, avec Sara Garabagnoli, co-autrice de \u00a0La pens\u00e9e Wittig, une introduction (Payot). Pour aller plus loin.<\/p>\n","protected":false},"excerpt":{"rendered":"Nul besoin d\u2019\u00eatre militant, \u00e9ventuellement femme voire lesbienne, pour s\u2019int\u00e9resser \u00e0 Monique Wittig. Une premi\u00e8re bonne raison est&hellip;\n","protected":false},"author":2,"featured_media":49751,"comment_status":"","ping_status":"","sticky":false,"template":"","format":"standard","meta":{"footnotes":""},"categories":[2820],"tags":[1111,11,2389,1687,2880,1777,674,107,1011,27,775,2410,12,25,640,2879],"class_list":{"0":"post-49750","1":"post","2":"type-post","3":"status-publish","4":"format-standard","5":"has-post-thumbnail","7":"category-strasbourg","8":"tag-actu","9":"tag-actualites","10":"tag-alsace","11":"tag-culture-loisirs","12":"tag-edition-strasbourg","13":"tag-eu","14":"tag-europe","15":"tag-fil-info","16":"tag-fr","17":"tag-france","18":"tag-grand-est","19":"tag-livres-bd","20":"tag-news","21":"tag-republique-francaise","22":"tag-strasbourg","23":"tag-strasbourg-ville"},"share_on_mastodon":{"url":"https:\/\/pubeurope.com\/@fr\/114394245602191885","error":""},"_links":{"self":[{"href":"https:\/\/www.europesays.com\/fr\/wp-json\/wp\/v2\/posts\/49750","targetHints":{"allow":["GET"]}}],"collection":[{"href":"https:\/\/www.europesays.com\/fr\/wp-json\/wp\/v2\/posts"}],"about":[{"href":"https:\/\/www.europesays.com\/fr\/wp-json\/wp\/v2\/types\/post"}],"author":[{"embeddable":true,"href":"https:\/\/www.europesays.com\/fr\/wp-json\/wp\/v2\/users\/2"}],"replies":[{"embeddable":true,"href":"https:\/\/www.europesays.com\/fr\/wp-json\/wp\/v2\/comments?post=49750"}],"version-history":[{"count":0,"href":"https:\/\/www.europesays.com\/fr\/wp-json\/wp\/v2\/posts\/49750\/revisions"}],"wp:featuredmedia":[{"embeddable":true,"href":"https:\/\/www.europesays.com\/fr\/wp-json\/wp\/v2\/media\/49751"}],"wp:attachment":[{"href":"https:\/\/www.europesays.com\/fr\/wp-json\/wp\/v2\/media?parent=49750"}],"wp:term":[{"taxonomy":"category","embeddable":true,"href":"https:\/\/www.europesays.com\/fr\/wp-json\/wp\/v2\/categories?post=49750"},{"taxonomy":"post_tag","embeddable":true,"href":"https:\/\/www.europesays.com\/fr\/wp-json\/wp\/v2\/tags?post=49750"}],"curies":[{"name":"wp","href":"https:\/\/api.w.org\/{rel}","templated":true}]}}