{"id":497500,"date":"2025-10-29T10:42:12","date_gmt":"2025-10-29T10:42:12","guid":{"rendered":"https:\/\/www.europesays.com\/fr\/497500\/"},"modified":"2025-10-29T10:42:12","modified_gmt":"2025-10-29T10:42:12","slug":"sylvie-vartan-en-bulgarie-je-naime-pas-les-departs-actualites","status":"publish","type":"post","link":"https:\/\/www.europesays.com\/fr\/497500\/","title":{"rendered":"Sylvie Vartan en Bulgarie: \u00ab\u00a0Je n\u2019aime pas les d\u00e9parts\u00a0\u00bb : Actualit\u00e9s"},"content":{"rendered":"<p class=\"lead \">\u00ab\u00a0Dans quelle langue dois-je parler?\u00a0\u00bb, demande une Sylvie Vartan visiblement tr\u00e8s \u00e9mue au public bulgare venu assister \u00e0 la projection d&rsquo;un documentaire consacr\u00e9 \u00e0 l&rsquo;enfant du pays, qui a fui toute jeune la dictature communiste pour la France.<\/p>\n<p class=\"lead \">La salle de cin\u00e9ma du Palais national de la culture de Sofia est pleine \u00e0 craquer et, pendant cinquante minutes, l&rsquo;ic\u00f4ne y\u00e9y\u00e9 et ses fans ne retiennent pas leurs larmes \u00e0 l&rsquo;\u00e9vocation de la fuite dramatique en 1952 de la petite Sylvie &#8211; alors \u00e2g\u00e9e de 8 ans &#8211; et de sa famille hors de la Bulgarie stalinienne, de ses succ\u00e8s, puis de son retour en Bulgarie en 1990, et de l&rsquo;adoption de sa fille Darina en 1997.<\/p>\n<p class=\"lead \">Dans les ann\u00e9es 1960, de l&rsquo;autre c\u00f4t\u00e9 du rideau de fer, elle devenait une star sans que les Bulgares puissent l&rsquo;\u00e9couter. Aujourd&rsquo;hui encore, Sylvie Vartan &#8211; qui a fait ses adieux \u00e0 la chanson avec trois concerts \u00e0 Paris en d\u00e9but d&rsquo;ann\u00e9e &#8211; demeure pour ses compatriotes plus qu&rsquo;une vedette: un symbole f\u00e9d\u00e9rateur de r\u00e9ussite et de libert\u00e9. <\/p>\n<p class=\"lead \">Son p\u00e8re, d&rsquo;origine arm\u00e9nienne, est attach\u00e9 de presse \u00e0 l&rsquo;ambassade de France; sa m\u00e8re, d&rsquo;origine hongroise, s&rsquo;occupe de Sylvie et de son fr\u00e8re Eddie, avant que la famille ait la chance &#8211; rare &#8211; de gagner l&rsquo;Ouest. <\/p>\n<p class=\"lead \">La chanteuse a souvent racont\u00e9 le souvenir de son grand-p\u00e8re courant derri\u00e8re le train qui s&rsquo;\u00e9loignait, agitant un mouchoir. <\/p>\n<p class=\"lead \">\u00ab\u00a0Depuis, je n&rsquo;aime pas les d\u00e9parts. O\u00f9 que je sois, je n&rsquo;aime pas partir\u00a0\u00bb, confie-t-elle au public. <\/p>\n<p class=\"lead \">&#8211; \u00ab\u00a0Un tr\u00e9sor national\u00a0\u00bb &#8211;<\/p>\n<p class=\"lead \">\u00ab\u00a0Nous lui devons \u00e9norm\u00e9ment. C&rsquo;est un tr\u00e9sor national\u00a0\u00bb, d\u00e9clare, les larmes aux yeux \u00e0 l&rsquo;issue de la projection, Sim\u00e9on de Saxe-Cobourg-Gotha, 88 ans, dernier roi des Bulgares contraint \u00e0 l&rsquo;exil par les autorit\u00e9s communistes apr\u00e8s la Seconde Guerre mondiale. <\/p>\n<p class=\"lead \">\u00ab\u00a0A la diff\u00e9rence d&rsquo;autres Bulgares qui ont r\u00e9ussi \u00e0 l&rsquo;\u00e9tranger, elle n&rsquo;a jamais oubli\u00e9 qu&rsquo;elle \u00e9tait bulgare\u00a0\u00bb, dit \u00e0 l&rsquo;AFP l&rsquo;ex-roi devenu Premier ministre de 2001 \u00e0 2005.<\/p>\n<p class=\"lead \">Pour le producteur du documentaire, Georgi Toshev, \u00ab\u00a0le film montre que, malgr\u00e9 la rupture brutale avec sa patrie \u00e0 un tr\u00e8s jeune \u00e2ge, la Bulgarie demeure le fil t\u00e9nu qui relie tout ce qui arrive \u00e0 Sylvie\u00a0\u00bb. <\/p>\n<p class=\"lead \">Celle-ci confirme: \u00ab\u00a0J&rsquo;ai gard\u00e9 dans mon c\u0153ur des souvenirs tr\u00e8s pr\u00e9cis, tr\u00e8s contrast\u00e9s de la Bulgarie et de ma petite enfance.\u00a0\u00bb<\/p>\n<p class=\"lead \">\u00ab\u00a0D&rsquo;un c\u00f4t\u00e9, l&rsquo;amour, la chaleur, le partage, la tranquillit\u00e9 &#8211; un monde apais\u00e9 et merveilleux aupr\u00e8s de mes parents et de mes grands-parents, nous vivions tous ensemble; de l&rsquo;autre, l&rsquo;angoisse, un r\u00e9gime de terreur, une vie pratiquement invivable\u00a0\u00bb, dit celle qui, d\u00e8s 1968, laissait transpara\u00eetre sa nostalgie pour sa patrie natale dans la chanson \u00ab\u00a0La Maritza\u00a0\u00bb.<\/p>\n<p class=\"lead \">Lorsque apr\u00e8s la chute du mur de Berlin elle revient \u00e0 Sofia, le pays est libre mais exsangue. <\/p>\n<p class=\"lead \">\u00ab\u00a0Il n&rsquo;y avait pas de nourriture dans les magasins, pas d&rsquo;essence dans les stations\u00a0\u00bb, se souvient son amie d&rsquo;enfance, Fanny Teoharova. <\/p>\n<p class=\"lead \">Les deux femmes n&rsquo;ont pu se retrouver qu&rsquo;\u00e0 la fin des ann\u00e9es 1980. \u00ab\u00a0Impossible de s&rsquo;\u00e9crire avant: la milice secr\u00e8te \u00e9tait partout\u00a0\u00bb, raconte-t-elle \u00e0 l&rsquo;AFP. <\/p>\n<p class=\"lead \">\u00ab\u00a0J\u2019ai vu une population appauvrie; l&rsquo;a\u00e9roport \u00e9tait absolument vide, il n\u2019y avait rien, et des files d&rsquo;attente immenses\u00a0\u00bb, se rem\u00e9more Sylvie Vartan.<\/p>\n<p class=\"lead \">La d\u00e9tresse du pays la pousse \u00e0 cr\u00e9er une association pour \u00e9quiper les maternit\u00e9s. <\/p>\n<p class=\"lead \">En 2004, elle est d\u00e9cor\u00e9e de la plus haute distinction de l&rsquo;Etat bulgare pour son action caritative. <\/p>\n<p class=\"lead \">Aujourd&rsquo;hui, le pays a chang\u00e9, se r\u00e9jouit-elle, convaincue que \u00ab\u00a0la jeunesse est l\u00e0 pour apporter ce souffle et continuer dans la bonne direction\u00a0\u00bb. <\/p>\n<p class=\"lead \">La Bulgarie, ce sont aussi les saveurs transmises par sa m\u00e8re, et qui constituent un lien fort avec ses enfants.<\/p>\n<p class=\"lead \">Elle cite ses plats favoris: la banitsa (feuillet\u00e9 \u00e0 la feta), la moussaka, les poivrons farcis, le kyopolou &#8211; une pur\u00e9e d&rsquo;aubergines et de poivrons. <\/p>\n<p class=\"lead \">\u00ab\u00a0J&rsquo;ai toujours un faible pour la Bulgarie\u00a0\u00bb, dit-elle. \u00ab\u00a0Et j&rsquo;y retourne toujours, d&rsquo;une mani\u00e8re ou d&rsquo;une autre: je peux cuisiner et, tout \u00e0 coup, la Bulgarie surgit.\u00a0\u00bb<\/p>\n<p class=\"small font-weight-bold text-gray3 \"> publi\u00e9 le 29 octobre \u00e0 10h37, AFP<\/p>\n<p>                             Partager<\/p>\n","protected":false},"excerpt":{"rendered":"\u00ab\u00a0Dans quelle langue dois-je parler?\u00a0\u00bb, demande une Sylvie Vartan visiblement tr\u00e8s \u00e9mue au public bulgare venu assister \u00e0&hellip;\n","protected":false},"author":2,"featured_media":497501,"comment_status":"","ping_status":"","sticky":false,"template":"","format":"standard","meta":{"footnotes":""},"categories":[1355],"tags":[9043,1971,58,59,1011,27,1361,873],"class_list":{"0":"post-497500","1":"post","2":"type-post","3":"status-publish","4":"format-standard","5":"has-post-thumbnail","7":"category-musique","8":"tag-bulgarie","9":"tag-clbrits","10":"tag-divertissement","11":"tag-entertainment","12":"tag-fr","13":"tag-france","14":"tag-music","15":"tag-musique"},"share_on_mastodon":{"url":"https:\/\/pubeurope.com\/@fr\/115457042126919939","error":""},"_links":{"self":[{"href":"https:\/\/www.europesays.com\/fr\/wp-json\/wp\/v2\/posts\/497500","targetHints":{"allow":["GET"]}}],"collection":[{"href":"https:\/\/www.europesays.com\/fr\/wp-json\/wp\/v2\/posts"}],"about":[{"href":"https:\/\/www.europesays.com\/fr\/wp-json\/wp\/v2\/types\/post"}],"author":[{"embeddable":true,"href":"https:\/\/www.europesays.com\/fr\/wp-json\/wp\/v2\/users\/2"}],"replies":[{"embeddable":true,"href":"https:\/\/www.europesays.com\/fr\/wp-json\/wp\/v2\/comments?post=497500"}],"version-history":[{"count":0,"href":"https:\/\/www.europesays.com\/fr\/wp-json\/wp\/v2\/posts\/497500\/revisions"}],"wp:featuredmedia":[{"embeddable":true,"href":"https:\/\/www.europesays.com\/fr\/wp-json\/wp\/v2\/media\/497501"}],"wp:attachment":[{"href":"https:\/\/www.europesays.com\/fr\/wp-json\/wp\/v2\/media?parent=497500"}],"wp:term":[{"taxonomy":"category","embeddable":true,"href":"https:\/\/www.europesays.com\/fr\/wp-json\/wp\/v2\/categories?post=497500"},{"taxonomy":"post_tag","embeddable":true,"href":"https:\/\/www.europesays.com\/fr\/wp-json\/wp\/v2\/tags?post=497500"}],"curies":[{"name":"wp","href":"https:\/\/api.w.org\/{rel}","templated":true}]}}