{"id":497504,"date":"2025-10-29T10:44:10","date_gmt":"2025-10-29T10:44:10","guid":{"rendered":"https:\/\/www.europesays.com\/fr\/497504\/"},"modified":"2025-10-29T10:44:10","modified_gmt":"2025-10-29T10:44:10","slug":"ce-groupe-sanguin-serait-le-maillon-faible-du-systeme-immunitaire","status":"publish","type":"post","link":"https:\/\/www.europesays.com\/fr\/497504\/","title":{"rendered":"ce groupe sanguin serait \u00ab\u00a0le maillon faible\u00a0\u00bb du syst\u00e8me immunitaire"},"content":{"rendered":"<p>\n                Certaines personnes sont-elles plus fragiles \u00e0 cause de leur groupe sanguin\u00a0? Nous avons pos\u00e9 la question au Pr Jean-Daniel Tissot, h\u00e9matologue et ancien doyen de la Facult\u00e9 de biologie et de m\u00e9decine de Lausanne.            <\/p>\n<p>A, B, AB, O&#8230; Le <a href=\"https:\/\/sante.journaldesfemmes.fr\/fiches-anatomie-et-examens\/2493186-groupes-sanguins-o-a-b-ab-definition-compatibilite\/\" title=\"Groupe sanguin\" rel=\"nofollow noopener\" target=\"_blank\">groupe sanguin<\/a> est propre \u00e0 chaque individu. Plusieurs \u00e9tudes ont \u00e9t\u00e9 men\u00e9es sur \u00ab\u00a0groupe sanguin et sant\u00e9\u00a0\u00bb. Certaines ont mis en \u00e9vidence que le groupe sanguin pouvait influer sur le risque de troubles de la m\u00e9moire, de cancer et m\u00eame sur l&rsquo;esp\u00e9rance de vie. Peut-il aussi avoir un impact sur le syst\u00e8me immunitaire ? Partant de l\u00e0, certaines personnes de groupe sanguin A, B ou O sont-elles naturellement plus ou moins r\u00e9sistantes aux infections et maladies ?<\/p>\n<p>L&rsquo;id\u00e9e qu&rsquo;un groupe sanguin soit \u00ab\u00a0plus faible\u00a0\u00bb qu&rsquo;un autre intrigue.\u00a0Pour le Pr Jean-Daniel Tissot, h\u00e9matologue et ancien doyen de la Facult\u00e9 de biologie et de m\u00e9decine de Lausanne, la r\u00e9alit\u00e9 est nuanc\u00e9e. \u00ab\u00a0Il existe des diff\u00e9rences de susceptibilit\u00e9 \u00e0 certaines maladies\u00a0\u00bb confirme-t-il.\u00a0Les groupes sanguins d\u00e9pendent de marqueurs g\u00e9n\u00e9tiques situ\u00e9s \u00e0 la surface des cellules.\u00a0\u00ab\u00a0Le groupe O a un certain avantage vis-\u00e0-vis de certaines infections, mais il pr\u00e9sente aussi un risque accru de troubles de la coagulation\u00a0\u00bb pr\u00e9cise le Pr Tissot. Inversement, \u00ab\u00a0les individus de groupes A, B et AB sont plus expos\u00e9s aux maladies cardiovasculaires et aux thromboses\u00a0\u00bb. Des recherches relay\u00e9es dans des journaux scientifiques reconnus, comme\u00a0<a href=\"https:\/\/www.frontiersin.org\/journals\/immunology\/articles\/10.3389\/fimmu.2021.726283\/full\" target=\"_blank\" rel=\"nofollow noopener\">Frontiers in Immunology<\/a>, ont aussi montr\u00e9 que les personnes du groupe A ont un risque statistiquement augment\u00e9 de d\u00e9velopper une infection ou des formes plus s\u00e9v\u00e8res de maladies virales comme la Covid-19, par rapport aux individus du groupe O.<\/p>\n<p>Ces diff\u00e9rences sont r\u00e9elles, mais \u00ab\u00a0elles rel\u00e8vent de tendances \u00e9pid\u00e9miologiques, pas de v\u00e9rit\u00e9s absolues\u00a0\u00bb temp\u00e8re notre interlocuteur. Aussi, selon lui, elles ne suffisent pas \u00e0 faire d&rsquo;un groupe \u00ab\u00a0un mauvais \u00e9l\u00e8ve immunitaire\u00a0\u00bb. Ces variations sont aussi g\u00e9ographiques\u00a0: \u00ab\u00a0La r\u00e9partition des groupes sanguins n&rsquo;est pas la m\u00eame en Europe, en Afrique ou en Asie\u00a0\u00bb. Les comparaisons doivent donc \u00eatre faites avec prudence, car \u00ab\u00a0la \u00ab\u00a0faiblesse\u00a0\u00bb apparente d&rsquo;un groupe d\u00e9pend du contexte infectieux et environnemental\u00a0\u00bb.<\/p>\n<p>Le <a href=\"https:\/\/sante.journaldesfemmes.fr\/fiches-anatomie-et-examens\/2710920-rhesus-sanguin-definition-positif-negatif-compatibilite-o-ab-donneur-universel-grossesse\/\" title=\"Syst\u00e8me rh\u00e9sus\" rel=\"nofollow noopener\" target=\"_blank\">Rh\u00e9sus<\/a>, lui, ne joue \u00ab\u00a0aucun r\u00f4le dans la d\u00e9fense immunitaire face aux infections\u00a0\u00bb ajoute notre interlocuteur. Son importance r\u00e9side ailleurs\u00a0: chez les femmes Rh-n\u00e9gatif, une incompatibilit\u00e9 avec un f\u0153tus Rh-positif peut provoquer une maladie h\u00e9molytique du nouveau-n\u00e9. Une situation rare aujourd&rsquo;hui gr\u00e2ce au d\u00e9pistage et \u00e0 la pr\u00e9vention.\u00a0En conclusion, aucun groupe n&rsquo;est condamn\u00e9 \u00e0 tomber plus souvent malade. Tous sont le fruit de l&rsquo;\u00e9volution et poss\u00e8dent leurs atouts. \u00ab\u00a0Dans la vie quotidienne, le groupe sanguin ne joue qu&rsquo;un r\u00f4le mineur sur la sant\u00e9\u00a0\u00bb, rappelle l&rsquo;h\u00e9matologue. Retenons donc que ce sont nos comportements, et non nos g\u00e8nes, qui d\u00e9terminent la solidit\u00e9 de notre immunit\u00e9.<\/p>\n","protected":false},"excerpt":{"rendered":"Certaines personnes sont-elles plus fragiles \u00e0 cause de leur groupe sanguin\u00a0? Nous avons pos\u00e9 la question au Pr&hellip;\n","protected":false},"author":2,"featured_media":497505,"comment_status":"","ping_status":"","sticky":false,"template":"","format":"standard","meta":{"footnotes":""},"categories":[10],"tags":[61991,51761,51763,1011,27,72,51766,51767,1404,71,61992],"class_list":{"0":"post-497504","1":"post","2":"type-post","3":"status-publish","4":"format-standard","5":"has-post-thumbnail","7":"category-sante","8":"tag-cms-journaldesfemmes-3245562","9":"tag-controller-content","10":"tag-format-papier","11":"tag-fr","12":"tag-france","13":"tag-health","14":"tag-les-histoires-du-jdf","15":"tag-parallaxeinfeed","16":"tag-quotidien","17":"tag-sante","18":"tag-symptomes-divers"},"share_on_mastodon":{"url":"","error":""},"_links":{"self":[{"href":"https:\/\/www.europesays.com\/fr\/wp-json\/wp\/v2\/posts\/497504","targetHints":{"allow":["GET"]}}],"collection":[{"href":"https:\/\/www.europesays.com\/fr\/wp-json\/wp\/v2\/posts"}],"about":[{"href":"https:\/\/www.europesays.com\/fr\/wp-json\/wp\/v2\/types\/post"}],"author":[{"embeddable":true,"href":"https:\/\/www.europesays.com\/fr\/wp-json\/wp\/v2\/users\/2"}],"replies":[{"embeddable":true,"href":"https:\/\/www.europesays.com\/fr\/wp-json\/wp\/v2\/comments?post=497504"}],"version-history":[{"count":0,"href":"https:\/\/www.europesays.com\/fr\/wp-json\/wp\/v2\/posts\/497504\/revisions"}],"wp:featuredmedia":[{"embeddable":true,"href":"https:\/\/www.europesays.com\/fr\/wp-json\/wp\/v2\/media\/497505"}],"wp:attachment":[{"href":"https:\/\/www.europesays.com\/fr\/wp-json\/wp\/v2\/media?parent=497504"}],"wp:term":[{"taxonomy":"category","embeddable":true,"href":"https:\/\/www.europesays.com\/fr\/wp-json\/wp\/v2\/categories?post=497504"},{"taxonomy":"post_tag","embeddable":true,"href":"https:\/\/www.europesays.com\/fr\/wp-json\/wp\/v2\/tags?post=497504"}],"curies":[{"name":"wp","href":"https:\/\/api.w.org\/{rel}","templated":true}]}}