{"id":497522,"date":"2025-10-29T10:54:13","date_gmt":"2025-10-29T10:54:13","guid":{"rendered":"https:\/\/www.europesays.com\/fr\/497522\/"},"modified":"2025-10-29T10:54:13","modified_gmt":"2025-10-29T10:54:13","slug":"mcdonalds-dans-le-centre-de-saint-etienne-ce-quen-pensent-les-stephanois","status":"publish","type":"post","link":"https:\/\/www.europesays.com\/fr\/497522\/","title":{"rendered":"McDonald&rsquo;s dans le centre de Saint-\u00c9tienne ? Ce qu&rsquo;en pensent les St\u00e9phanois"},"content":{"rendered":"<p>            Par<br \/>\n        <strong><br \/>\n            <a href=\"https:\/\/actu.fr\/auteur\/mathias-souteyrat\" title=\"Consulter tous les articles de Mathias Souteyrat\" rel=\"nofollow noopener\" target=\"_blank\">Mathias Souteyrat<\/a><br \/>\n        <\/strong><\/p>\n<p>        Publi\u00e9 le<\/p>\n<p>            29 oct. 2025 \u00e0 11h25        <\/p>\n<p>Un <a href=\"https:\/\/actu.fr\/auvergne-rhone-alpes\/saint-etienne_42218\/saint-etienne-l-ouverture-de-ce-burger-king-en-centre-ville-se-precise-ce-qu-il-faut-savoir_63239419.html\" rel=\"nofollow noopener\" target=\"_blank\">Burger King va ouvrir place du Peuple \u00e0 la place de Zara \u00e0 Saint-Etienne<\/a> (Loire). Son concurrent am\u00e9ricain, <a href=\"https:\/\/actu.fr\/auvergne-rhone-alpes\/saint-etienne_42218\/saint-etienne-apres-burger-king-mcdonald-s-va-t-il-installer-un-restaurant-en-centre-ville_63355457.html\" rel=\"nofollow noopener\" target=\"_blank\">McDonald\u2019s<\/a>, prospecterait pour ouvrir un restaurant dans l\u2019hypercentre st\u00e9phanois. <br \/>La probable ouverture d\u2019un restaurant McDonald\u2019s dans le c\u0153ur de Saint-Etienne n\u2019a pas manqu\u00e9 de faire r\u00e9agir sur nos r\u00e9seaux sociaux.<\/p>\n<p>\u00ab\u2009\u00c7a fera un commerce qui attire du monde. C\u2019est mieux qu\u2019une vitrine ferm\u00e9e\u2009\u00bb<\/p>\n<p class=\" wall-content\">Il y a les commentaires r\u00e9alistes de gens pas radicalement oppos\u00e9s \u00e0 cette installation.<\/p>\n<p class=\" wall-content\">Pascale rappelle \u00ab\u2009qu\u2019il y avait d\u00e9j\u00e0 un MacDo place du peuple il y a quelques ann\u00e9es\u2009\u00bb. En effet, un McDonald\u2019s se situait l\u00e0 o\u00f9 le roi du burger va ouvrir son \u00e9tablissement.<\/p>\n<p class=\" wall-content\">\u00ab\u2009Il y a un McDo sur les Champs \u00c9lys\u00e9e, des McDo dans Lyon, etc. Je ne vois pas quelle est la probl\u00e9matique en fait\u2009\u00bb, note sobrement Thibault.<\/p>\n<blockquote class=\"ac-article-quote wall-content\">\n<p>De la malbouffe ! Certes, mais tous nos enfants y vont. Et arr\u00eatez de dire \u00ab\u00a0pas les miens\u202f!\u00a0\u00bb, ces fast-foods sont gav\u00e9s du matin au soir. \u00c7a fera un commerce qui attire du monde. C&rsquo;est mieux qu&rsquo;une vitrine ferm\u00e9e.<\/p>\n<p>    <strong>Jean-Jacques<\/strong>\n            <\/p><\/blockquote>\n<p>\u00ab\u2009On marche sur la t\u00eate\u2009! Et continuer \u00e0 appauvrir le centre-ville\u2009\u00bb<\/p>\n<p class=\" wall-content\">Pour d\u2019autres, le retour de McDo en centre-ville est loin d\u2019\u00eatre une \u00e9vidence. Selon Rejeanne\u2009: \u00ab\u2009Que de fast-foods \u00e0 Saint-\u00c9tienne. Quand ils sont nouveaux, monde garanti, mais apr\u00e8s ben, c\u2019est fluide.\u2009\u00bb<\/p>\n<p class=\" wall-content\">Chryst\u00e8le pr\u00e9f\u00e9rerait voir de nouvelles marques de mode arriver en centre-ville \u00ab\u2009comme l\u2019enseigne <strong>Stradivarius<\/strong>, des boutiques de chaussures, etc.\u2009\u00bb. Une boutique qui existe d\u00e9j\u00e0 \u00e0\u2026 Steel\u2009! lui a r\u00e9pondu une internaute.<\/p>\n<blockquote class=\"ac-article-quote wall-content\">\n<p>Il y avait un McDo place du peuple qui a \u00e9t\u00e9 enlev\u00e9 pour de multiples raisons et voil\u00e0 que maintenant, il va s\u2019installer au pied de la mairie. On marche sur la t\u00eate ! Et continuer \u00e0 appauvrir le centre-ville.<\/p>\n<p>    <strong>Cathy<\/strong>\n            <\/p><\/blockquote>\n<p>Votre r\u00e9gion, votre actu !<\/p>\n<p>Recevez chaque jour les infos qui comptent pour vous.<\/p>\n<p>\t<a href=\"https:\/\/actu.fr\/newsletter\" class=\"ac-btn ac-btn--corner ac-btn--medium ac-btn--blue800\" rel=\"nofollow noopener\" target=\"_blank\">S&rsquo;incrire<\/a><br \/>\nDes restaurants de l\u2019hypercentre contact\u00e9s<\/p>\n<p class=\" wall-content\">Pour rappel, McDonald\u2019s voudrait acqu\u00e9rir une cellule commerciale d\u2019au moins 300 m\u00b2, dans un p\u00e9rim\u00e8tre compris entre la place Jean-Jaur\u00e8s et la place Dorian. Le g\u00e9ant am\u00e9ricain a d\u00e9j\u00e0 contact\u00e9 des restaurants de l\u2019hypercentre comme <strong>Jeannette ou Le Glasgow<\/strong> pour une \u00e9ventuelle acquisition.<\/p>\n<p class=\" wall-content\">\u00ab\u2009Suite \u00e0 votre demande sur l\u2019installation d\u2019un restaurant \u00e0 Saint-Etienne, nous n\u2019allons malheureusement pas pouvoir commenter \u00e0 ce stade\u2009\u00bb, nous avait sobrement r\u00e9pondu la direction de McDonald\u2019s.<\/p>\n<p class=\" wall-content\">Personnalisez votre actualit\u00e9 en ajoutant vos villes et m\u00e9dias en favori avec <a href=\"https:\/\/moncompte.actu.fr\" title=\"D\u00e9couvez Mon Actu\" rel=\"nofollow noopener\" data-trk=\"{&quot;cta&quot;:{&quot;action&quot;:&quot;https:\\\/\\\/moncompte.actu.fr&quot;,&quot;category&quot;:&quot;mon compte&quot;,&quot;from&quot;:&quot;article footer&quot;,&quot;name&quot;:&quot;Mon actu&quot;,&quot;type&quot;:&quot;cta&quot;}}\" target=\"_blank\">Mon Actu<\/a>.<\/p>\n","protected":false},"excerpt":{"rendered":"Par Mathias Souteyrat Publi\u00e9 le 29 oct. 2025 \u00e0 11h25 Un Burger King va ouvrir place du Peuple&hellip;\n","protected":false},"author":2,"featured_media":497523,"comment_status":"","ping_status":"","sticky":false,"template":"","format":"standard","meta":{"footnotes":""},"categories":[9653],"tags":[1111,11,2430,33,1777,674,1011,27,679,12,3147,25,1340,4001],"class_list":{"0":"post-497522","1":"post","2":"type-post","3":"status-publish","4":"format-standard","5":"has-post-thumbnail","7":"category-saint-etienne","8":"tag-actu","9":"tag-actualites","10":"tag-auvergne-rhone-alpes","11":"tag-economie","12":"tag-eu","13":"tag-europe","14":"tag-fr","15":"tag-france","16":"tag-mcdonalds","17":"tag-news","18":"tag-nouveaux-commerces","19":"tag-republique-francaise","20":"tag-restaurant","21":"tag-saint-etienne"},"share_on_mastodon":{"url":"https:\/\/pubeurope.com\/@fr\/115457089011075448","error":""},"_links":{"self":[{"href":"https:\/\/www.europesays.com\/fr\/wp-json\/wp\/v2\/posts\/497522","targetHints":{"allow":["GET"]}}],"collection":[{"href":"https:\/\/www.europesays.com\/fr\/wp-json\/wp\/v2\/posts"}],"about":[{"href":"https:\/\/www.europesays.com\/fr\/wp-json\/wp\/v2\/types\/post"}],"author":[{"embeddable":true,"href":"https:\/\/www.europesays.com\/fr\/wp-json\/wp\/v2\/users\/2"}],"replies":[{"embeddable":true,"href":"https:\/\/www.europesays.com\/fr\/wp-json\/wp\/v2\/comments?post=497522"}],"version-history":[{"count":0,"href":"https:\/\/www.europesays.com\/fr\/wp-json\/wp\/v2\/posts\/497522\/revisions"}],"wp:featuredmedia":[{"embeddable":true,"href":"https:\/\/www.europesays.com\/fr\/wp-json\/wp\/v2\/media\/497523"}],"wp:attachment":[{"href":"https:\/\/www.europesays.com\/fr\/wp-json\/wp\/v2\/media?parent=497522"}],"wp:term":[{"taxonomy":"category","embeddable":true,"href":"https:\/\/www.europesays.com\/fr\/wp-json\/wp\/v2\/categories?post=497522"},{"taxonomy":"post_tag","embeddable":true,"href":"https:\/\/www.europesays.com\/fr\/wp-json\/wp\/v2\/tags?post=497522"}],"curies":[{"name":"wp","href":"https:\/\/api.w.org\/{rel}","templated":true}]}}