{"id":497525,"date":"2025-10-29T10:57:10","date_gmt":"2025-10-29T10:57:10","guid":{"rendered":"https:\/\/www.europesays.com\/fr\/497525\/"},"modified":"2025-10-29T10:57:10","modified_gmt":"2025-10-29T10:57:10","slug":"direct-las-nancy-lorraine-renoue-avec-la-victoire-face-a-bastia","status":"publish","type":"post","link":"https:\/\/www.europesays.com\/fr\/497525\/","title":{"rendered":"Direct. L&rsquo;AS Nancy-Lorraine\u00a0renoue avec la victoire face \u00e0 Bastia \u00a0!"},"content":{"rendered":"<p>En perte de vitesse depuis quelques semaines, l&rsquo;ASNL\u00a0a r\u00e9ussi \u00e0 r\u00e9agir ce mardi soir face \u00e0\u00a0Bastia, la lanterne rouge.\u00a0Bokangu avait id\u00e9alement lanc\u00e9 les Nanc\u00e9iens au quart d&rsquo;heure de jeu d&rsquo;un ext\u00e9rieur sublime. La suite a \u00e9t\u00e9 plus poussive, mais Saint-Ruf est venu mettre ses couleurs \u00e0 l&rsquo;abri \u00e0 la 93e minute \u00a0!<\/p>\n<p>&#13;<br \/>\n              Adrien Richard &#8211; &#13;<br \/>\n        &#13;<br \/>\n          Hier \u00e0 11:52&#13;<br \/>\n    &#13;<br \/>\n                  | mis \u00e0 jour aujourd&rsquo;hui \u00e0 09:44&#13;<br \/>\n              &#8211; Temps de lecture : &#13;<br \/>\n  &#13;<\/p>\n","protected":false},"excerpt":{"rendered":"En perte de vitesse depuis quelques semaines, l&rsquo;ASNL\u00a0a r\u00e9ussi \u00e0 r\u00e9agir ce mardi soir face \u00e0\u00a0Bastia, la lanterne&hellip;\n","protected":false},"author":2,"featured_media":497526,"comment_status":"","ping_status":"","sticky":false,"template":"","format":"standard","meta":{"footnotes":""},"categories":[9635],"tags":[1111,11,3703,3545,3602,1707,1704,1706,1705,10174,1777,674,1701,63,1011,27,775,1702,12,25,517,1700],"class_list":{"0":"post-497525","1":"post","2":"type-post","3":"status-publish","4":"format-standard","5":"has-post-thumbnail","7":"category-nancy","8":"tag-actu","9":"tag-actualites","10":"tag-asnl","11":"tag-direct-sport","12":"tag-edition-bar-le-duc","13":"tag-edition-luneville","14":"tag-edition-nancy-et-agglomeration","15":"tag-edition-pont-a-mousson","16":"tag-edition-toul","17":"tag-edition-verdun","18":"tag-eu","19":"tag-europe","20":"tag-fil-info-sport","21":"tag-football","22":"tag-fr","23":"tag-france","24":"tag-grand-est","25":"tag-nancy","26":"tag-news","27":"tag-republique-francaise","28":"tag-sport","29":"tag-sport-lorrain"},"share_on_mastodon":{"url":"","error":""},"_links":{"self":[{"href":"https:\/\/www.europesays.com\/fr\/wp-json\/wp\/v2\/posts\/497525","targetHints":{"allow":["GET"]}}],"collection":[{"href":"https:\/\/www.europesays.com\/fr\/wp-json\/wp\/v2\/posts"}],"about":[{"href":"https:\/\/www.europesays.com\/fr\/wp-json\/wp\/v2\/types\/post"}],"author":[{"embeddable":true,"href":"https:\/\/www.europesays.com\/fr\/wp-json\/wp\/v2\/users\/2"}],"replies":[{"embeddable":true,"href":"https:\/\/www.europesays.com\/fr\/wp-json\/wp\/v2\/comments?post=497525"}],"version-history":[{"count":0,"href":"https:\/\/www.europesays.com\/fr\/wp-json\/wp\/v2\/posts\/497525\/revisions"}],"wp:featuredmedia":[{"embeddable":true,"href":"https:\/\/www.europesays.com\/fr\/wp-json\/wp\/v2\/media\/497526"}],"wp:attachment":[{"href":"https:\/\/www.europesays.com\/fr\/wp-json\/wp\/v2\/media?parent=497525"}],"wp:term":[{"taxonomy":"category","embeddable":true,"href":"https:\/\/www.europesays.com\/fr\/wp-json\/wp\/v2\/categories?post=497525"},{"taxonomy":"post_tag","embeddable":true,"href":"https:\/\/www.europesays.com\/fr\/wp-json\/wp\/v2\/tags?post=497525"}],"curies":[{"name":"wp","href":"https:\/\/api.w.org\/{rel}","templated":true}]}}