{"id":497535,"date":"2025-10-29T11:02:10","date_gmt":"2025-10-29T11:02:10","guid":{"rendered":"https:\/\/www.europesays.com\/fr\/497535\/"},"modified":"2025-10-29T11:02:10","modified_gmt":"2025-10-29T11:02:10","slug":"a-rouen-elle-poursuit-le-retraite-qui-se-masturbait-a-cote-delle-dans-la-rue","status":"publish","type":"post","link":"https:\/\/www.europesays.com\/fr\/497535\/","title":{"rendered":"\u00c0 Rouen, elle poursuit le retrait\u00e9 qui se masturbait \u00e0 c\u00f4t\u00e9 d&rsquo;elle dans la rue"},"content":{"rendered":"<p>            Par<br \/>\n        <strong><br \/>\n            <a href=\"https:\/\/actu.fr\/auteur\/julien-bouteiller\" title=\"Consulter tous les articles de Julien Bouteiller\" target=\"_blank\" rel=\"noopener\">Julien Bouteiller<\/a><br \/>\n        <\/strong><\/p>\n<p>        Publi\u00e9 le<\/p>\n<p>            29 oct. 2025 \u00e0 11h38        <\/p>\n<p>Elle n\u2019a pas l\u00e2ch\u00e9 l\u2019affaire. Mardi 28 octobre 2025, une jeune femme a poursuivi le sexag\u00e9naire <strong>qu\u2019elle a surpris se masturbant en pleine rue<\/strong> \u00e0 <a href=\"https:\/\/actu.fr\/normandie\/rouen_76540\" target=\"_blank\" rel=\"noopener\">Rouen<\/a>, apprend-on de source polici\u00e8re.<\/p>\n<p>Il se masturbe en pleine rue<\/p>\n<p class=\" wall-content\">Peu avant 10h, la femme de 22 ans marche <strong>au niveau de l\u2019h\u00f4tel de ville<\/strong> \u00ab\u00a0lorsqu\u2019elle a vu un homme s\u2019approcher d\u2019elle, pantalon d\u00e9boutonn\u00e9, sexe visible et se masturbant\u00a0\u00bb.<\/p>\n<p class=\" wall-content\">Ne se laissant pas impressionner, la vingtenaire s\u2019approche de lui, le faisant prendre la fuite. \u00ab\u00a0Elle l\u2019a <strong>poursuivi jusque devant un immeuble<\/strong>, dans lequel il est entr\u00e9 dans un appartement.\u00a0\u00bb<\/p>\n<p class=\" wall-content\">Elle contacte la police, qui la rejoint donc sur place, <strong>boulevard de l\u2019Yser<\/strong>. Les policiers entrent dans l\u2019immeuble, font sortir le suspect dans les parties communes. Reconnu formellement par la victime, l\u2019homme de 68 ans est<strong> interpell\u00e9 et plac\u00e9 en garde \u00e0 vue<\/strong> pour exhibition sexuelle.<\/p>\n<p>Suivez l\u2019actualit\u00e9 de Rouen <a href=\"https:\/\/www.whatsapp.com\/channel\/0029VaKfnf99hXF2ddApFB1D\" target=\"_blank\" rel=\"noopener\">sur notre cha\u00eene WhatsApp<\/a> et <a href=\"https:\/\/www.tiktok.com\/@76actu.fr?lang=fr\" target=\"_blank\" rel=\"noopener\">sur notre compte TikTok<\/a><\/p>\n<p class=\" wall-content\">Personnalisez votre actualit\u00e9 en ajoutant vos villes et m\u00e9dias en favori avec <a href=\"https:\/\/moncompte.actu.fr\" title=\"D\u00e9couvez Mon Actu\" rel=\"nofollow noopener\" data-trk=\"{&quot;cta&quot;:{&quot;action&quot;:&quot;https:\\\/\\\/moncompte.actu.fr&quot;,&quot;category&quot;:&quot;mon compte&quot;,&quot;from&quot;:&quot;article footer&quot;,&quot;name&quot;:&quot;Mon actu&quot;,&quot;type&quot;:&quot;cta&quot;}}\" target=\"_blank\">Mon Actu<\/a>.<\/p>\n<p>                    <script async src=\"\/\/www.tiktok.com\/embed.js\"><\/script><\/p>\n","protected":false},"excerpt":{"rendered":"Par Julien Bouteiller Publi\u00e9 le 29 oct. 2025 \u00e0 11h38 Elle n\u2019a pas l\u00e2ch\u00e9 l\u2019affaire. Mardi 28 octobre&hellip;\n","protected":false},"author":2,"featured_media":497536,"comment_status":"","ping_status":"","sticky":false,"template":"","format":"standard","meta":{"footnotes":""},"categories":[9587],"tags":[1111,11,1777,674,118,1011,27,12,5161,1072,25,9590,799],"class_list":{"0":"post-497535","1":"post","2":"type-post","3":"status-publish","4":"format-standard","5":"has-post-thumbnail","7":"category-rouen","8":"tag-actu","9":"tag-actualites","10":"tag-eu","11":"tag-europe","12":"tag-faits-divers","13":"tag-fr","14":"tag-france","15":"tag-news","16":"tag-normandie","17":"tag-police","18":"tag-republique-francaise","19":"tag-rouen","20":"tag-violences-sexuelles"},"share_on_mastodon":{"url":"https:\/\/pubeurope.com\/@fr\/115457120284382651","error":""},"_links":{"self":[{"href":"https:\/\/www.europesays.com\/fr\/wp-json\/wp\/v2\/posts\/497535","targetHints":{"allow":["GET"]}}],"collection":[{"href":"https:\/\/www.europesays.com\/fr\/wp-json\/wp\/v2\/posts"}],"about":[{"href":"https:\/\/www.europesays.com\/fr\/wp-json\/wp\/v2\/types\/post"}],"author":[{"embeddable":true,"href":"https:\/\/www.europesays.com\/fr\/wp-json\/wp\/v2\/users\/2"}],"replies":[{"embeddable":true,"href":"https:\/\/www.europesays.com\/fr\/wp-json\/wp\/v2\/comments?post=497535"}],"version-history":[{"count":0,"href":"https:\/\/www.europesays.com\/fr\/wp-json\/wp\/v2\/posts\/497535\/revisions"}],"wp:featuredmedia":[{"embeddable":true,"href":"https:\/\/www.europesays.com\/fr\/wp-json\/wp\/v2\/media\/497536"}],"wp:attachment":[{"href":"https:\/\/www.europesays.com\/fr\/wp-json\/wp\/v2\/media?parent=497535"}],"wp:term":[{"taxonomy":"category","embeddable":true,"href":"https:\/\/www.europesays.com\/fr\/wp-json\/wp\/v2\/categories?post=497535"},{"taxonomy":"post_tag","embeddable":true,"href":"https:\/\/www.europesays.com\/fr\/wp-json\/wp\/v2\/tags?post=497535"}],"curies":[{"name":"wp","href":"https:\/\/api.w.org\/{rel}","templated":true}]}}