{"id":497543,"date":"2025-10-29T11:06:11","date_gmt":"2025-10-29T11:06:11","guid":{"rendered":"https:\/\/www.europesays.com\/fr\/497543\/"},"modified":"2025-10-29T11:06:11","modified_gmt":"2025-10-29T11:06:11","slug":"six-jours-apres-levacuation-du-camp-de-maurepas-80-personnes-sans-solution-dhebergement","status":"publish","type":"post","link":"https:\/\/www.europesays.com\/fr\/497543\/","title":{"rendered":"six jours apr\u00e8s l&rsquo;\u00e9vacuation du camp de Maurepas, 80 personnes sans solution d&rsquo;h\u00e9bergement"},"content":{"rendered":"<p>            Par<br \/>\n        <strong><br \/>\n            <a href=\"https:\/\/actu.fr\/auteur\/brian-legoff\" title=\"Consulter tous les articles de Brian Le Goff\" target=\"_blank\" rel=\"noopener\">Brian Le Goff<\/a><br \/>\n        <\/strong><\/p>\n<p>        Publi\u00e9 le<\/p>\n<p>            29 oct. 2025 \u00e0 11h46        <\/p>\n<p><strong>Quatre-vingts personnes, sur plus de 25<\/strong>0 pr\u00e9sentes ces derni\u00e8res semaines sur le <a href=\"https:\/\/actu.fr\/bretagne\/rennes_35238\/evacuation-des-migrants-du-parc-de-maurepas-a-rennes-je-suis-triste-mon-avenir-est-incertain_63339490.html\" target=\"_blank\" rel=\"noopener\">camp de migrants de Maurepas et \u00e9vacu\u00e9es jeudi 23\u00a0octobre,<\/a> se retrouvent, <strong>moins d\u2019une semaine apr\u00e8s, sans solution<\/strong> d\u2019h\u00e9bergement, constate Utopia 56.<\/p>\n<p class=\" wall-content\"><strong>D\u00e8s jeudi soir, une trentaine<\/strong> de personnes n\u2019avait eu aucune proposition de la part des autorit\u00e9s et s\u2019\u00e9tait retrouv\u00e9e <strong>au 4bis,<\/strong> avec l\u2019accompagnement des collectifs de soutien, <strong>pour la nuit<\/strong>.<\/p>\n<p>Quelques jours sur le campus de Villejean<\/p>\n<p class=\" wall-content\">Le lendemain, ils s\u2019\u00e9taient rendus sur le campus de Villejean, \u00e0 l\u2019universit\u00e9 Rennes 2, et avaient pris place, <strong>avec l\u2019accord de la pr\u00e9sidence,<\/strong> au sein du b\u00e2timent Ereve.<\/p>\n<p class=\" wall-content\">\u00ab\u2009Cet accord tenait <strong>sous deux conditions,<\/strong> que \u00e7a ne dure que jusqu\u2019\u00e0 mercredi et qu\u2019il n\u2019y a qu\u2019une trentaine de personnes sur place. Mais on n\u2019a <strong>pas r\u00e9ussi \u00e0 tenir l\u2019un des deux engagements\u2009\u00bb,<\/strong> explique Suzanne Mamet, coordinatrice et salari\u00e9e d\u2019Utopia 56.<\/p>\n<p>    <img   decoding=\"async\" loading=\"lazy\" src=\"https:\/\/www.europesays.com\/fr\/wp-content\/uploads\/2025\/10\/migrants-hebergments-rennes-2-utopia-56-3-960x640.jpg\" alt=\"Suzanne Mamet, devant les tas de matelas rang\u00e9s, qui servent aux migrants \u00e0 la rue.\" width=\"960\" height=\"640\"\/><br \/>\n    Suzanne Mamet, devant les tas de matelas rang\u00e9s, qui servent aux migrants \u00e0 la rue. (\u00a9Brian Le Goff \/ actu Rennes)<\/p>\n<p class=\" wall-content\">D\u00e8s lundi, par les liens construits au sein du camp de Maurepas, et face \u00e0 des solutions que temporaires, <strong>une cinquantaine de personnes ont rejoint l\u2019endroit<\/strong>.<\/p>\n<p>Un rassemblement pour alerter<\/p>\n<p class=\" wall-content\">Cette situation a dur\u00e9 deux jours comme pr\u00e9vu. Ce mercredi 29\u00a0octobre, \u00e0 10h, un rassemblement, qui a r\u00e9uni une centaine de personnes, selon Utopia 56, avait lieu au c\u0153ur du campus de Rennes 2 afin de <strong>mettre en \u00e9vidence la situation de ces 80 migrants sans h\u00e9bergement<\/strong>.<\/p>\n<p>Votre r\u00e9gion, votre actu !<\/p>\n<p>Recevez chaque jour les infos qui comptent pour vous.<\/p>\n<p>\t<a href=\"https:\/\/actu.fr\/newsletter\" class=\"ac-btn ac-btn--corner ac-btn--medium ac-btn--blue800\" target=\"_blank\" rel=\"noopener\">S&rsquo;incrire<\/a><br \/>\nUne nouvelle occupation\u2009?<\/p>\n<p class=\" wall-content\">Apr\u00e8s ce rassemblement, toutes les personnes ont pris la route d\u2019un lieu \u00e0 investir dans le but d\u2019alerter les autorit\u00e9s. Elles sont en effet<strong> r\u00e9unies au sein de l\u2019Espace Social Commun Simone Iff<\/strong>, dans le quartier des Gayeulles, sans savoir si elles pourront rester ou o\u00f9 elles iront autrement.<\/p>\n<p>\u00ab\u2009On fait face \u00e0 la r\u00e9alit\u00e9 des places disponibles\u2009\u00bb<\/p>\n<p class=\" wall-content\">Sollicit\u00e9e par actu Rennes, la pr\u00e9fecture, qui a organis\u00e9 l\u2019\u00e9vacuation du parc de Maurepas, indique que <strong>l\u2019examen des diff\u00e9rentes situations est toujours en cours<\/strong>. \u00ab\u2009Sur le fonctionnement des personnes h\u00e9berg\u00e9es, il n\u2019y a<strong> pas de sujet concernant les personnes vuln\u00e9rables.<\/strong> Mais pour les personnes seules, et notamment les hommes, on fait face \u00e0 la r\u00e9alit\u00e9 des places.\u2009\u00bb<\/p>\n<p class=\" wall-content\">L\u2019autorit\u00e9 pr\u00e9cise qu\u2019elle <strong>communiquera davantage une fois l\u2019examen des situations personnelles termin\u00e9<\/strong>.<\/p>\n<p class=\" wall-content\">Personnalisez votre actualit\u00e9 en ajoutant vos villes et m\u00e9dias en favori avec <a href=\"https:\/\/moncompte.actu.fr\" title=\"D\u00e9couvez Mon Actu\" rel=\"nofollow noopener\" data-trk=\"{&quot;cta&quot;:{&quot;action&quot;:&quot;https:\\\/\\\/moncompte.actu.fr&quot;,&quot;category&quot;:&quot;mon compte&quot;,&quot;from&quot;:&quot;article footer&quot;,&quot;name&quot;:&quot;Mon actu&quot;,&quot;type&quot;:&quot;cta&quot;}}\" target=\"_blank\">Mon Actu<\/a>.<\/p>\n","protected":false},"excerpt":{"rendered":"Par Brian Le Goff Publi\u00e9 le 29 oct. 2025 \u00e0 11h46 Quatre-vingts personnes, sur plus de 250 pr\u00e9sentes&hellip;\n","protected":false},"author":2,"featured_media":497544,"comment_status":"","ping_status":"","sticky":false,"template":"","format":"standard","meta":{"footnotes":""},"categories":[2821],"tags":[1111,11,829,1777,674,1011,27,1251,12,584,3538,25,104,3400],"class_list":{"0":"post-497543","1":"post","2":"type-post","3":"status-publish","4":"format-standard","5":"has-post-thumbnail","7":"category-rennes","8":"tag-actu","9":"tag-actualites","10":"tag-bretagne","11":"tag-eu","12":"tag-europe","13":"tag-fr","14":"tag-france","15":"tag-migrants","16":"tag-news","17":"tag-rennes","18":"tag-rennes-2","19":"tag-republique-francaise","20":"tag-societe","21":"tag-solidarite"},"share_on_mastodon":{"url":"https:\/\/pubeurope.com\/@fr\/115457136661506517","error":""},"_links":{"self":[{"href":"https:\/\/www.europesays.com\/fr\/wp-json\/wp\/v2\/posts\/497543","targetHints":{"allow":["GET"]}}],"collection":[{"href":"https:\/\/www.europesays.com\/fr\/wp-json\/wp\/v2\/posts"}],"about":[{"href":"https:\/\/www.europesays.com\/fr\/wp-json\/wp\/v2\/types\/post"}],"author":[{"embeddable":true,"href":"https:\/\/www.europesays.com\/fr\/wp-json\/wp\/v2\/users\/2"}],"replies":[{"embeddable":true,"href":"https:\/\/www.europesays.com\/fr\/wp-json\/wp\/v2\/comments?post=497543"}],"version-history":[{"count":0,"href":"https:\/\/www.europesays.com\/fr\/wp-json\/wp\/v2\/posts\/497543\/revisions"}],"wp:featuredmedia":[{"embeddable":true,"href":"https:\/\/www.europesays.com\/fr\/wp-json\/wp\/v2\/media\/497544"}],"wp:attachment":[{"href":"https:\/\/www.europesays.com\/fr\/wp-json\/wp\/v2\/media?parent=497543"}],"wp:term":[{"taxonomy":"category","embeddable":true,"href":"https:\/\/www.europesays.com\/fr\/wp-json\/wp\/v2\/categories?post=497543"},{"taxonomy":"post_tag","embeddable":true,"href":"https:\/\/www.europesays.com\/fr\/wp-json\/wp\/v2\/tags?post=497543"}],"curies":[{"name":"wp","href":"https:\/\/api.w.org\/{rel}","templated":true}]}}