{"id":497545,"date":"2025-10-29T11:07:12","date_gmt":"2025-10-29T11:07:12","guid":{"rendered":"https:\/\/www.europesays.com\/fr\/497545\/"},"modified":"2025-10-29T11:07:12","modified_gmt":"2025-10-29T11:07:12","slug":"vitre-mate-rennes-grace-a-une-premiere-mi-temps-de-reve","status":"publish","type":"post","link":"https:\/\/www.europesays.com\/fr\/497545\/","title":{"rendered":"Vitr\u00e9 mate Rennes gr\u00e2ce \u00e0 une premi\u00e8re mi-temps de r\u00eave"},"content":{"rendered":"<p>            Par<br \/>\n        <strong><br \/>\n            <a href=\"https:\/\/actu.fr\/auteur\/redaction-jv\" title=\"Consulter tous les articles de R\u00e9daction Vitr\u00e9\" target=\"_blank\" rel=\"noopener\">R\u00e9daction Vitr\u00e9<\/a><br \/>\n        <\/strong><\/p>\n<p>        Publi\u00e9 le<\/p>\n<p>            29 oct. 2025 \u00e0 11h31        <\/p>\n<p><b>L\u2019Aurore Vitr\u00e9<\/b> (Ille-et-Vilaine) a sign\u00e9 <b>sa deuxi\u00e8me victoire \u00e0 domicile,<\/b> mardi 28 octobre 2025, <b>contre l\u2019Union Rennes (82-71).<\/b><\/p>\n<p class=\" wall-content\">Une aubaine, apr\u00e8s <a href=\"https:\/\/actu.fr\/bretagne\/vitre_35360\/basket-nm1-match-arrete-entre-vitre-et-rennes-a-cause-dun-probleme-technique_63286991.html\" target=\"_blank\" rel=\"noopener\"><b>le match interrompu le 10 octobre<\/b> pour cause de d\u00e9ficience du syst\u00e8me d\u2019affichage<\/a> au grand dam de l\u2019URB, qui se sent l\u00e9s\u00e9. L\u2019appel d\u00e9pos\u00e9 par les visiteurs sera examin\u00e9 par la commission f\u00e9d\u00e9rale le 14 novembre.<\/p>\n<p>Un premier acte sensationnel<\/p>\n<p class=\" wall-content\">C\u2019est un tout autre sc\u00e9nario qu\u2019ont v\u00e9cu les supporters vitr\u00e9ens, par rapport au 1er quart temps du 10 octobre. Ce jour-l\u00e0, les locaux se faisaient en effet malmener par des Rennais bien en place (14-19) quand l\u2019arbitre a interrompu le match.<\/p>\n<p class=\" wall-content\">Cette fois les hommes de Fabien Calvez ont effectu\u00e9 <b>une excellente entame de match,<\/b> faisant preuve d\u2019adresse \u00e0 l\u2019image de Sullivan Hernandez, auteur de 11 points dans le premier quart temps et de Jules Gibey.<\/p>\n<p>    <img   decoding=\"async\" loading=\"lazy\" class=\"size-large\" src=\"https:\/\/www.europesays.com\/fr\/wp-content\/uploads\/2025\/10\/e430e97151096f830e9715109ec30ev-960x640.jpg\" alt=\"Leo de Bruhl , Fidelis Okereke et leurs co\u00e9quipiers ont assur\u00e9 face \u00e0 l' URB\" width=\"960\" height=\"640\"\/><br \/>\n    Leo de Bruhl, Fidelis Okereke et leurs co\u00e9quipiers de l\u2019Aurore Vitr\u00e9 (Ille-et-Vilaine) ont assur\u00e9 contre Rennes. \u00a9Le Journal de Vitr\u00e9Vid\u00e9os : en ce moment sur Actu<\/p>\n<p class=\" wall-content\">L\u2019entraineur rennais tentait en vain de remettre son \u00e9quipe sur de bons rails en demandant deux temps morts. L\u2019 Aurore terminait le 1er quart temps sur le score de 34 \u00e0 13.<\/p>\n<p class=\" wall-content\">Mais l\u2019AVBB a creus\u00e9 l\u2019\u00e9cart, avec un Le Carour adroit qui alignait 4 tirs prim\u00e9s tandis que ses camarades Leo DeBruhl et Fidelis Okereke faisaient preuve de ma\u00eetrise. <b>La mi-temps \u00e9tait atteinte sur le score de 61-30.<\/b><\/p>\n<p>Votre r\u00e9gion, votre actu !<\/p>\n<p>Recevez chaque jour les infos qui comptent pour vous.<\/p>\n<p>\t<a href=\"https:\/\/actu.fr\/newsletter\" class=\"ac-btn ac-btn--corner ac-btn--medium ac-btn--blue800\" target=\"_blank\" rel=\"noopener\">S&rsquo;incrire<\/a><\/p>\n<p>    <img   decoding=\"async\" loading=\"lazy\" class=\"size-large\" src=\"https:\/\/www.europesays.com\/fr\/wp-content\/uploads\/2025\/10\/81889d7251096b5889d72510999889v-960x640.jpg\" alt=\"Okereke a encore fait un bon match\" width=\"960\" height=\"640\"\/><br \/>\n    Fidelis Okereke a encore fait un bon match avec l\u2019Aurore Vitr\u00e9 (Ille-et-Vilaine) contre Rennes. \u00a9Le Journal de Vitr\u00e9Une baisse de r\u00e9gime apr\u00e8s la pause<\/p>\n<p class=\" wall-content\">Trop confiants ou un peu \u00e9mouss\u00e9s, les Vitr\u00e9ens ont baiss\u00e9 de rythme d\u00e8s le d\u00e9but de la seconde mi-temps. Ils maintenaient toutefois leurs adversaires \u00e0 distance.<\/p>\n<p class=\" wall-content\">Plus combatifs, les Rennais, \u00e0 l\u2019image de Joffrey Sclear, r\u00e9duisaient petit \u00e0 petit l\u2019\u00e9cart \u00e0 15 points puis 12.<\/p>\n<p class=\" wall-content\">Apr\u00e8s un temps mort, les joueurs de Fabien Calvez assuraient (80-66 \u00e0 3 minutes de la fin), DeBruhl r\u00e9pondant \u00e0 Sclear.<\/p>\n<p class=\" wall-content\">C\u2019est au final <b>un succ\u00e8s m\u00e9rit\u00e9 pour l\u2019Aurore<\/b> qui a men\u00e9 de bout en bout. Place \u00e0 la r\u00e9ception de Toulouse, vendredi 31 octobre \u00e0 20 h 30.<\/p>\n<p class=\" wall-content\">Personnalisez votre actualit\u00e9 en ajoutant vos villes et m\u00e9dias en favori avec <a href=\"https:\/\/moncompte.actu.fr\" title=\"D\u00e9couvez Mon Actu\" rel=\"nofollow noopener\" data-trk=\"{&quot;cta&quot;:{&quot;action&quot;:&quot;https:\\\/\\\/moncompte.actu.fr&quot;,&quot;category&quot;:&quot;mon compte&quot;,&quot;from&quot;:&quot;article footer&quot;,&quot;name&quot;:&quot;Mon actu&quot;,&quot;type&quot;:&quot;cta&quot;}}\" target=\"_blank\">Mon Actu<\/a>.<\/p>\n","protected":false},"excerpt":{"rendered":"Par R\u00e9daction Vitr\u00e9 Publi\u00e9 le 29 oct. 2025 \u00e0 11h31 L\u2019Aurore Vitr\u00e9 (Ille-et-Vilaine) a sign\u00e9 sa deuxi\u00e8me victoire&hellip;\n","protected":false},"author":2,"featured_media":497546,"comment_status":"","ping_status":"","sticky":false,"template":"","format":"standard","meta":{"footnotes":""},"categories":[2821],"tags":[1111,11,27426,1465,829,1777,674,1011,27,12,584,25,60],"class_list":{"0":"post-497545","1":"post","2":"type-post","3":"status-publish","4":"format-standard","5":"has-post-thumbnail","7":"category-rennes","8":"tag-actu","9":"tag-actualites","10":"tag-aurore-basket","11":"tag-basket","12":"tag-bretagne","13":"tag-eu","14":"tag-europe","15":"tag-fr","16":"tag-france","17":"tag-news","18":"tag-rennes","19":"tag-republique-francaise","20":"tag-sports"},"share_on_mastodon":{"url":"https:\/\/pubeurope.com\/@fr\/115457140697451151","error":""},"_links":{"self":[{"href":"https:\/\/www.europesays.com\/fr\/wp-json\/wp\/v2\/posts\/497545","targetHints":{"allow":["GET"]}}],"collection":[{"href":"https:\/\/www.europesays.com\/fr\/wp-json\/wp\/v2\/posts"}],"about":[{"href":"https:\/\/www.europesays.com\/fr\/wp-json\/wp\/v2\/types\/post"}],"author":[{"embeddable":true,"href":"https:\/\/www.europesays.com\/fr\/wp-json\/wp\/v2\/users\/2"}],"replies":[{"embeddable":true,"href":"https:\/\/www.europesays.com\/fr\/wp-json\/wp\/v2\/comments?post=497545"}],"version-history":[{"count":0,"href":"https:\/\/www.europesays.com\/fr\/wp-json\/wp\/v2\/posts\/497545\/revisions"}],"wp:featuredmedia":[{"embeddable":true,"href":"https:\/\/www.europesays.com\/fr\/wp-json\/wp\/v2\/media\/497546"}],"wp:attachment":[{"href":"https:\/\/www.europesays.com\/fr\/wp-json\/wp\/v2\/media?parent=497545"}],"wp:term":[{"taxonomy":"category","embeddable":true,"href":"https:\/\/www.europesays.com\/fr\/wp-json\/wp\/v2\/categories?post=497545"},{"taxonomy":"post_tag","embeddable":true,"href":"https:\/\/www.europesays.com\/fr\/wp-json\/wp\/v2\/tags?post=497545"}],"curies":[{"name":"wp","href":"https:\/\/api.w.org\/{rel}","templated":true}]}}