{"id":497555,"date":"2025-10-29T11:12:09","date_gmt":"2025-10-29T11:12:09","guid":{"rendered":"https:\/\/www.europesays.com\/fr\/497555\/"},"modified":"2025-10-29T11:12:09","modified_gmt":"2025-10-29T11:12:09","slug":"le-parti-radical-de-gauche-soutient-johanna-rolland","status":"publish","type":"post","link":"https:\/\/www.europesays.com\/fr\/497555\/","title":{"rendered":"le Parti Radical de Gauche soutient Johanna Rolland"},"content":{"rendered":"<p>            Par<br \/>\n        <strong><br \/>\n            <a href=\"https:\/\/actu.fr\/auteur\/laure-gentil\" title=\"Consulter tous les articles de Laure Gentil\" target=\"_blank\" rel=\"noopener\">Laure Gentil<\/a><br \/>\n        <\/strong><\/p>\n<p>        Publi\u00e9 le<\/p>\n<p>            29 oct. 2025 \u00e0 12h02        <\/p>\n<p>Les <a href=\"https:\/\/actu.fr\/pays-de-la-loire\/nantes_44109\/municipales-2026-le-ps-et-les-verts-veulent-faire-de-nantes-une-ville-refuge_63304670.html\" target=\"_blank\" rel=\"noopener\">Verts<\/a>, les <a href=\"https:\/\/actu.fr\/pays-de-la-loire\/nantes_44109\/municipales-2026-a-nantes-l-union-democratique-bretonne-rejoint-johanna-rolland_63351785.html\" target=\"_blank\" rel=\"noopener\">Bretons<\/a> et les <a href=\"https:\/\/actu.fr\/pays-de-la-loire\/nantes_44109\/municipales-2026-a-nantes-les-communistes-invitent-au-rassemblement-derriere-johanna-rolland_63294965.html\" target=\"_blank\" rel=\"noopener\">Communistes<\/a> ont tous d\u00e9cid\u00e9 de se ranger derri\u00e8re la candidature de<strong> Johanna Rolland<\/strong> pour les<strong> municipales 2026 \u00e0 Nantes<\/strong>. C\u2019est au tour du <strong>Parti Radical de Gauche<\/strong> de faire de m\u00eame officiellement. Le PRG avait d\u00e9j\u00e0 annonc\u00e9 en ao\u00fbt qu\u2019il renouvelait \u00ab\u2009son soutien et sa confiance\u2009\u00bb. Ce <strong>mardi 28\u00a0octobre<\/strong>, ils ont publi\u00e9 un communiqu\u00e9 pour \u00ab\u2009r\u00e9affirmer [leur] volont\u00e9 commune de porter fi\u00e8rement les valeurs r\u00e9publicaines, europ\u00e9ennes, la\u00efques, humanistes et universalistes qui forment l\u2019ADN nantais\u2009\u00bb.<\/p>\n<p>\u00ab\u2009Le PRG portera la voix du centre gauche\u2009\u00bb<\/p>\n<p class=\" wall-content\">Selon le PRG des discussions ont \u00e9t\u00e9 men\u00e9es \u00ab\u2009en vue des prochaines \u00e9lections municipales de mars\u00a02026\u2009\u00bb avec <a href=\"https:\/\/actu.fr\/tag\/johanna-rolland\" target=\"_blank\" rel=\"noopener\">Johanna Rolland<\/a>. Ce fut l\u2019occasion de faire porter \u00ab\u2009le souhait de faire rayonner notre ville \u00e0 travers un projet social et \u00e9cologique renouvel\u00e9 et renforc\u00e9\u2009\u00bb.<\/p>\n<blockquote class=\"ac-article-quote wall-content\">\n<p>\u00a0Dans cette alliance des progressistes, le PRG portera la voix du centre gauche.<\/p>\n<p>    <strong>PRG<\/strong>\n            <\/p><\/blockquote>\n<p class=\" wall-content\">\u00ab\u2009Je me r\u00e9jouis du choix du Parti radical de gauche en faveur d\u2019une liste d\u2019union. C\u2019est la marque de la confiance renouvel\u00e9e et la poursuite de l\u2019action men\u00e9e ensemble pour Nantes, pour les Nantaises et les Nantais\u2009\u00bb, a r\u00e9agi la maire de Nantes.<\/p>\n<p class=\" wall-content\">Personnalisez votre actualit\u00e9 en ajoutant vos villes et m\u00e9dias en favori avec <a href=\"https:\/\/moncompte.actu.fr\" title=\"D\u00e9couvez Mon Actu\" rel=\"nofollow noopener\" data-trk=\"{&quot;cta&quot;:{&quot;action&quot;:&quot;https:\\\/\\\/moncompte.actu.fr&quot;,&quot;category&quot;:&quot;mon compte&quot;,&quot;from&quot;:&quot;article footer&quot;,&quot;name&quot;:&quot;Mon actu&quot;,&quot;type&quot;:&quot;cta&quot;}}\" target=\"_blank\">Mon Actu<\/a>.<\/p>\n","protected":false},"excerpt":{"rendered":"Par Laure Gentil Publi\u00e9 le 29 oct. 2025 \u00e0 12h02 Les Verts, les Bretons et les Communistes ont&hellip;\n","protected":false},"author":2,"featured_media":497556,"comment_status":"","ping_status":"","sticky":false,"template":"","format":"standard","meta":{"footnotes":""},"categories":[2818],"tags":[1111,11,4188,1777,674,1011,27,6945,3434,766,12,2636,316,25],"class_list":{"0":"post-497555","1":"post","2":"type-post","3":"status-publish","4":"format-standard","5":"has-post-thumbnail","7":"category-nantes","8":"tag-actu","9":"tag-actualites","10":"tag-elections-municipales","11":"tag-eu","12":"tag-europe","13":"tag-fr","14":"tag-france","15":"tag-johanna-rolland","16":"tag-municipales-2026","17":"tag-nantes","18":"tag-news","19":"tag-pays-de-la-loire","20":"tag-politique","21":"tag-republique-francaise"},"share_on_mastodon":{"url":"https:\/\/pubeurope.com\/@fr\/115457159615903815","error":""},"_links":{"self":[{"href":"https:\/\/www.europesays.com\/fr\/wp-json\/wp\/v2\/posts\/497555","targetHints":{"allow":["GET"]}}],"collection":[{"href":"https:\/\/www.europesays.com\/fr\/wp-json\/wp\/v2\/posts"}],"about":[{"href":"https:\/\/www.europesays.com\/fr\/wp-json\/wp\/v2\/types\/post"}],"author":[{"embeddable":true,"href":"https:\/\/www.europesays.com\/fr\/wp-json\/wp\/v2\/users\/2"}],"replies":[{"embeddable":true,"href":"https:\/\/www.europesays.com\/fr\/wp-json\/wp\/v2\/comments?post=497555"}],"version-history":[{"count":0,"href":"https:\/\/www.europesays.com\/fr\/wp-json\/wp\/v2\/posts\/497555\/revisions"}],"wp:featuredmedia":[{"embeddable":true,"href":"https:\/\/www.europesays.com\/fr\/wp-json\/wp\/v2\/media\/497556"}],"wp:attachment":[{"href":"https:\/\/www.europesays.com\/fr\/wp-json\/wp\/v2\/media?parent=497555"}],"wp:term":[{"taxonomy":"category","embeddable":true,"href":"https:\/\/www.europesays.com\/fr\/wp-json\/wp\/v2\/categories?post=497555"},{"taxonomy":"post_tag","embeddable":true,"href":"https:\/\/www.europesays.com\/fr\/wp-json\/wp\/v2\/tags?post=497555"}],"curies":[{"name":"wp","href":"https:\/\/api.w.org\/{rel}","templated":true}]}}