{"id":497562,"date":"2025-10-29T11:16:11","date_gmt":"2025-10-29T11:16:11","guid":{"rendered":"https:\/\/www.europesays.com\/fr\/497562\/"},"modified":"2025-10-29T11:16:11","modified_gmt":"2025-10-29T11:16:11","slug":"un-nouveau-magasin-action-dans-lagglomeration-de-toulouse-voici-sa-date-douverture","status":"publish","type":"post","link":"https:\/\/www.europesays.com\/fr\/497562\/","title":{"rendered":"Un nouveau magasin Action dans l&rsquo;agglom\u00e9ration de Toulouse : voici sa date d&rsquo;ouverture"},"content":{"rendered":"<p>            Par<br \/>\n        <strong><br \/>\n            <a href=\"https:\/\/actu.fr\/auteur\/lucie-2\" title=\"Consulter tous les articles de Lucie Fraisse\" target=\"_blank\" rel=\"noopener\">Lucie Fraisse<\/a><br \/>\n        <\/strong><\/p>\n<p>        Publi\u00e9 le<\/p>\n<p>            29 oct. 2025 \u00e0 12h06        <\/p>\n<p>La <strong>marque Action<\/strong> tisse sa toile dans l\u2019agglom\u00e9ration de <a href=\"https:\/\/actu.fr\/toulouse\/\" target=\"_blank\" rel=\"noopener\">Toulouse<\/a> ! L\u2019enseigne de bazar \u00e0 petit prix s\u2019appr\u00eate \u00e0 ouvrir un nouveau magasin ce jeudi 30 octobre 2025.<\/p>\n<p>D\u00e8s 8h30 ce jeudi<\/p>\n<p class=\" wall-content\">Ce magasin est situ\u00e9 \u00e0 Lab\u00e8ge, \u00e0 proximit\u00e9 du centre commercial Lab\u00e8ge 2 et juste \u00e0 <a href=\"https:\/\/actu.fr\/occitanie\/labege_31254\/pres-de-toulouse-le-plus-grand-supermarche-zero-dechet-de-france-ouvre-on-vous-dit-quand_61106294.html\" target=\"_blank\" rel=\"noopener\">c\u00f4t\u00e9 du Supermarch\u00e9 tout nu<\/a>. Il accueillera ses premiers clients d\u00e8s 8h30 ce jeudi.<\/p>\n<p class=\" wall-content\">La marque compte aujourd\u2019hui <a href=\"https:\/\/actu.fr\/occitanie\/toulouse_31555\/un-nouveau-magasin-action-va-ouvrir-ses-portes-dans-un-grand-centre-commercial-de-toulouse_57835002.html\" target=\"_blank\" rel=\"noopener\">une petite quinzaine de magasins en Haute-Garonne<\/a>, dont cinq \u00e0 <strong>Toulouse<\/strong> m\u00eame.\u00a0<\/p>\n<p>Ensemble de la gamme<\/p>\n<p class=\" wall-content\">Avec ses produits \u00e0 prix r\u00e9duits, l\u2019enseigne s\u00e9duit en effet de nombreux clients. D\u00e9co, hygi\u00e8ne, papeterie, bricolage, alimentation\u2026 On retrouvera tout ce qui fait le succ\u00e8s de la marque dans le nouveau magasin de Lab\u00e8ge.\u00a0<\/p>\n<p>Vid\u00e9os : en ce moment sur Actu<br \/>\n    <a href=\"https:\/\/www.google.com\/maps\/embed?pb=!1m18!1m12!1m3!1d2892.0038878277387!2d1.5089390773022984!3d43.543960859487576!2m3!1f0!2f0!3f0!3m2!1i1024!2i768!4f13.1!3m3!1m2!1s0x12aebe05809b6f11%3A0xb45ea7db187c1c6a!2sRue%20Jean%20Rostand%2C%2031670%20Lab%C3%A8ge!5e0!3m2!1sfr!2sfr!4v1761735480900!5m2!1sfr!2sfr\" title=\"Ouvrie le lien\" target=\"_blank\" rel=\"noopener\">Cliquez ici pour visualiser le contenu<\/a><\/p>\n<p>Infos pratiques :<br \/>Magasin Action Toulouse Lab\u00e8ge, rue Jean Rostand.\u00a0<\/p>\n<p class=\" wall-content\">Personnalisez votre actualit\u00e9 en ajoutant vos villes et m\u00e9dias en favori avec <a href=\"https:\/\/moncompte.actu.fr\" title=\"D\u00e9couvez Mon Actu\" rel=\"nofollow noopener\" data-trk=\"{&quot;cta&quot;:{&quot;action&quot;:&quot;https:\\\/\\\/moncompte.actu.fr&quot;,&quot;category&quot;:&quot;mon compte&quot;,&quot;from&quot;:&quot;article footer&quot;,&quot;name&quot;:&quot;Mon actu&quot;,&quot;type&quot;:&quot;cta&quot;}}\" target=\"_blank\">Mon Actu<\/a>.<\/p>\n","protected":false},"excerpt":{"rendered":"Par Lucie Fraisse Publi\u00e9 le 29 oct. 2025 \u00e0 12h06 La marque Action tisse sa toile dans l\u2019agglom\u00e9ration&hellip;\n","protected":false},"author":2,"featured_media":497563,"comment_status":"","ping_status":"","sticky":false,"template":"","format":"standard","meta":{"footnotes":""},"categories":[2816],"tags":[1111,11,1777,674,1011,27,12,2849,2680,25,104,2312],"class_list":{"0":"post-497562","1":"post","2":"type-post","3":"status-publish","4":"format-standard","5":"has-post-thumbnail","7":"category-toulouse","8":"tag-actu","9":"tag-actualites","10":"tag-eu","11":"tag-europe","12":"tag-fr","13":"tag-france","14":"tag-news","15":"tag-nouveaux-commerces-a-toulouse","16":"tag-occitanie","17":"tag-republique-francaise","18":"tag-societe","19":"tag-toulouse"},"share_on_mastodon":{"url":"https:\/\/pubeurope.com\/@fr\/115457175382998927","error":""},"_links":{"self":[{"href":"https:\/\/www.europesays.com\/fr\/wp-json\/wp\/v2\/posts\/497562","targetHints":{"allow":["GET"]}}],"collection":[{"href":"https:\/\/www.europesays.com\/fr\/wp-json\/wp\/v2\/posts"}],"about":[{"href":"https:\/\/www.europesays.com\/fr\/wp-json\/wp\/v2\/types\/post"}],"author":[{"embeddable":true,"href":"https:\/\/www.europesays.com\/fr\/wp-json\/wp\/v2\/users\/2"}],"replies":[{"embeddable":true,"href":"https:\/\/www.europesays.com\/fr\/wp-json\/wp\/v2\/comments?post=497562"}],"version-history":[{"count":0,"href":"https:\/\/www.europesays.com\/fr\/wp-json\/wp\/v2\/posts\/497562\/revisions"}],"wp:featuredmedia":[{"embeddable":true,"href":"https:\/\/www.europesays.com\/fr\/wp-json\/wp\/v2\/media\/497563"}],"wp:attachment":[{"href":"https:\/\/www.europesays.com\/fr\/wp-json\/wp\/v2\/media?parent=497562"}],"wp:term":[{"taxonomy":"category","embeddable":true,"href":"https:\/\/www.europesays.com\/fr\/wp-json\/wp\/v2\/categories?post=497562"},{"taxonomy":"post_tag","embeddable":true,"href":"https:\/\/www.europesays.com\/fr\/wp-json\/wp\/v2\/tags?post=497562"}],"curies":[{"name":"wp","href":"https:\/\/api.w.org\/{rel}","templated":true}]}}