{"id":497564,"date":"2025-10-29T11:17:10","date_gmt":"2025-10-29T11:17:10","guid":{"rendered":"https:\/\/www.europesays.com\/fr\/497564\/"},"modified":"2025-10-29T11:17:10","modified_gmt":"2025-10-29T11:17:10","slug":"toulouse-quatre-ans-apres-leur-evacuation-pour-peril-imminent-la-situation-de-ces-immeubles-va-evoluer","status":"publish","type":"post","link":"https:\/\/www.europesays.com\/fr\/497564\/","title":{"rendered":"Toulouse. Quatre ans apr\u00e8s leur \u00e9vacuation pour \u00ab\u00a0p\u00e9ril imminent\u00a0\u00bb, la situation de ces immeubles va \u00e9voluer"},"content":{"rendered":"<p>            Par<br \/>\n        <strong><br \/>\n            <a href=\"https:\/\/actu.fr\/auteur\/margot-fournie\" title=\"Consulter tous les articles de Margot Fournie\" rel=\"nofollow noopener\" target=\"_blank\">Margot Fournie<\/a><br \/>\n        <\/strong><\/p>\n<p>        Publi\u00e9 le<\/p>\n<p>            29 oct. 2025 \u00e0 12h10        <\/p>\n<p>Rien ne semble avoir chang\u00e9 aux num\u00e9ros\u00a012 et\u00a014 de la <strong>tr\u00e8s passante rue des Filatiers<\/strong>, \u00e0 <a href=\"https:\/\/actu.fr\/toulouse\/\" rel=\"nofollow noopener\" target=\"_blank\">Toulouse<\/a>. Les deux immeubles ont \u00e9t\u00e9 \u00e9vacu\u00e9s pour<strong> \u00ab\u2009p\u00e9ril imminent\u2009\u00bb<\/strong> au printemps 2021. Depuis, les <strong>barri\u00e8res<\/strong> install\u00e9es devant la boutique Bello &amp; Angeli <strong>n\u2019ont pas boug\u00e9<\/strong>. Les portes du restaurant L\u2019Inde sont toujours closes et passablement tagu\u00e9es. Et pourtant, dans quelques mois la situation devrait \u00e9voluer\u2026<\/p>\n<p>Deux immeubles en propri\u00e9t\u00e9s priv\u00e9es<\/p>\n<p class=\" wall-content\">Les deux immeubles sont des <strong>propri\u00e9t\u00e9s priv\u00e9es<\/strong>. Le 12 appartient \u00e0 sept copropri\u00e9taires et le 14 \u00e0 une soci\u00e9t\u00e9 civile immobili\u00e8re (SCI) bas\u00e9e \u00e0 Dr\u00e9mil-Lafage.<\/p>\n<p class=\" wall-content\">Mais la mairie a diligemment suivi ces dossiers et a \u00e9t\u00e9 tenue inform\u00e9e des \u00e9volutions pr\u00e9vues pour les deux b\u00e2tis.<\/p>\n<p>Des devis et un acte de vente le mois prochain<\/p>\n<p class=\" wall-content\">Pour le 12, la Ville livre que \u00ab\u2009le syndic Citya a re\u00e7u<strong> les devis d\u00e9finitifs des travaux<\/strong>. Ils seront soumis au vote lors de l\u2019assembl\u00e9e g\u00e9n\u00e9rale pr\u00e9vue \u00e0 la fin du mois de novembre.\u2009\u00bb<\/p>\n<p class=\" wall-content\">Concernant l\u2019immeuble voisin, \u00ab\u2009la signature de l\u2019acte de <strong>vente<\/strong> est pr\u00e9vue <strong>courant novembre<\/strong>\u00ab\u00a0, confie la municipalit\u00e9.<\/p>\n<p class=\" wall-content\">Pour autant, \u00ab<strong>\u2009aucune date<\/strong> de d\u00e9marrage des<strong> travaux d\u00e9finitifs<\/strong> n\u2019a \u00e9t\u00e9 fix\u00e9e. Le lancement est n\u00e9anmoins envisag\u00e9 pour d\u00e9cembre ou janvier, soit apr\u00e8s la r\u00e9gularisation de l\u2019acte de vente. Une r\u00e9union rassemblant les parties prenantes se tiendra le 3\u00a0novembre prochain.\u2009\u00bb<\/p>\n<p>Votre r\u00e9gion, votre actu !<\/p>\n<p>Recevez chaque jour les infos qui comptent pour vous.<\/p>\n<p>\t<a href=\"https:\/\/actu.fr\/newsletter\" class=\"ac-btn ac-btn--corner ac-btn--medium ac-btn--blue800\" rel=\"nofollow noopener\" target=\"_blank\">S&rsquo;incrire<\/a><br \/>\nLes Carmes, un quartier marqu\u00e9 par les risques d\u2019effondrement<\/p>\n<p class=\" wall-content\">Pour rappel, ce ne sont pas les seuls immeubles dans le quartier des Carmes \u00e0 avoir connu des avaries.<\/p>\n<p class=\" wall-content\">Le 9\u00a0avril dernier, les num\u00e9ros\u00a08 et\u00a010 de la rue des Filatiers ont \u00e9t\u00e9 \u00e9vacu\u00e9s. <a href=\"https:\/\/actu.fr\/occitanie\/toulouse_31555\/toulouse-un-immeuble-fragilise-en-centre-ville-une-rue-coupee-et-en-partie-evacuee_62489166.html\" rel=\"nofollow noopener\" target=\"_blank\">Le 10 \u00e9tait particuli\u00e8rement fragilis\u00e9<\/a>, selon les mots des pompiers.<\/p>\n<p class=\" wall-content\">En ao\u00fbt\u00a02020, l\u2019<a href=\"https:\/\/actu.fr\/occitanie\/toulouse_31555\/toulouse-immeuble-commence-effondrer-centre-ville-metro-partiellement-interrompu_35326163.html\" rel=\"nofollow noopener\" target=\"_blank\">immeuble au 2 rue de la Fonderie mena\u00e7ait de s\u2019effondrer<\/a>. La m\u00eame ann\u00e9e, il y a \u00e9galement eu un risque d\u2019effondrement rue Temponi\u00e8res. Et en novembre\u00a02019, c\u2019est la <strong>toiture d\u2019un immeuble<\/strong> qui s\u2019effondrait rue Cujas.<\/p>\n<p class=\" wall-content\">Personnalisez votre actualit\u00e9 en ajoutant vos villes et m\u00e9dias en favori avec <a href=\"https:\/\/moncompte.actu.fr\" title=\"D\u00e9couvez Mon Actu\" rel=\"nofollow noopener\" data-trk=\"{&quot;cta&quot;:{&quot;action&quot;:&quot;https:\\\/\\\/moncompte.actu.fr&quot;,&quot;category&quot;:&quot;mon compte&quot;,&quot;from&quot;:&quot;article footer&quot;,&quot;name&quot;:&quot;Mon actu&quot;,&quot;type&quot;:&quot;cta&quot;}}\" target=\"_blank\">Mon Actu<\/a>.<\/p>\n","protected":false},"excerpt":{"rendered":"Par Margot Fournie Publi\u00e9 le 29 oct. 2025 \u00e0 12h10 Rien ne semble avoir chang\u00e9 aux num\u00e9ros\u00a012 et\u00a014&hellip;\n","protected":false},"author":2,"featured_media":497565,"comment_status":"","ping_status":"","sticky":false,"template":"","format":"standard","meta":{"footnotes":""},"categories":[2816],"tags":[1111,11,1777,674,1011,27,12,2680,25,104,2312,2086],"class_list":{"0":"post-497564","1":"post","2":"type-post","3":"status-publish","4":"format-standard","5":"has-post-thumbnail","7":"category-toulouse","8":"tag-actu","9":"tag-actualites","10":"tag-eu","11":"tag-europe","12":"tag-fr","13":"tag-france","14":"tag-news","15":"tag-occitanie","16":"tag-republique-francaise","17":"tag-societe","18":"tag-toulouse","19":"tag-travaux"},"share_on_mastodon":{"url":"https:\/\/pubeurope.com\/@fr\/115457179345499963","error":""},"_links":{"self":[{"href":"https:\/\/www.europesays.com\/fr\/wp-json\/wp\/v2\/posts\/497564","targetHints":{"allow":["GET"]}}],"collection":[{"href":"https:\/\/www.europesays.com\/fr\/wp-json\/wp\/v2\/posts"}],"about":[{"href":"https:\/\/www.europesays.com\/fr\/wp-json\/wp\/v2\/types\/post"}],"author":[{"embeddable":true,"href":"https:\/\/www.europesays.com\/fr\/wp-json\/wp\/v2\/users\/2"}],"replies":[{"embeddable":true,"href":"https:\/\/www.europesays.com\/fr\/wp-json\/wp\/v2\/comments?post=497564"}],"version-history":[{"count":0,"href":"https:\/\/www.europesays.com\/fr\/wp-json\/wp\/v2\/posts\/497564\/revisions"}],"wp:featuredmedia":[{"embeddable":true,"href":"https:\/\/www.europesays.com\/fr\/wp-json\/wp\/v2\/media\/497565"}],"wp:attachment":[{"href":"https:\/\/www.europesays.com\/fr\/wp-json\/wp\/v2\/media?parent=497564"}],"wp:term":[{"taxonomy":"category","embeddable":true,"href":"https:\/\/www.europesays.com\/fr\/wp-json\/wp\/v2\/categories?post=497564"},{"taxonomy":"post_tag","embeddable":true,"href":"https:\/\/www.europesays.com\/fr\/wp-json\/wp\/v2\/tags?post=497564"}],"curies":[{"name":"wp","href":"https:\/\/api.w.org\/{rel}","templated":true}]}}