{"id":497568,"date":"2025-10-29T11:19:26","date_gmt":"2025-10-29T11:19:26","guid":{"rendered":"https:\/\/www.europesays.com\/fr\/497568\/"},"modified":"2025-10-29T11:19:26","modified_gmt":"2025-10-29T11:19:26","slug":"diffusion-nice-lille-a-quelle-heure-et-sur-quelle-chaine-voir-le-match-en-direct-et-en-streaming","status":"publish","type":"post","link":"https:\/\/www.europesays.com\/fr\/497568\/","title":{"rendered":"Diffusion Nice \u2013 Lille : \u00e0 quelle heure et sur quelle cha\u00eene voir le match en direct et en streaming ?"},"content":{"rendered":"<p class=\"paragraph text_align_left lp-f-body-02\">Ce mercredi, ne manquez pas le choc Nice \u2013 Lille, l\u2019une des rencontres les plus attendues de la dixi\u00e8me journ\u00e9e de championnat. \u00c0 l\u2019heure actuelle, Nice occupe la huiti\u00e8me place du classement avec quatorze points au compteur. Les Aiglons totalisent quatre victoires, deux nuls et trois d\u00e9faites, et affichent une diff\u00e9rence de buts n\u00e9gative (-1). C\u00f4t\u00e9 effectif, Jonathan Clauss est d\u2019ores et d\u00e9j\u00e0 forfait en raison d\u2019une blessure au genou. En Europe, Nice reste sur trois revers cons\u00e9cutifs contre la Roma, le Fenerbah\u00e7e SK et le Celta Vigo. En face, Lille se maintient dans le top 5 avec dix-sept points. Apr\u00e8s avoir conc\u00e9d\u00e9 un nul au PSG (1-1), les Dogues ont retrouv\u00e9 le chemin de la victoire en s\u2019imposant contre Nantes (0-2) et Metz (6-1). Pour ce d\u00e9placement, l\u2019effectif de Bruno G\u00e9n\u00e9sio est r\u00e9duit. L\u2019entra\u00eeneur des Dogues ne pourra pas s\u2019appuyer sur Marc-Aur\u00e8le Caillard, \u00c9than Mbapp\u00e9, Alexsandro et Ousmane Tour\u00e9. Quant \u00e0 Olivier Giroud, l\u2019international tricolore reste incertain. En UEFA Europa League, Lille prend la onzi\u00e8me place avec deux victoires et une d\u00e9faite \u00e0 son actif. Dans ces lignes on vous dit \u00e0 quelle heure et sur quelle cha\u00eene voir le match Nice \u2013 Lille en direct et en streaming.<\/p>\n<p>Diffusion Nice \u2013 Lille en direct : sur quelle cha\u00eene regarder le match ?<\/p>\n<p class=\"paragraph text_align_left lp-f-body-02\"><b>Le match qui oppose Nice et Lille est diffus\u00e9 ce mercredi 29 octobre <\/b><a href=\"https:\/\/www.tkqlhce.com\/click-100434109-17139035\" target=\"_blank\" rel=\"sponsored nofollow noopener\"><b>en direct sur Ligue 1+<\/b><\/a><b>. Le coup d\u2019envoi de la rencontre est pr\u00e9vu \u00e0 19h \u00e0 l\u2019Allianz Riviera.<\/b> L\u2019arbitre Bastien Dechepy a \u00e9t\u00e9 d\u00e9sign\u00e9 pour diriger la confrontation. Il sera assist\u00e9 d\u2019Alexandre Castro et de C\u00e9dric Dos Santos \u00e0 la VAR.<\/p>\n<p class=\"paragraph text_align_left lp-f-body-02\"><b>Cliquez ici pour <\/b><a href=\"https:\/\/www.tkqlhce.com\/click-100434109-17139035\" target=\"_blank\" rel=\"sponsored nofollow noopener\"><b>regarder le match sur Ligue 1+<\/b><\/a><\/p>\n<p class=\"paragraph text_align_left lp-f-body-02\"><b>Abonnement Ligue 1+ en direct : <\/b><a href=\"https:\/\/www.tkqlhce.com\/click-100434109-17139035\" rel=\"sponsored nofollow noopener\" target=\"_blank\"><b>\u00e0 partir de 9,99\u20ac\/mois<\/b><\/a><\/p>\n<p class=\"paragraph text_align_left lp-f-body-02\"><b>Abonnement Ligue 1+ et DAZN : <\/b><a href=\"https:\/\/dazn.prf.hn\/click\/camref:1011lSfUI\" rel=\"sponsored nofollow noopener\" target=\"_blank\"><b>\u00e0 partir de 16,99\u20ac\/mois<\/b><\/a><\/p>\n<p class=\"paragraph text_align_left lp-f-body-02\"><b>Abonnement Ligue 1+ et RMC Sport : <\/b><a href=\"https:\/\/www.awin1.com\/awclick.php?gid=448180&amp;mid=33125&amp;awinaffid=467845&amp;linkid=3247029&amp;clickref=\" rel=\"sponsored nofollow noopener\" target=\"_blank\"><b>\u00e0 partir de 19\u20ac\/mois<\/b><\/a><\/p>\n<p class=\"paragraph text_align_left lp-f-body-02\"><b>Abonnement Ligue 1+ via Prime Video : <\/b><a href=\"https:\/\/www.primevideo.com\/offers\/?benefitId=ligueonefr&amp;?tag=lepar03-21\" rel=\"sponsored nofollow noopener\" target=\"_blank\"><b>\u00e0 partir de 14,99 \u20ac\/mois<\/b><\/a><\/p>\n","protected":false},"excerpt":{"rendered":"Ce mercredi, ne manquez pas le choc Nice \u2013 Lille, l\u2019une des rencontres les plus attendues de la&hellip;\n","protected":false},"author":2,"featured_media":497569,"comment_status":"","ping_status":"","sticky":false,"template":"","format":"standard","meta":{"footnotes":""},"categories":[2815],"tags":[1111,11,61993,1777,674,1011,27,749,811,66,1307,12,25,128,6718],"class_list":{"0":"post-497568","1":"post","2":"type-post","3":"status-publish","4":"format-standard","5":"has-post-thumbnail","7":"category-lille","8":"tag-actu","9":"tag-actualites","10":"tag-diffusion-nice-lille","11":"tag-eu","12":"tag-europe","13":"tag-fr","14":"tag-france","15":"tag-guide-shopping","16":"tag-hauts-de-france","17":"tag-ligue-1","18":"tag-lille","19":"tag-news","20":"tag-republique-francaise","21":"tag-streaming","22":"tag-tv-streaming"},"share_on_mastodon":{"url":"https:\/\/pubeurope.com\/@fr\/115457187121859238","error":""},"_links":{"self":[{"href":"https:\/\/www.europesays.com\/fr\/wp-json\/wp\/v2\/posts\/497568","targetHints":{"allow":["GET"]}}],"collection":[{"href":"https:\/\/www.europesays.com\/fr\/wp-json\/wp\/v2\/posts"}],"about":[{"href":"https:\/\/www.europesays.com\/fr\/wp-json\/wp\/v2\/types\/post"}],"author":[{"embeddable":true,"href":"https:\/\/www.europesays.com\/fr\/wp-json\/wp\/v2\/users\/2"}],"replies":[{"embeddable":true,"href":"https:\/\/www.europesays.com\/fr\/wp-json\/wp\/v2\/comments?post=497568"}],"version-history":[{"count":0,"href":"https:\/\/www.europesays.com\/fr\/wp-json\/wp\/v2\/posts\/497568\/revisions"}],"wp:featuredmedia":[{"embeddable":true,"href":"https:\/\/www.europesays.com\/fr\/wp-json\/wp\/v2\/media\/497569"}],"wp:attachment":[{"href":"https:\/\/www.europesays.com\/fr\/wp-json\/wp\/v2\/media?parent=497568"}],"wp:term":[{"taxonomy":"category","embeddable":true,"href":"https:\/\/www.europesays.com\/fr\/wp-json\/wp\/v2\/categories?post=497568"},{"taxonomy":"post_tag","embeddable":true,"href":"https:\/\/www.europesays.com\/fr\/wp-json\/wp\/v2\/tags?post=497568"}],"curies":[{"name":"wp","href":"https:\/\/api.w.org\/{rel}","templated":true}]}}